{"id":12645,"date":"2021-03-13T11:38:53","date_gmt":"2021-03-13T14:38:53","guid":{"rendered":"https:\/\/dioceseteixeiradefreitas.com.br\/?p=12645"},"modified":"2021-03-13T11:38:53","modified_gmt":"2021-03-13T14:38:53","slug":"saiba-como-sera-a-celebracao-e-vivencia-do-ano-de-sao-jose-na-diocese","status":"publish","type":"post","link":"https:\/\/dioceseteixeiradefreitas.com.br\/?p=12645","title":{"rendered":"Saiba como ser\u00e1 a celebra\u00e7\u00e3o e viv\u00eancia do Ano de S\u00e3o Jos\u00e9 na Diocese"},"content":{"rendered":"<figure id=\"attachment_12646\" aria-describedby=\"caption-attachment-12646\" style=\"width: 1080px\" class=\"wp-caption aligncenter\"><img loading=\"lazy\" decoding=\"async\" class=\"wp-image-12646 size-full\" src=\"https:\/\/dioceseteixeiradefreitas.com.br\/wp-content\/uploads\/2021\/03\/s\u00e3o-jos\u00e9.png\" alt=\"\" width=\"1080\" height=\"1080\" srcset=\"https:\/\/dioceseteixeiradefreitas.com.br\/wp-content\/uploads\/2021\/03\/s\u00e3o-jos\u00e9.png 1080w, https:\/\/dioceseteixeiradefreitas.com.br\/wp-content\/uploads\/2021\/03\/s\u00e3o-jos\u00e9-300x300.png 300w, https:\/\/dioceseteixeiradefreitas.com.br\/wp-content\/uploads\/2021\/03\/s\u00e3o-jos\u00e9-1024x1024.png 1024w, https:\/\/dioceseteixeiradefreitas.com.br\/wp-content\/uploads\/2021\/03\/s\u00e3o-jos\u00e9-150x150.png 150w, https:\/\/dioceseteixeiradefreitas.com.br\/wp-content\/uploads\/2021\/03\/s\u00e3o-jos\u00e9-768x768.png 768w, https:\/\/dioceseteixeiradefreitas.com.br\/wp-content\/uploads\/2021\/03\/s\u00e3o-jos\u00e9-600x600.png 600w, https:\/\/dioceseteixeiradefreitas.com.br\/wp-content\/uploads\/2021\/03\/s\u00e3o-jos\u00e9-100x100.png 100w\" sizes=\"auto, (max-width: 1080px) 100vw, 1080px\" \/><figcaption id=\"caption-attachment-12646\" class=\"wp-caption-text\">Ano dedicado a S\u00e3o Jos\u00e9 &#8211; Imagem: PASCOM\/Divulga\u00e7\u00e3o<\/figcaption><\/figure>\n<h2 style=\"text-align: center;\">Dom Jailton de Oliveira Lino, psdp<br \/>\nPor merc\u00ea de Deus e da Santa S\u00e9 Apost\u00f3lica<br \/>\nBispo de Teixeira de Freitas\/Caravelas<\/h2>\n<h4 style=\"text-align: center;\">\nDisp\u00f5e sobre a celebra\u00e7\u00e3o e viv\u00eancia do Ano de S\u00e3o Jos\u00e9 na Diocese de<br \/>\nTeixeira de Freitas\/Caravelas<\/h4>\n<p><strong>Considerando<\/strong> que o Santo Padre, o Papa Francisco determinou o Ano de S\u00e3o Jos\u00e9 para toda a Igreja, por ocasi\u00e3o da comemora\u00e7\u00e3o dos 150 anos da declara\u00e7\u00e3o de S\u00e3o Jos\u00e9 como Padroeiro da Igreja Cat\u00f3lica, pela Bula Quemadmodum Deus, de 08 de dezembro de 1870, pelo Papa Pio IX;<\/p>\n<p><strong>Considerando<\/strong> que por desejo do Santo Padre este ano tivesse seu in\u00edcio em 08 de dezembro de 2020 e sua conclus\u00e3o em 08 de dezembro de 2021;<\/p>\n<p><strong>Considerando<\/strong> a promulga\u00e7\u00e3o da Carta Apost\u00f3lica Patris Corde que apresenta S\u00e3o Jos\u00e9 como aquele que \u201csabe transformar um problema numa oportunidade, antepondo sempre a sua confian\u00e7a na Provid\u00eancia Divina\u201d.<\/p>\n<p><strong>Determinamos<\/strong> que, em profunda comunh\u00e3o com Sua Santidade e com espirito de devo\u00e7\u00e3o por S\u00e3o Jos\u00e9, algumas manifesta\u00e7\u00f5es sejam observadas no territ\u00f3rio da nossa diocese ao longo deste ano de gra\u00e7a, a saber:<\/p>\n<ol>\n<li>Celebrar Missa Votiva em honra a S\u00e3o Jos\u00e9, no dia 19 de cada m\u00eas respeitando as orienta\u00e7\u00f5es do Tempo Lit\u00fargico;<\/li>\n<li>As comunidades, Quase Par\u00f3quias e Par\u00f3quias que tiverem como padroeiro a S\u00e3o Jos\u00e9 celebrem com muita solenidade e devo\u00e7\u00e3o a Solenidade de seu Padroeiro;<\/li>\n<li>No dia 1\u00ba de maio, em todas as igrejas onde houver a celebra\u00e7\u00e3o eucar\u00edstica que sejam aben\u00e7oados os mais diversos tipos de trabalhadores;<\/li>\n<li>As Par\u00f3quias incentivem cursos de forma\u00e7\u00e3o sobre a figura de S\u00e3o Jos\u00e9 levando em considera\u00e7\u00e3o a Carta Apost\u00f3lica Patris Corde;<\/li>\n<li>Intensificar a ora\u00e7\u00e3o a S\u00e3o Jos\u00e9 durante este ano;<\/li>\n<li>Concluir o Ano de S\u00e3o Jos\u00e9, na nossa diocese, no dia 09 de dezembro de 2021, na Igreja Matriz da Par\u00f3quia S\u00e3o Jos\u00e9, em Teixeira de Freitas, com presen\u00e7a de todo o clero, seminaristas, religiosos\/religiosas, bem como todo o povo de Deus.<\/li>\n<\/ol>\n<p><strong>Rogamos<\/strong> a S\u00e3o Jos\u00e9 que aben\u00e7oe e acompanhe toda a Igreja, nossa Diocese e nos ajude a viver a fidelidade que ele t\u00e3o bem soube viver.<\/p>\n<p><strong>Dado<\/strong> e passado em nossa C\u00faria Diocesana, aos 11 de mar\u00e7o de dois mil e vinte e um.<\/p>\n<p>Deus aben\u00e7oe a todos!<\/p>\n<p style=\"text-align: center;\">\nDom Jailton de Oliveira Lino, psdp<br \/>\nBispo Diocesano<\/p>\n<p style=\"text-align: center;\">Pe. Roberto Pereira da Silva<br \/>\nChanceler do Bispado<\/p>\n<p style=\"text-align: center;\"><strong><a href=\"https:\/\/dioceseteixeiradefreitas.com.br\/wp-content\/uploads\/2021\/03\/Ano-de-S\u00e3o-Jos\u00e9.pdf\" target=\"_blank\" rel=\"noopener noreferrer\">Confira a nota AQUI<\/a><\/strong><\/p>\n<h2 style=\"text-align: center;\">Ora\u00e7\u00e3o a S\u00e3o Jos\u00e9<\/h2>\n<p style=\"text-align: center;\">Salve, guardi\u00e3o do Redentor<br \/>\ne esposo da Virgem Maria!<br \/>\nA v\u00f3s, Deus confiou o seu Filho;<br \/>\nem v\u00f3s, Maria depositou a sua confian\u00e7a;<br \/>\nconvosco, Cristo tornou-Se homem.<br \/>\n\u00d3 Bem-aventurado Jos\u00e9, mostrai-vos pai tamb\u00e9m para n\u00f3s<br \/>\ne guiai-nos no caminho da vida.<br \/>\nAlcan\u00e7ai-nos gra\u00e7a, miseric\u00f3rdia e coragem,<br \/>\ne defendei-nos de todo o mal. Am\u00e9m<\/p>\n","protected":false},"excerpt":{"rendered":"<p>Dom Jailton de Oliveira Lino, psdp Por merc\u00ea de Deus e da Santa S\u00e9 Apost\u00f3lica Bispo de Teixeira de Freitas\/Caravelas Disp\u00f5e sobre a celebra\u00e7\u00e3o e viv\u00eancia do Ano de S\u00e3o Jos\u00e9 na Diocese de Teixeira de Freitas\/Caravelas Considerando que o Santo Padre, o Papa Francisco determinou o Ano de S\u00e3o Jos\u00e9 para toda a Igreja, &hellip;<\/p>\n","protected":false},"author":1,"featured_media":12646,"comment_status":"closed","ping_status":"closed","sticky":false,"template":"","format":"standard","meta":{"footnotes":""},"categories":[51],"tags":[796,550,686,71,797],"class_list":["post-12645","post","type-post","status-publish","format-standard","has-post-thumbnail","hentry","category-notas","tag-ano-de-sao-jose","tag-dom-jailton-de-oliveira-lino","tag-nota","tag-papa-francisco","tag-sao-jose"],"_links":{"self":[{"href":"https:\/\/dioceseteixeiradefreitas.com.br\/index.php?rest_route=\/wp\/v2\/posts\/12645","targetHints":{"allow":["GET"]}}],"collection":[{"href":"https:\/\/dioceseteixeiradefreitas.com.br\/index.php?rest_route=\/wp\/v2\/posts"}],"about":[{"href":"https:\/\/dioceseteixeiradefreitas.com.br\/index.php?rest_route=\/wp\/v2\/types\/post"}],"author":[{"embeddable":true,"href":"https:\/\/dioceseteixeiradefreitas.com.br\/index.php?rest_route=\/wp\/v2\/users\/1"}],"replies":[{"embeddable":true,"href":"https:\/\/dioceseteixeiradefreitas.com.br\/index.php?rest_route=%2Fwp%2Fv2%2Fcomments&post=12645"}],"version-history":[{"count":1,"href":"https:\/\/dioceseteixeiradefreitas.com.br\/index.php?rest_route=\/wp\/v2\/posts\/12645\/revisions"}],"predecessor-version":[{"id":12648,"href":"https:\/\/dioceseteixeiradefreitas.com.br\/index.php?rest_route=\/wp\/v2\/posts\/12645\/revisions\/12648"}],"wp:featuredmedia":[{"embeddable":true,"href":"https:\/\/dioceseteixeiradefreitas.com.br\/index.php?rest_route=\/wp\/v2\/media\/12646"}],"wp:attachment":[{"href":"https:\/\/dioceseteixeiradefreitas.com.br\/index.php?rest_route=%2Fwp%2Fv2%2Fmedia&parent=12645"}],"wp:term":[{"taxonomy":"category","embeddable":true,"href":"https:\/\/dioceseteixeiradefreitas.com.br\/index.php?rest_route=%2Fwp%2Fv2%2Fcategories&post=12645"},{"taxonomy":"post_tag","embeddable":true,"href":"https:\/\/dioceseteixeiradefreitas.com.br\/index.php?rest_route=%2Fwp%2Fv2%2Ftags&post=12645"}],"curies":[{"name":"wp","href":"https:\/\/api.w.org\/{rel}","templated":true}]}}