{"id":12873,"date":"2021-04-06T11:44:22","date_gmt":"2021-04-06T14:44:22","guid":{"rendered":"https:\/\/dioceseteixeiradefreitas.com.br\/?p=12873"},"modified":"2021-04-06T11:55:06","modified_gmt":"2021-04-06T14:55:06","slug":"nota-oficial-estado-de-saude-de-dom-jailton-de-oliveira-lino","status":"publish","type":"post","link":"https:\/\/dioceseteixeiradefreitas.com.br\/?p=12873","title":{"rendered":"NOTA OFICIAL: Estado de sa\u00fade de Dom Jailton de Oliveira Lino"},"content":{"rendered":"<p><img loading=\"lazy\" decoding=\"async\" class=\"aligncenter wp-image-4771\" src=\"https:\/\/dioceseteixeiradefreitas.com.br\/wp-content\/uploads\/2018\/04\/Bras\u00e3o_F_Branco_Pequeno.jpg\" alt=\"\" width=\"389\" height=\"389\" srcset=\"https:\/\/dioceseteixeiradefreitas.com.br\/wp-content\/uploads\/2018\/04\/Bras\u00e3o_F_Branco_Pequeno.jpg 500w, https:\/\/dioceseteixeiradefreitas.com.br\/wp-content\/uploads\/2018\/04\/Bras\u00e3o_F_Branco_Pequeno-300x300.jpg 300w, https:\/\/dioceseteixeiradefreitas.com.br\/wp-content\/uploads\/2018\/04\/Bras\u00e3o_F_Branco_Pequeno-100x100.jpg 100w, https:\/\/dioceseteixeiradefreitas.com.br\/wp-content\/uploads\/2018\/04\/Bras\u00e3o_F_Branco_Pequeno-150x150.jpg 150w\" sizes=\"auto, (max-width: 389px) 100vw, 389px\" \/><\/p>\n<p>Queridos(as) irm\u00e3os(as) diocesanos,<\/p>\n<p>Conforme orienta\u00e7\u00f5es m\u00e9dicas, o Dom Jailton de Oliveira Lino, psdp, 56 anos, foi internado no hospital Sobrasa em Teixeira de Freitas-BA para melhor ser acompanhado durante o tratamento contra a Covid-19. Seu estado segue est\u00e1vel e necessita de repouso.<\/p>\n<p>Outras informa\u00e7\u00f5es a respeito do estado cl\u00ednico do Dom Jailton ser\u00e3o repassadas posteriormente, logo ap\u00f3s o comunicado do hospital.<\/p>\n<p>Continuemos elevando a Deus e a Virgem Sant\u00edssima nossas ora\u00e7\u00f5es em favor dele, dos demais doentes e todos enfermos!<\/p>\n<p>Novas informa\u00e7\u00f5es ser\u00e3o oportunamente divulgadas em nosso site.<\/p>\n<p style=\"text-align: right;\">Teixeira de Freitas, 06 de abril de 2021<\/p>\n<p style=\"text-align: center;\">Pe. Paulo Santos Sales<br \/>\n<strong>Vig\u00e1rio Geral<\/strong><\/p>\n<h3 style=\"text-align: center;\"><span class=\"cb-justified-justify\"><b>Confira a nota na \u00edntegra: <\/b><\/span><a href=\"https:\/\/dioceseteixeiradefreitas.com.br\/wp-content\/uploads\/2021\/04\/NOTA-SOBRE-O-ESTADO-DE-SA\u00daDE-DE-DOM-JAILTON.pdf\" target=\"_blank\" rel=\"noopener noreferrer\"><strong>Cliqu<\/strong><strong>e Aqui<\/strong><\/a><\/h3>\n<div class=\"XzvDs _208Ie tFDi5 blog-post-text-font blog-post-text-color _2QAo- _25MYV _6RI6N tFDi5\"><\/div>\n","protected":false},"excerpt":{"rendered":"<p>Queridos(as) irm\u00e3os(as) diocesanos, Conforme orienta\u00e7\u00f5es m\u00e9dicas, o Dom Jailton de Oliveira Lino, psdp, 56 anos, foi internado no hospital Sobrasa em Teixeira de Freitas-BA para melhor ser acompanhado durante o tratamento contra a Covid-19. Seu estado segue est\u00e1vel e necessita de repouso. Outras informa\u00e7\u00f5es a respeito do estado cl\u00ednico do Dom Jailton ser\u00e3o repassadas posteriormente, &hellip;<\/p>\n","protected":false},"author":1,"featured_media":6129,"comment_status":"closed","ping_status":"closed","sticky":false,"template":"","format":"standard","meta":{"footnotes":""},"categories":[51],"tags":[524,550,686,65,141,814],"class_list":["post-12873","post","type-post","status-publish","format-standard","has-post-thumbnail","hentry","category-notas","tag-covid-19","tag-dom-jailton-de-oliveira-lino","tag-nota","tag-nota-oficial","tag-noticias-diocesanas","tag-saude-de-dom-jailton"],"_links":{"self":[{"href":"https:\/\/dioceseteixeiradefreitas.com.br\/index.php?rest_route=\/wp\/v2\/posts\/12873","targetHints":{"allow":["GET"]}}],"collection":[{"href":"https:\/\/dioceseteixeiradefreitas.com.br\/index.php?rest_route=\/wp\/v2\/posts"}],"about":[{"href":"https:\/\/dioceseteixeiradefreitas.com.br\/index.php?rest_route=\/wp\/v2\/types\/post"}],"author":[{"embeddable":true,"href":"https:\/\/dioceseteixeiradefreitas.com.br\/index.php?rest_route=\/wp\/v2\/users\/1"}],"replies":[{"embeddable":true,"href":"https:\/\/dioceseteixeiradefreitas.com.br\/index.php?rest_route=%2Fwp%2Fv2%2Fcomments&post=12873"}],"version-history":[{"count":2,"href":"https:\/\/dioceseteixeiradefreitas.com.br\/index.php?rest_route=\/wp\/v2\/posts\/12873\/revisions"}],"predecessor-version":[{"id":12876,"href":"https:\/\/dioceseteixeiradefreitas.com.br\/index.php?rest_route=\/wp\/v2\/posts\/12873\/revisions\/12876"}],"wp:featuredmedia":[{"embeddable":true,"href":"https:\/\/dioceseteixeiradefreitas.com.br\/index.php?rest_route=\/wp\/v2\/media\/6129"}],"wp:attachment":[{"href":"https:\/\/dioceseteixeiradefreitas.com.br\/index.php?rest_route=%2Fwp%2Fv2%2Fmedia&parent=12873"}],"wp:term":[{"taxonomy":"category","embeddable":true,"href":"https:\/\/dioceseteixeiradefreitas.com.br\/index.php?rest_route=%2Fwp%2Fv2%2Fcategories&post=12873"},{"taxonomy":"post_tag","embeddable":true,"href":"https:\/\/dioceseteixeiradefreitas.com.br\/index.php?rest_route=%2Fwp%2Fv2%2Ftags&post=12873"}],"curies":[{"name":"wp","href":"https:\/\/api.w.org\/{rel}","templated":true}]}}