{"id":12877,"date":"2021-04-06T22:10:00","date_gmt":"2021-04-07T01:10:00","guid":{"rendered":"https:\/\/dioceseteixeiradefreitas.com.br\/?p=12877"},"modified":"2021-04-06T22:15:05","modified_gmt":"2021-04-07T01:15:05","slug":"participe-da-festa-da-misericordia","status":"publish","type":"post","link":"https:\/\/dioceseteixeiradefreitas.com.br\/?p=12877","title":{"rendered":"Participe da Festa da Miseric\u00f3rdia"},"content":{"rendered":"<figure id=\"attachment_12879\" aria-describedby=\"caption-attachment-12879\" style=\"width: 1134px\" class=\"wp-caption aligncenter\"><img loading=\"lazy\" decoding=\"async\" class=\"wp-image-12879 size-full\" src=\"https:\/\/dioceseteixeiradefreitas.com.br\/wp-content\/uploads\/2021\/04\/AnyConv.com__festa-1.png\" alt=\"\" width=\"1134\" height=\"1065\" srcset=\"https:\/\/dioceseteixeiradefreitas.com.br\/wp-content\/uploads\/2021\/04\/AnyConv.com__festa-1.png 1134w, https:\/\/dioceseteixeiradefreitas.com.br\/wp-content\/uploads\/2021\/04\/AnyConv.com__festa-1-300x282.png 300w, https:\/\/dioceseteixeiradefreitas.com.br\/wp-content\/uploads\/2021\/04\/AnyConv.com__festa-1-1024x962.png 1024w, https:\/\/dioceseteixeiradefreitas.com.br\/wp-content\/uploads\/2021\/04\/AnyConv.com__festa-1-768x721.png 768w, https:\/\/dioceseteixeiradefreitas.com.br\/wp-content\/uploads\/2021\/04\/AnyConv.com__festa-1-600x563.png 600w\" sizes=\"auto, (max-width: 1134px) 100vw, 1134px\" \/><figcaption id=\"caption-attachment-12879\" class=\"wp-caption-text\">Festa da Divina Miseric\u00f3rdia &#8211; Imagem: PASCOM S\u00c3O PEDRO\/Divulga\u00e7\u00e3o<\/figcaption><\/figure>\n<p>A Igreja celebra no 2\u00ba Domingo da P\u00e1scoa a Festa da Miseric\u00f3rdia. Para celebrar os festejos, as Irm\u00e3s Servas Adoradoras da Miseric\u00f3rdia realizar\u00e3o no pr\u00f3ximo domingo (11), a tradicional festa da Divina Miseric\u00f3rdia.<\/p>\n<figure id=\"attachment_12880\" aria-describedby=\"caption-attachment-12880\" style=\"width: 1134px\" class=\"wp-caption aligncenter\"><img loading=\"lazy\" decoding=\"async\" class=\"wp-image-12880 size-full\" src=\"https:\/\/dioceseteixeiradefreitas.com.br\/wp-content\/uploads\/2021\/04\/AnyConv.com__festa-2.png\" alt=\"\" width=\"1134\" height=\"1172\" srcset=\"https:\/\/dioceseteixeiradefreitas.com.br\/wp-content\/uploads\/2021\/04\/AnyConv.com__festa-2.png 1134w, https:\/\/dioceseteixeiradefreitas.com.br\/wp-content\/uploads\/2021\/04\/AnyConv.com__festa-2-290x300.png 290w, https:\/\/dioceseteixeiradefreitas.com.br\/wp-content\/uploads\/2021\/04\/AnyConv.com__festa-2-991x1024.png 991w, https:\/\/dioceseteixeiradefreitas.com.br\/wp-content\/uploads\/2021\/04\/AnyConv.com__festa-2-768x794.png 768w, https:\/\/dioceseteixeiradefreitas.com.br\/wp-content\/uploads\/2021\/04\/AnyConv.com__festa-2-600x620.png 600w\" sizes=\"auto, (max-width: 1134px) 100vw, 1134px\" \/><figcaption id=\"caption-attachment-12880\" class=\"wp-caption-text\">Carreata da Miseric\u00f3rdia &#8211; Imagem: PASCOM S\u00c3O PEDRO\/Divulga\u00e7\u00e3o<\/figcaption><\/figure>\n<p>O encontro ter\u00e1 in\u00edcio \u00e0s 08h, com a grande <em>Carreata da Miseric\u00f3rdia<\/em>, onde os fieis poder\u00e3o participar dentro de seus autom\u00f3veis, saindo da Catedral S\u00e3o Pedro em Teixeira de Freitas, rezando o ter\u00e7o da miseric\u00f3rdia, passando pelo centro da cidade em frente aos hospitais, consagrando nossa diocese debaixo dos raios da miseric\u00f3rdia do Senhor. A partir das 13h, tamb\u00e9m na Catedral acontece uma prega\u00e7\u00e3o com \u00e0s Irm\u00e3s Servas Adoradoras da Miseric\u00f3rdia e o encerramento com a Santa Missa \u00e0s 16h.<\/p>\n<p>O encontro \u00e9 limitado. Devido \u00e0 pandemia do Coronav\u00edrus, os fi\u00e9is que desejarem participar do encontro a tarde dever\u00e3o fazer o <a href=\"https:\/\/dioceseteixeiradefreitas.com.br\/agendamento\/\" target=\"_blank\" rel=\"noopener noreferrer\">agendamento pr\u00e9vio no site da Diocese e selecionar a Par\u00f3quia S\u00e3o Pedro<\/a>.<\/p>\n<p><strong>A FESTA DA MISERIC\u00d3RDIA<\/strong><\/p>\n<p>O Papa Jo\u00e3o Paulo II, em 2000, instituiu a Festa da Miseric\u00f3rdia para toda a Igreja, decretando que, a partir de ent\u00e3o, o Segundo Domingo da P\u00e1scoa se passasse a chamar Domingo da Divina Miseric\u00f3rdia. Este \u00e9 um convite perene para um mundo crist\u00e3o enfrentar com confian\u00e7a, na benevol\u00eancia divina, as dificuldades e as provas que esperam o g\u00eanero humano dos anos que vir\u00e3o.<\/p>\n<p>Santa Faustina, que \u00e9 conhecida como a mensageira da Divina Miseric\u00f3rdia, recebeu revela\u00e7\u00f5es m\u00edsticas nas quais Jesus revelou seu cora\u00e7\u00e3o, a fonte de\u00a0<b>miseric\u00f3rdia<\/b>, e expressou Seu desejo que fosse estabelecido esta festa. Onde se manifesta a Miseric\u00f3rdia de Deus? A miseric\u00f3rdia Divina de Deus se manifesta em Jesus. Ele que morre na cruz por n\u00f3s, Jesus que mostra as chagas da crucifix\u00e3o para n\u00f3s abre seus bra\u00e7os, sopra o Esp\u00edrito Santo e d\u00e1 a miss\u00e3o para a Igreja de reconcilia\u00e7\u00e3o. No Evangelho desse domingo, Jesus nos diz\u00a0<b>\u201cA quem perdoares seus pecados, eles ser\u00e3o perdoados. A quem os retiveres, eles ser\u00e3o retidos\u201d.<\/b>\u00a0Jesus \u00e9 a miseric\u00f3rdia de Deus encarnada.<\/p>\n<p>Por PASCOM S\u00e3o Pedro<\/p>\n","protected":false},"excerpt":{"rendered":"<p>A Igreja celebra no 2\u00ba Domingo da P\u00e1scoa a Festa da Miseric\u00f3rdia. Para celebrar os festejos, as Irm\u00e3s Servas Adoradoras da Miseric\u00f3rdia realizar\u00e3o no pr\u00f3ximo domingo (11), a tradicional festa da Divina Miseric\u00f3rdia. O encontro ter\u00e1 in\u00edcio \u00e0s 08h, com a grande Carreata da Miseric\u00f3rdia, onde os fieis poder\u00e3o participar dentro de seus autom\u00f3veis, saindo &hellip;<\/p>\n","protected":false},"author":1,"featured_media":12879,"comment_status":"closed","ping_status":"closed","sticky":false,"template":"","format":"standard","meta":{"footnotes":""},"categories":[100],"tags":[59,815,57,816],"class_list":["post-12877","post","type-post","status-publish","format-standard","has-post-thumbnail","hentry","category-noticias-diocesanas","tag-catedral-sao-pedro","tag-festa-da-misericordia","tag-forania-sao-pedro","tag-irmas-servasadora"],"_links":{"self":[{"href":"https:\/\/dioceseteixeiradefreitas.com.br\/index.php?rest_route=\/wp\/v2\/posts\/12877","targetHints":{"allow":["GET"]}}],"collection":[{"href":"https:\/\/dioceseteixeiradefreitas.com.br\/index.php?rest_route=\/wp\/v2\/posts"}],"about":[{"href":"https:\/\/dioceseteixeiradefreitas.com.br\/index.php?rest_route=\/wp\/v2\/types\/post"}],"author":[{"embeddable":true,"href":"https:\/\/dioceseteixeiradefreitas.com.br\/index.php?rest_route=\/wp\/v2\/users\/1"}],"replies":[{"embeddable":true,"href":"https:\/\/dioceseteixeiradefreitas.com.br\/index.php?rest_route=%2Fwp%2Fv2%2Fcomments&post=12877"}],"version-history":[{"count":5,"href":"https:\/\/dioceseteixeiradefreitas.com.br\/index.php?rest_route=\/wp\/v2\/posts\/12877\/revisions"}],"predecessor-version":[{"id":12884,"href":"https:\/\/dioceseteixeiradefreitas.com.br\/index.php?rest_route=\/wp\/v2\/posts\/12877\/revisions\/12884"}],"wp:featuredmedia":[{"embeddable":true,"href":"https:\/\/dioceseteixeiradefreitas.com.br\/index.php?rest_route=\/wp\/v2\/media\/12879"}],"wp:attachment":[{"href":"https:\/\/dioceseteixeiradefreitas.com.br\/index.php?rest_route=%2Fwp%2Fv2%2Fmedia&parent=12877"}],"wp:term":[{"taxonomy":"category","embeddable":true,"href":"https:\/\/dioceseteixeiradefreitas.com.br\/index.php?rest_route=%2Fwp%2Fv2%2Fcategories&post=12877"},{"taxonomy":"post_tag","embeddable":true,"href":"https:\/\/dioceseteixeiradefreitas.com.br\/index.php?rest_route=%2Fwp%2Fv2%2Ftags&post=12877"}],"curies":[{"name":"wp","href":"https:\/\/api.w.org\/{rel}","templated":true}]}}