{"id":12909,"date":"2021-04-12T09:51:44","date_gmt":"2021-04-12T12:51:44","guid":{"rendered":"https:\/\/dioceseteixeiradefreitas.com.br\/?p=12909"},"modified":"2021-04-12T09:51:59","modified_gmt":"2021-04-12T12:51:59","slug":"58a-assembleia-geral-da-cnbb-tem-inicio-na-segunda-feira-dia-12-de-abril-saiba-como-acompanhar","status":"publish","type":"post","link":"https:\/\/dioceseteixeiradefreitas.com.br\/?p=12909","title":{"rendered":"58\u00aa ASSEMBLEIA GERAL DA CNBB TEM IN\u00cdCIO NA SEGUNDA-FEIRA, DIA 12 DE ABRIL. SAIBA COMO ACOMPANHAR"},"content":{"rendered":"<figure id=\"attachment_12910\" aria-describedby=\"caption-attachment-12910\" style=\"width: 1280px\" class=\"wp-caption aligncenter\"><img loading=\"lazy\" decoding=\"async\" class=\"wp-image-12910 size-full\" src=\"https:\/\/dioceseteixeiradefreitas.com.br\/wp-content\/uploads\/2021\/04\/WhatsApp-Image-2021-04-09-at-15.44.01-1.jpeg\" alt=\"\" width=\"1280\" height=\"719\" srcset=\"https:\/\/dioceseteixeiradefreitas.com.br\/wp-content\/uploads\/2021\/04\/WhatsApp-Image-2021-04-09-at-15.44.01-1.jpeg 1280w, https:\/\/dioceseteixeiradefreitas.com.br\/wp-content\/uploads\/2021\/04\/WhatsApp-Image-2021-04-09-at-15.44.01-1-300x169.jpeg 300w, https:\/\/dioceseteixeiradefreitas.com.br\/wp-content\/uploads\/2021\/04\/WhatsApp-Image-2021-04-09-at-15.44.01-1-1024x575.jpeg 1024w, https:\/\/dioceseteixeiradefreitas.com.br\/wp-content\/uploads\/2021\/04\/WhatsApp-Image-2021-04-09-at-15.44.01-1-768x431.jpeg 768w, https:\/\/dioceseteixeiradefreitas.com.br\/wp-content\/uploads\/2021\/04\/WhatsApp-Image-2021-04-09-at-15.44.01-1-390x220.jpeg 390w, https:\/\/dioceseteixeiradefreitas.com.br\/wp-content\/uploads\/2021\/04\/WhatsApp-Image-2021-04-09-at-15.44.01-1-600x337.jpeg 600w\" sizes=\"auto, (max-width: 1280px) 100vw, 1280px\" \/><figcaption id=\"caption-attachment-12910\" class=\"wp-caption-text\">58\u00aa Assembleia Geral da Confer\u00eancia Nacional dos Bispos do Brasil &#8211; Imagem: CNBB\/Reprodu\u00e7\u00e3o<\/figcaption><\/figure>\n<p>De 12 a 16 de abril, o episcopado brasileiro participa da 58\u00aa Assembleia Geral da Confer\u00eancia Nacional dos Bispos do Brasil (AGCNBB). Este encontro \u00e9 sinal e instrumento de colegialidade, do afeto episcopal e da busca de comunh\u00e3o entre as Igrejas particulares do pa\u00eds, especialmente no \u00e2mbito da a\u00e7\u00e3o evangelizadora.<\/p>\n<p>Pela primeira vez, o encontro ser\u00e1 realizado de forma on-line em raz\u00e3o da pandemia. O tema geral deste encontro \u00e9\u00a0<strong>\u201cCasas da Palavra \u2013 Anima\u00e7\u00e3o b\u00edblica da vida e da pastoral nas comunidades eclesiais mission\u00e1rias\u201d.<\/strong><\/p>\n<p>Os bispos v\u00e3o aprofundar ainda cerca de outros 30 assuntos, entre os quais a an\u00e1lise de conjuntura; o Ano Vocacional previsto para 2023; os anos tem\u00e1ticos de S\u00e3o Jos\u00e9 e Fam\u00edlia Amoris Laetitia, convocados pelo Papa Francisco; o Col\u00e9gio Pio Brasileiro, as Comiss\u00f5es, organismos e Regionais; a cria\u00e7\u00e3o do Regional Leste 3, as Edi\u00e7\u00f5es CNBB, o Fundo Nacional de Solidariedade (FNS) e a pandemia do novo coronav\u00edrus.<\/p>\n<h3><strong>Acompanhe a reuni\u00e3o do episcopado brasileiro<\/strong><\/h3>\n<p>Toda a programa\u00e7\u00e3o (abaixo) poder\u00e1 ser acompanhada pelas redes sociais da CNBB, no Facebook (<a href=\"https:\/\/www.facebook.com\/cnbbnacional\/\" target=\"_blank\" rel=\"noopener noreferrer\">https:\/\/www.facebook.com\/cnbbnacional\/<\/a>) e no Youtube: (<a href=\"https:\/\/www.youtube.com\/cnbbnacional\" target=\"_blank\" rel=\"noopener noreferrer\" data-rel=\"lightbox-video-0\">https:\/\/www.youtube.com\/cnbbnacional<\/a>).<\/p>\n<p><strong>Missa di\u00e1ria<\/strong><\/p>\n<p>\u00c0s 7h ocorrer\u00e1 uma missa di\u00e1ria que ser\u00e1 transmitida, direto da capela Nossa Senhora Aparecida na sede da CNBB, pelos canais cat\u00f3licos de TV:\u00a0 Rede Vida \u2013 di\u00e1rio; TV Aparecida \u2013 di\u00e1rio; TV Pai Eterno \u2013 di\u00e1rio; TV Horizonte \u2013 di\u00e1rio; TV Imaculada (r\u00e1dio e tv) \u2013 di\u00e1rio; TV Can\u00e7\u00e3o Nova \u2013 di\u00e1rio; TV Evangelizar \u2013 dias 12 e 16\/04.<\/p>\n<p><strong>Temas do dia<\/strong><\/p>\n<p>Diariamente, \u00e0s 13h,<strong>\u00a0<\/strong>tr\u00eas bispos indicados pela presid\u00eancia da entidade v\u00e3o apresentar os temas centrais abordados na pauta da Assembleia.<\/p>\n<p><strong>Boletim di\u00e1rio<\/strong><\/p>\n<p>A Assessoria de Comunica\u00e7\u00e3o da CNBB produzir\u00e1 diariamente uma edi\u00e7\u00e3o especial do Boletim Igreja no Brasil com a principais not\u00edcias e debates do dia, sempre com a presen\u00e7a de um bispo convidado. Poder\u00e1 ser acompanhado \u00e0s 19h.<\/p>\n","protected":false},"excerpt":{"rendered":"<p>De 12 a 16 de abril, o episcopado brasileiro participa da 58\u00aa Assembleia Geral da Confer\u00eancia Nacional dos Bispos do Brasil (AGCNBB). Este encontro \u00e9 sinal e instrumento de colegialidade, do afeto episcopal e da busca de comunh\u00e3o entre as Igrejas particulares do pa\u00eds, especialmente no \u00e2mbito da a\u00e7\u00e3o evangelizadora. Pela primeira vez, o encontro &hellip;<\/p>\n","protected":false},"author":1,"featured_media":12910,"comment_status":"closed","ping_status":"closed","sticky":false,"template":"","format":"standard","meta":{"footnotes":""},"categories":[104],"tags":[818,817,706,191],"class_list":["post-12909","post","type-post","status-publish","format-standard","has-post-thumbnail","hentry","category-noticias-da-cnbb","tag-assembleia-geral","tag-assembleia-geral-da-cnbb","tag-bispos-do-brasil","tag-cnbb"],"_links":{"self":[{"href":"https:\/\/dioceseteixeiradefreitas.com.br\/index.php?rest_route=\/wp\/v2\/posts\/12909","targetHints":{"allow":["GET"]}}],"collection":[{"href":"https:\/\/dioceseteixeiradefreitas.com.br\/index.php?rest_route=\/wp\/v2\/posts"}],"about":[{"href":"https:\/\/dioceseteixeiradefreitas.com.br\/index.php?rest_route=\/wp\/v2\/types\/post"}],"author":[{"embeddable":true,"href":"https:\/\/dioceseteixeiradefreitas.com.br\/index.php?rest_route=\/wp\/v2\/users\/1"}],"replies":[{"embeddable":true,"href":"https:\/\/dioceseteixeiradefreitas.com.br\/index.php?rest_route=%2Fwp%2Fv2%2Fcomments&post=12909"}],"version-history":[{"count":2,"href":"https:\/\/dioceseteixeiradefreitas.com.br\/index.php?rest_route=\/wp\/v2\/posts\/12909\/revisions"}],"predecessor-version":[{"id":12912,"href":"https:\/\/dioceseteixeiradefreitas.com.br\/index.php?rest_route=\/wp\/v2\/posts\/12909\/revisions\/12912"}],"wp:featuredmedia":[{"embeddable":true,"href":"https:\/\/dioceseteixeiradefreitas.com.br\/index.php?rest_route=\/wp\/v2\/media\/12910"}],"wp:attachment":[{"href":"https:\/\/dioceseteixeiradefreitas.com.br\/index.php?rest_route=%2Fwp%2Fv2%2Fmedia&parent=12909"}],"wp:term":[{"taxonomy":"category","embeddable":true,"href":"https:\/\/dioceseteixeiradefreitas.com.br\/index.php?rest_route=%2Fwp%2Fv2%2Fcategories&post=12909"},{"taxonomy":"post_tag","embeddable":true,"href":"https:\/\/dioceseteixeiradefreitas.com.br\/index.php?rest_route=%2Fwp%2Fv2%2Ftags&post=12909"}],"curies":[{"name":"wp","href":"https:\/\/api.w.org\/{rel}","templated":true}]}}