{"id":12992,"date":"2021-04-25T16:24:46","date_gmt":"2021-04-25T19:24:46","guid":{"rendered":"https:\/\/dioceseteixeiradefreitas.com.br\/?p=12992"},"modified":"2021-04-25T16:24:46","modified_gmt":"2021-04-25T19:24:46","slug":"paroquia-sao-jose-operario-em-teixeira-de-freitas-realiza-novenario-e-festa-em-honra-ao-padroeiro","status":"publish","type":"post","link":"https:\/\/dioceseteixeiradefreitas.com.br\/?p=12992","title":{"rendered":"Par\u00f3quia S\u00e3o Jos\u00e9 Oper\u00e1rio em Teixeira de Freitas realiza noven\u00e1rio e festa em honra ao padroeiro"},"content":{"rendered":"<p><img loading=\"lazy\" decoding=\"async\" class=\"aligncenter size-full wp-image-12994\" src=\"https:\/\/dioceseteixeiradefreitas.com.br\/wp-content\/uploads\/2021\/04\/Prog-2.png\" alt=\"\" width=\"1280\" height=\"988\" srcset=\"https:\/\/dioceseteixeiradefreitas.com.br\/wp-content\/uploads\/2021\/04\/Prog-2.png 1280w, https:\/\/dioceseteixeiradefreitas.com.br\/wp-content\/uploads\/2021\/04\/Prog-2-300x232.png 300w, https:\/\/dioceseteixeiradefreitas.com.br\/wp-content\/uploads\/2021\/04\/Prog-2-1024x790.png 1024w, https:\/\/dioceseteixeiradefreitas.com.br\/wp-content\/uploads\/2021\/04\/Prog-2-768x593.png 768w, https:\/\/dioceseteixeiradefreitas.com.br\/wp-content\/uploads\/2021\/04\/Prog-2-600x463.png 600w\" sizes=\"auto, (max-width: 1280px) 100vw, 1280px\" \/><\/p>\n<p>\u00c0 luz do tema \u201cS\u00e3o Jos\u00e9 Oper\u00e1rio, Patrono Universal da Igreja e modelo dos trabalhadores\u201d, a Par\u00f3quia S\u00e3o Jos\u00e9 Oper\u00e1rio, em Teixeira de Freitas, realiza, de 22 a 30 de abril, o noven\u00e1rio em prepara\u00e7\u00e3o \u00e0 festa do padroeiro, que ocorre em 1\u00ba de maio. Todos os dias padres convidados participar\u00e3o presidindo as celebra\u00e7\u00f5es que ser\u00e3o transmitidas pela PASCOM por meio do Facebook e YouTube da par\u00f3quia (<a href=\"https:\/\/www.facebook.com\/paroquiasaojoseoperariotx\/\" target=\"_blank\" rel=\"noopener noreferrer\">facebook.com\/paroquiasaojoseoperariotx<\/a>), sendo nos finais de semana \u00e0s 18h e de segunda a sexta: 19h. Na v\u00e9spera &#8211; dia 30 de abril, o Bispo Diocesano Dom Jailton, preside a celebra\u00e7\u00e3o \u00e0s 19h na Igreja Matriz.<\/p>\n<p>No dia do padroeiro &#8211; 1\u00ba de Maio, \u00e0s 06h acontece a tradicional alvorada com queima de\u00a0fogos e no badalar dos sinos da Igreja. J\u00e1 \u00e0s 18h, o administrador paroquial, Pe. Rog\u00e9rio Gon\u00e7alves preside a Missa Solene. Participe dessa festa!<\/p>\n<p><strong>Ora\u00e7\u00e3o a S\u00e3o Jos\u00e9 Oper\u00e1rio<\/strong><\/p>\n<p>Glorioso S\u00e3o Jos\u00e9, modelo de todos os que se dedicam ao trabalho, obtende-me a gra\u00e7a de trabalhar com esp\u00edrito de penit\u00eancia para expia\u00e7\u00e3o de meus numerosos pecados;<\/p>\n<p>De trabalhar com consci\u00eancia, pondo o culto do dever acima de minhas inclina\u00e7\u00f5es;<\/p>\n<p>De trabalhar com recolhimento e alegria, olhando como uma honra empregar e desenvolver pelo trabalho os dons recebidos de Deus;<\/p>\n<p>De trabalhar com ordem, paz, modera\u00e7\u00e3o e paci\u00eancia, sem nunca recuar perante o cansa\u00e7o e as dificuldades;<\/p>\n<p>De trabalhar, sobretudo com pureza de inten\u00e7\u00e3o e com desapego de mim mesmo, tendo sempre diante dos olhos a morte e a conta que deverei dar do tempo perdido, dos talentos inutilizados, do bem omitido e da v\u00e3 complac\u00eancia nos sucessos, t\u00e3o funesta \u00e0 obra de Deus!<\/p>\n<p>Tudo por Jesus, tudo por Maria, tudo \u00e0 vossa imita\u00e7\u00e3o, oh! Patriarca S\u00e3o Jos\u00e9!<\/p>\n<p>Tal ser\u00e1 a minha divisa na\u00a0vida\u00a0e na morte. Am\u00e9m.<\/p>\n<p>[su_note note_color=&#8221;#f3d318&#8243; text_color=&#8221;#ffffff&#8221;]Confira a programa\u00e7\u00e3o completa:[\/su_note]<\/p>\n<p><img loading=\"lazy\" decoding=\"async\" class=\"aligncenter size-full wp-image-12993\" src=\"https:\/\/dioceseteixeiradefreitas.com.br\/wp-content\/uploads\/2021\/04\/Prog-1.png\" alt=\"\" width=\"1080\" height=\"849\" srcset=\"https:\/\/dioceseteixeiradefreitas.com.br\/wp-content\/uploads\/2021\/04\/Prog-1.png 1080w, https:\/\/dioceseteixeiradefreitas.com.br\/wp-content\/uploads\/2021\/04\/Prog-1-300x236.png 300w, https:\/\/dioceseteixeiradefreitas.com.br\/wp-content\/uploads\/2021\/04\/Prog-1-1024x805.png 1024w, https:\/\/dioceseteixeiradefreitas.com.br\/wp-content\/uploads\/2021\/04\/Prog-1-768x604.png 768w, https:\/\/dioceseteixeiradefreitas.com.br\/wp-content\/uploads\/2021\/04\/Prog-1-600x472.png 600w\" sizes=\"auto, (max-width: 1080px) 100vw, 1080px\" \/><\/p>\n","protected":false},"excerpt":{"rendered":"<p>\u00c0 luz do tema \u201cS\u00e3o Jos\u00e9 Oper\u00e1rio, Patrono Universal da Igreja e modelo dos trabalhadores\u201d, a Par\u00f3quia S\u00e3o Jos\u00e9 Oper\u00e1rio, em Teixeira de Freitas, realiza, de 22 a 30 de abril, o noven\u00e1rio em prepara\u00e7\u00e3o \u00e0 festa do padroeiro, que ocorre em 1\u00ba de maio. Todos os dias padres convidados participar\u00e3o presidindo as celebra\u00e7\u00f5es que &hellip;<\/p>\n","protected":false},"author":1,"featured_media":12994,"comment_status":"closed","ping_status":"closed","sticky":false,"template":"","format":"standard","meta":{"footnotes":""},"categories":[310],"tags":[206,824,57,825,746,365],"class_list":["post-12992","post","type-post","status-publish","format-standard","has-post-thumbnail","hentry","category-noticias-paroquiais","tag-festa","tag-festa-de-sao-jose-operario-2021","tag-forania-sao-pedro","tag-padroeiro-sao-jose","tag-paroquia-sao-jose-operario","tag-teixeira-de-freitas"],"_links":{"self":[{"href":"https:\/\/dioceseteixeiradefreitas.com.br\/index.php?rest_route=\/wp\/v2\/posts\/12992","targetHints":{"allow":["GET"]}}],"collection":[{"href":"https:\/\/dioceseteixeiradefreitas.com.br\/index.php?rest_route=\/wp\/v2\/posts"}],"about":[{"href":"https:\/\/dioceseteixeiradefreitas.com.br\/index.php?rest_route=\/wp\/v2\/types\/post"}],"author":[{"embeddable":true,"href":"https:\/\/dioceseteixeiradefreitas.com.br\/index.php?rest_route=\/wp\/v2\/users\/1"}],"replies":[{"embeddable":true,"href":"https:\/\/dioceseteixeiradefreitas.com.br\/index.php?rest_route=%2Fwp%2Fv2%2Fcomments&post=12992"}],"version-history":[{"count":1,"href":"https:\/\/dioceseteixeiradefreitas.com.br\/index.php?rest_route=\/wp\/v2\/posts\/12992\/revisions"}],"predecessor-version":[{"id":12995,"href":"https:\/\/dioceseteixeiradefreitas.com.br\/index.php?rest_route=\/wp\/v2\/posts\/12992\/revisions\/12995"}],"wp:featuredmedia":[{"embeddable":true,"href":"https:\/\/dioceseteixeiradefreitas.com.br\/index.php?rest_route=\/wp\/v2\/media\/12994"}],"wp:attachment":[{"href":"https:\/\/dioceseteixeiradefreitas.com.br\/index.php?rest_route=%2Fwp%2Fv2%2Fmedia&parent=12992"}],"wp:term":[{"taxonomy":"category","embeddable":true,"href":"https:\/\/dioceseteixeiradefreitas.com.br\/index.php?rest_route=%2Fwp%2Fv2%2Fcategories&post=12992"},{"taxonomy":"post_tag","embeddable":true,"href":"https:\/\/dioceseteixeiradefreitas.com.br\/index.php?rest_route=%2Fwp%2Fv2%2Ftags&post=12992"}],"curies":[{"name":"wp","href":"https:\/\/api.w.org\/{rel}","templated":true}]}}