{"id":13030,"date":"2021-04-30T13:46:53","date_gmt":"2021-04-30T16:46:53","guid":{"rendered":"https:\/\/dioceseteixeiradefreitas.com.br\/?p=13030"},"modified":"2021-04-30T13:46:53","modified_gmt":"2021-04-30T16:46:53","slug":"pe-aldomiro-aciole-do-nascimento-araujo","status":"publish","type":"post","link":"https:\/\/dioceseteixeiradefreitas.com.br\/?p=13030","title":{"rendered":"PE. ALDOMIRO ACIOLE DO NASCIMENTO ARA\u00daJO"},"content":{"rendered":"<p>&nbsp;<\/p>\n<p style=\"text-align: center;\"><strong>Padre Aldomiro Aciole do Nascimento Ara\u00fajo<\/strong><br \/>\n<strong>Nascimento<\/strong>: 07\/04\/1973<br \/>\n<strong>Ordena\u00e7\u00e3o Sacerdotal<\/strong>: 13\/07\/2013<br \/>\n<strong>Par\u00f3quia Atual<\/strong>: S\u00e3o Benedito<br \/>\n<strong>Forania: S\u00e3o Jos\u00e9<\/strong><br \/>\n<strong>Munic\u00edpio<\/strong>: Posto da Mata<br \/>\n<strong>E-mail<\/strong>: aldomiro.aciole@dioceseteixeiradefreitas.com.br<\/p>\n","protected":false},"excerpt":{"rendered":"<p>&nbsp; Padre Aldomiro Aciole do Nascimento Ara\u00fajo Nascimento: 07\/04\/1973 Ordena\u00e7\u00e3o Sacerdotal: 13\/07\/2013 Par\u00f3quia Atual: S\u00e3o Benedito Forania: S\u00e3o Jos\u00e9 Munic\u00edpio: Posto da Mata E-mail: aldomiro.aciole@dioceseteixeiradefreitas.com.br<\/p>\n","protected":false},"author":1,"featured_media":13031,"comment_status":"closed","ping_status":"closed","sticky":false,"template":"","format":"standard","meta":{"footnotes":""},"categories":[48],"tags":[130],"class_list":["post-13030","post","type-post","status-publish","format-standard","has-post-thumbnail","hentry","category-padres-diocesanos","tag-pe-aldomiro"],"_links":{"self":[{"href":"https:\/\/dioceseteixeiradefreitas.com.br\/index.php?rest_route=\/wp\/v2\/posts\/13030","targetHints":{"allow":["GET"]}}],"collection":[{"href":"https:\/\/dioceseteixeiradefreitas.com.br\/index.php?rest_route=\/wp\/v2\/posts"}],"about":[{"href":"https:\/\/dioceseteixeiradefreitas.com.br\/index.php?rest_route=\/wp\/v2\/types\/post"}],"author":[{"embeddable":true,"href":"https:\/\/dioceseteixeiradefreitas.com.br\/index.php?rest_route=\/wp\/v2\/users\/1"}],"replies":[{"embeddable":true,"href":"https:\/\/dioceseteixeiradefreitas.com.br\/index.php?rest_route=%2Fwp%2Fv2%2Fcomments&post=13030"}],"version-history":[{"count":1,"href":"https:\/\/dioceseteixeiradefreitas.com.br\/index.php?rest_route=\/wp\/v2\/posts\/13030\/revisions"}],"predecessor-version":[{"id":13032,"href":"https:\/\/dioceseteixeiradefreitas.com.br\/index.php?rest_route=\/wp\/v2\/posts\/13030\/revisions\/13032"}],"wp:featuredmedia":[{"embeddable":true,"href":"https:\/\/dioceseteixeiradefreitas.com.br\/index.php?rest_route=\/wp\/v2\/media\/13031"}],"wp:attachment":[{"href":"https:\/\/dioceseteixeiradefreitas.com.br\/index.php?rest_route=%2Fwp%2Fv2%2Fmedia&parent=13030"}],"wp:term":[{"taxonomy":"category","embeddable":true,"href":"https:\/\/dioceseteixeiradefreitas.com.br\/index.php?rest_route=%2Fwp%2Fv2%2Fcategories&post=13030"},{"taxonomy":"post_tag","embeddable":true,"href":"https:\/\/dioceseteixeiradefreitas.com.br\/index.php?rest_route=%2Fwp%2Fv2%2Ftags&post=13030"}],"curies":[{"name":"wp","href":"https:\/\/api.w.org\/{rel}","templated":true}]}}