{"id":13033,"date":"2021-04-30T14:21:59","date_gmt":"2021-04-30T17:21:59","guid":{"rendered":"https:\/\/dioceseteixeiradefreitas.com.br\/?p=13033"},"modified":"2021-04-30T14:21:59","modified_gmt":"2021-04-30T17:21:59","slug":"pe-aelson-neves-de-jesus","status":"publish","type":"post","link":"https:\/\/dioceseteixeiradefreitas.com.br\/?p=13033","title":{"rendered":"PE. AELSON NEVES DE JESUS"},"content":{"rendered":"<p>&nbsp;<\/p>\n<p style=\"text-align: center;\"><strong>Padre Aelson Neves de Jesus<\/strong><br \/>\n<strong>Nascimento<\/strong>: 16\/12\/1976<br \/>\n<strong>Ordena\u00e7\u00e3o Sacerdotal<\/strong>: 26\/12\/2004<br \/>\n<strong>Par\u00f3quia Atual<\/strong>: Imaculada Concei\u00e7\u00e3o<br \/>\n<strong>Forania: S\u00e3o Jos\u00e9<\/strong><br \/>\n<strong>Munic\u00edpio<\/strong>: Nova Vi\u00e7osa<br \/>\n<strong>E-mail<\/strong>: aelson.neves@dioceseteixeiradefreitas.com.br<\/p>\n","protected":false},"excerpt":{"rendered":"<p>&nbsp; Padre Aelson Neves de Jesus Nascimento: 16\/12\/1976 Ordena\u00e7\u00e3o Sacerdotal: 26\/12\/2004 Par\u00f3quia Atual: Imaculada Concei\u00e7\u00e3o Forania: S\u00e3o Jos\u00e9 Munic\u00edpio: Nova Vi\u00e7osa E-mail: aelson.neves@dioceseteixeiradefreitas.com.br<\/p>\n","protected":false},"author":1,"featured_media":13034,"comment_status":"closed","ping_status":"closed","sticky":false,"template":"","format":"standard","meta":{"footnotes":""},"categories":[48],"tags":[88],"class_list":["post-13033","post","type-post","status-publish","format-standard","has-post-thumbnail","hentry","category-padres-diocesanos","tag-pe-aelson"],"_links":{"self":[{"href":"https:\/\/dioceseteixeiradefreitas.com.br\/index.php?rest_route=\/wp\/v2\/posts\/13033","targetHints":{"allow":["GET"]}}],"collection":[{"href":"https:\/\/dioceseteixeiradefreitas.com.br\/index.php?rest_route=\/wp\/v2\/posts"}],"about":[{"href":"https:\/\/dioceseteixeiradefreitas.com.br\/index.php?rest_route=\/wp\/v2\/types\/post"}],"author":[{"embeddable":true,"href":"https:\/\/dioceseteixeiradefreitas.com.br\/index.php?rest_route=\/wp\/v2\/users\/1"}],"replies":[{"embeddable":true,"href":"https:\/\/dioceseteixeiradefreitas.com.br\/index.php?rest_route=%2Fwp%2Fv2%2Fcomments&post=13033"}],"version-history":[{"count":2,"href":"https:\/\/dioceseteixeiradefreitas.com.br\/index.php?rest_route=\/wp\/v2\/posts\/13033\/revisions"}],"predecessor-version":[{"id":13083,"href":"https:\/\/dioceseteixeiradefreitas.com.br\/index.php?rest_route=\/wp\/v2\/posts\/13033\/revisions\/13083"}],"wp:featuredmedia":[{"embeddable":true,"href":"https:\/\/dioceseteixeiradefreitas.com.br\/index.php?rest_route=\/wp\/v2\/media\/13034"}],"wp:attachment":[{"href":"https:\/\/dioceseteixeiradefreitas.com.br\/index.php?rest_route=%2Fwp%2Fv2%2Fmedia&parent=13033"}],"wp:term":[{"taxonomy":"category","embeddable":true,"href":"https:\/\/dioceseteixeiradefreitas.com.br\/index.php?rest_route=%2Fwp%2Fv2%2Fcategories&post=13033"},{"taxonomy":"post_tag","embeddable":true,"href":"https:\/\/dioceseteixeiradefreitas.com.br\/index.php?rest_route=%2Fwp%2Fv2%2Ftags&post=13033"}],"curies":[{"name":"wp","href":"https:\/\/api.w.org\/{rel}","templated":true}]}}