{"id":13036,"date":"2021-04-30T16:22:32","date_gmt":"2021-04-30T19:22:32","guid":{"rendered":"https:\/\/dioceseteixeiradefreitas.com.br\/?p=13036"},"modified":"2021-04-30T16:22:32","modified_gmt":"2021-04-30T19:22:32","slug":"mensagem-do-presidente-da-cnbb-por-ocasiao-do-dia-do-trabalhador","status":"publish","type":"post","link":"https:\/\/dioceseteixeiradefreitas.com.br\/?p=13036","title":{"rendered":"Mensagem do presidente da CNBB por ocasi\u00e3o do Dia do Trabalhador"},"content":{"rendered":"<figure id=\"attachment_13040\" aria-describedby=\"caption-attachment-13040\" style=\"width: 1203px\" class=\"wp-caption aligncenter\"><img loading=\"lazy\" decoding=\"async\" class=\"wp-image-13040 size-full\" src=\"https:\/\/dioceseteixeiradefreitas.com.br\/wp-content\/uploads\/2021\/04\/Mensagem-do-Presidente-1o-de-Maio-2021.jpg\" alt=\"\" width=\"1203\" height=\"692\" srcset=\"https:\/\/dioceseteixeiradefreitas.com.br\/wp-content\/uploads\/2021\/04\/Mensagem-do-Presidente-1o-de-Maio-2021.jpg 1203w, https:\/\/dioceseteixeiradefreitas.com.br\/wp-content\/uploads\/2021\/04\/Mensagem-do-Presidente-1o-de-Maio-2021-300x173.jpg 300w, https:\/\/dioceseteixeiradefreitas.com.br\/wp-content\/uploads\/2021\/04\/Mensagem-do-Presidente-1o-de-Maio-2021-1024x589.jpg 1024w, https:\/\/dioceseteixeiradefreitas.com.br\/wp-content\/uploads\/2021\/04\/Mensagem-do-Presidente-1o-de-Maio-2021-768x442.jpg 768w, https:\/\/dioceseteixeiradefreitas.com.br\/wp-content\/uploads\/2021\/04\/Mensagem-do-Presidente-1o-de-Maio-2021-600x345.jpg 600w\" sizes=\"auto, (max-width: 1203px) 100vw, 1203px\" \/><figcaption id=\"caption-attachment-13040\" class=\"wp-caption-text\">Dom Walmor envia mensagem por ocasi\u00e3o do Dia do Trabalhador &#8211; Image: CNBB\/Reprodu\u00e7\u00e3o<\/figcaption><\/figure>\n<p>O presidente da Confer\u00eancia Nacional dos Bispos do Brasil (CNBB) e arcebispo de Belo Horizonte-MG, Dom Walmor Oliveira de Azevedo, divulgou, nesta sexta-feira, 30 de abril, uma v\u00eddeo-mensagem destinada aos trabalhadores e as trabalhadoras do Brasil, por ocasi\u00e3o do 1\u00ba de maio, neste s\u00e1bado, data que marca a conquista de direitos trabalhistas no mundo.<\/p>\n<p>Dom Walmor refor\u00e7ou que a data, celebrada no mesmo tempo em que a Igreja faz\u00a0 mem\u00f3ria de S\u00e3o Jos\u00e9 Oper\u00e1rio, interpela a Igreja a buscar formas de garantir trabalho digno a todos sem exclus\u00f5es. Dom Walmor dedica, em sua mensagem, especial aten\u00e7\u00e3o aos trabalhadores da sa\u00fade que t\u00eam doado a vida em favor dos doentes, prestando servi\u00e7os essenciais e contribuindo para mitigar os efeitos da pandemia.<\/p>\n<p>O presidente da CNBB lembrou tamb\u00e9m de cada trabalhador sem emprego, dos pequenos empreendedores angustiados pelas incertezas deste tempo e das fam\u00edlias sem renda m\u00ednima. Em celebra\u00e7\u00e3o ao dia dos trabalhadores e trabalhadoras, dom Walmor refor\u00e7a a convoca\u00e7\u00e3o \u00e0 Igreja no Brasil: \u201c\u00c9 Tempo de Cuidar, fortalecendo a nossa rede de solidariedade ao mesmo tempo que cobramos pol\u00edticas p\u00fablicas efetivas\u201d, disse.<\/p>\n<p><strong>Confira na \u00edntegra da mensagem do presidente da CNBB para o 1\u00ba de Maio:<\/strong><\/p>\n<p><iframe loading=\"lazy\" title=\"Mensagem do presidente da CNBB por ocasi\u00e3o do Dia do Trabalhador\" width=\"500\" height=\"281\" src=\"https:\/\/www.youtube.com\/embed\/I2evGQpXeaM?feature=oembed\" frameborder=\"0\" allow=\"accelerometer; autoplay; clipboard-write; encrypted-media; gyroscope; picture-in-picture; web-share\" referrerpolicy=\"strict-origin-when-cross-origin\" allowfullscreen><\/iframe><\/p>\n<div class=\"ast-oembed-container\">\n<div>\n<div>\n<div class=\"rll-youtube-player\" data-src=\"https:\/\/www.youtube.com\/embed\/I2evGQpXeaM\" data-id=\"I2evGQpXeaM\" data-query=\"rel=0\"><\/div>\n<\/div>\n<\/div>\n<\/div>\n","protected":false},"excerpt":{"rendered":"<p>O presidente da Confer\u00eancia Nacional dos Bispos do Brasil (CNBB) e arcebispo de Belo Horizonte-MG, Dom Walmor Oliveira de Azevedo, divulgou, nesta sexta-feira, 30 de abril, uma v\u00eddeo-mensagem destinada aos trabalhadores e as trabalhadoras do Brasil, por ocasi\u00e3o do 1\u00ba de maio, neste s\u00e1bado, data que marca a conquista de direitos trabalhistas no mundo. Dom &hellip;<\/p>\n","protected":false},"author":1,"featured_media":13040,"comment_status":"closed","ping_status":"closed","sticky":false,"template":"","format":"standard","meta":{"footnotes":""},"categories":[104],"tags":[191,834,833,685,832],"class_list":["post-13036","post","type-post","status-publish","format-standard","has-post-thumbnail","hentry","category-noticias-da-cnbb","tag-cnbb","tag-dia-dos-trabalhadores","tag-dom-walmor-oliveira","tag-mensagem-da-cnbb","tag-palavra-do-presidente"],"_links":{"self":[{"href":"https:\/\/dioceseteixeiradefreitas.com.br\/index.php?rest_route=\/wp\/v2\/posts\/13036","targetHints":{"allow":["GET"]}}],"collection":[{"href":"https:\/\/dioceseteixeiradefreitas.com.br\/index.php?rest_route=\/wp\/v2\/posts"}],"about":[{"href":"https:\/\/dioceseteixeiradefreitas.com.br\/index.php?rest_route=\/wp\/v2\/types\/post"}],"author":[{"embeddable":true,"href":"https:\/\/dioceseteixeiradefreitas.com.br\/index.php?rest_route=\/wp\/v2\/users\/1"}],"replies":[{"embeddable":true,"href":"https:\/\/dioceseteixeiradefreitas.com.br\/index.php?rest_route=%2Fwp%2Fv2%2Fcomments&post=13036"}],"version-history":[{"count":1,"href":"https:\/\/dioceseteixeiradefreitas.com.br\/index.php?rest_route=\/wp\/v2\/posts\/13036\/revisions"}],"predecessor-version":[{"id":13041,"href":"https:\/\/dioceseteixeiradefreitas.com.br\/index.php?rest_route=\/wp\/v2\/posts\/13036\/revisions\/13041"}],"wp:featuredmedia":[{"embeddable":true,"href":"https:\/\/dioceseteixeiradefreitas.com.br\/index.php?rest_route=\/wp\/v2\/media\/13040"}],"wp:attachment":[{"href":"https:\/\/dioceseteixeiradefreitas.com.br\/index.php?rest_route=%2Fwp%2Fv2%2Fmedia&parent=13036"}],"wp:term":[{"taxonomy":"category","embeddable":true,"href":"https:\/\/dioceseteixeiradefreitas.com.br\/index.php?rest_route=%2Fwp%2Fv2%2Fcategories&post=13036"},{"taxonomy":"post_tag","embeddable":true,"href":"https:\/\/dioceseteixeiradefreitas.com.br\/index.php?rest_route=%2Fwp%2Fv2%2Ftags&post=13036"}],"curies":[{"name":"wp","href":"https:\/\/api.w.org\/{rel}","templated":true}]}}