{"id":13071,"date":"2021-05-04T09:59:47","date_gmt":"2021-05-04T12:59:47","guid":{"rendered":"https:\/\/dioceseteixeiradefreitas.com.br\/?p=13071"},"modified":"2021-05-04T10:05:40","modified_gmt":"2021-05-04T13:05:40","slug":"noticias-diocesanas-maio-2021","status":"publish","type":"post","link":"https:\/\/dioceseteixeiradefreitas.com.br\/?p=13071","title":{"rendered":"Not\u00edcias Diocesanas &#8211; Maio\/2021"},"content":{"rendered":"<figure id=\"attachment_10252\" aria-describedby=\"caption-attachment-10252\" style=\"width: 6000px\" class=\"wp-caption aligncenter\"><img loading=\"lazy\" decoding=\"async\" class=\"wp-image-10252 size-full\" src=\"https:\/\/dioceseteixeiradefreitas.com.br\/wp-content\/uploads\/2020\/05\/Not\u00edcias-diocesanas.png\" alt=\"\" width=\"6000\" height=\"3720\" srcset=\"https:\/\/dioceseteixeiradefreitas.com.br\/wp-content\/uploads\/2020\/05\/Not\u00edcias-diocesanas.png 6000w, https:\/\/dioceseteixeiradefreitas.com.br\/wp-content\/uploads\/2020\/05\/Not\u00edcias-diocesanas-600x372.png 600w, https:\/\/dioceseteixeiradefreitas.com.br\/wp-content\/uploads\/2020\/05\/Not\u00edcias-diocesanas-300x186.png 300w, https:\/\/dioceseteixeiradefreitas.com.br\/wp-content\/uploads\/2020\/05\/Not\u00edcias-diocesanas-1024x635.png 1024w, https:\/\/dioceseteixeiradefreitas.com.br\/wp-content\/uploads\/2020\/05\/Not\u00edcias-diocesanas-768x476.png 768w, https:\/\/dioceseteixeiradefreitas.com.br\/wp-content\/uploads\/2020\/05\/Not\u00edcias-diocesanas-1536x952.png 1536w, https:\/\/dioceseteixeiradefreitas.com.br\/wp-content\/uploads\/2020\/05\/Not\u00edcias-diocesanas-2048x1270.png 2048w\" sizes=\"auto, (max-width: 6000px) 100vw, 6000px\" \/><figcaption id=\"caption-attachment-10252\" class=\"wp-caption-text\">Not\u00edcias Diocesanas \u2013 Imagem: PASCOM\/Divulga\u00e7\u00e3o<\/figcaption><\/figure>\n<h3 style=\"text-align: center;\"><strong>Maio<\/strong><br \/>\n<strong>\u00a0M\u00eas de Maria<\/strong><\/h3>\n<p>&nbsp;<\/p>\n<p>Queridos irm\u00e3os e irm\u00e3s:<\/p>\n<p>Sa\u00fade e paz!<\/p>\n<p>Estamos iniciando o m\u00eas de maio, dedicado \u00e0 Virgem Maria. Convoco a todos \u00e0 r\u00e9cita do ter\u00e7o em fam\u00edlia. Que bela pr\u00e1tica \u00e9 reunir a fam\u00edlia para rezar o ter\u00e7o. Como isso faz bem para todos.<\/p>\n<p><img loading=\"lazy\" decoding=\"async\" class=\"wp-image-13076 alignright\" src=\"https:\/\/dioceseteixeiradefreitas.com.br\/wp-content\/uploads\/2021\/05\/Nossa-Senhora-de-F\u00e1tima.jpg\" alt=\"\" width=\"308\" height=\"442\" srcset=\"https:\/\/dioceseteixeiradefreitas.com.br\/wp-content\/uploads\/2021\/05\/Nossa-Senhora-de-F\u00e1tima.jpg 402w, https:\/\/dioceseteixeiradefreitas.com.br\/wp-content\/uploads\/2021\/05\/Nossa-Senhora-de-F\u00e1tima-209x300.jpg 209w\" sizes=\"auto, (max-width: 308px) 100vw, 308px\" \/><\/p>\n<p>O Papa Francisco convida toda a humanidade a se unir a ele em ora\u00e7\u00e3o ao longo deste m\u00eas pelo fim da pandemia. Elevemos, portanto, nossas m\u00e3os aos c\u00e9us e procuremos viver este maio pr\u00f3ximos \u00e0 nossa querida M\u00e3e. Ela, como nas Bodas de Can\u00e1, h\u00e1 de interceder junto a Seu Filho por todos n\u00f3s.<\/p>\n<p>O m\u00eas de foi o m\u00eas mais mort\u00edfero dentro deste tempo de pandemia no nosso pa\u00eds. Morreram cerca de 82.000 pessoas aqui no Brasil de COVID 19&#8230; terr\u00edvel. Rezemos para que a vacina possa chegar o quanto antes e possa ser distribu\u00edda para todos.<\/p>\n<p>Eu, neste m\u00eas de abril fiquei recluso em casa, em tratamento, porque fui infectado pelo coronav\u00edrus. Gra\u00e7as a Deus e \u00e0s ora\u00e7\u00f5es de muitos de voc\u00eas consegui melhorar e j\u00e1 retornei ao trabalho. Agrade\u00e7o, de cora\u00e7\u00e3o a todos pelo carinho, pelas ora\u00e7\u00f5es e pelos gestos de fraternidade ao longo deste per\u00edodo de enfermidade. Deus aben\u00e7oe a todos.<\/p>\n<p>Que Nossa Senhora, a M\u00e3e de F\u00e1tima nos acompanhe ao longo deste m\u00eas e nos ajude a sermos bons disc\u00edpulos de Jesus Seu Filho.<\/p>\n<p>Deus aben\u00e7oe a todos e a todas.<\/p>\n<p>O vosso bispo e amigo.<\/p>\n<p>&nbsp;<\/p>\n<p style=\"text-align: center;\"><strong>Dom Jailton de Oliveira Lino, psdp<\/strong><br \/>\nBispo de Teixeira de Freitas\/Caravelas<\/p>\n<p>&nbsp;<\/p>\n<p><strong>1. Quase Par\u00f3quia S\u00e3o Jo\u00e3o Batista:<\/strong> Conforme noticiado no m\u00eas de mar\u00e7o, estaremos instalando a Quase Par\u00f3quia S\u00e3o Jo\u00e3o Batista <strong>15 de maio de 2021, \u00e0s 18h<\/strong> com celebra\u00e7\u00e3o eucar\u00edstica presidida por Dom Jailton na Igreja S\u00e3o Jo\u00e3o Batista.<\/p>\n<p>Dom Jailton de Oliveira Lino, tendo ouvido o Col\u00e9gio dos Consultores nomeia o Pe. Paulo S\u00e9rgio Gomes como Vig\u00e1rio da Par\u00f3quia Imaculada Concei\u00e7\u00e3o dando uma aten\u00e7\u00e3o especial a esta Quase Par\u00f3quia S\u00e3o Jo\u00e3o Batista. Na missa de instala\u00e7\u00e3o da Quase Par\u00f3quia o Pe. Paulo S\u00e9rgio ser\u00e1 apresentado \u00e0 comunidade.<\/p>\n<p>Desejamos ao Pe. Paulo S\u00e9rgio um aben\u00e7oado trabalho e que possamos, o quanto antes, criar a Par\u00f3quia S\u00e3o Jo\u00e3o Batista.<\/p>\n<p><strong>2. Quase Par\u00f3quia Santa Luzia \u2013 Itabat\u00e3: <\/strong>Dom Jailton de Oliveira Lino, tendo escutado o Col\u00e9gio dos Consultores nomeia o Pe. Homero Gomes Rebou\u00e7as como Vig\u00e1rio da par\u00f3quia S\u00e3o Jos\u00e9 Oper\u00e1rio de Itabat\u00e3 dando uma aten\u00e7\u00e3o particular \u00e0 Quase Par\u00f3quia Santa Luzia.<\/p>\n<p>A apresenta\u00e7\u00e3o do Pe. Homero na Quase Par\u00f3quia Santa Luzia acontecer\u00e1 no dia <strong>07 de maio de 2021, \u00e0s 19h<\/strong> em Missa presidida pelo Sr. Bispo Diocesano Dom Jailton de Oliveira Lino.<\/p>\n<p><strong>3. Admiss\u00e3o \u00e0s Ordens Sacras:<\/strong> o Esp\u00edrito Santo e n\u00f3s da Comiss\u00e3o Diocesana de Forma\u00e7\u00e3o e do Col\u00e9gio dos Consultores acolhemos o pedido para serem admitidos \u00e0s Ordens Sacras dos seguintes seminaristas: Diego Cl\u00e1udio de oliveira Monteiro, Giovane Souza Cruz, Henrique Santos Correia, Phellipe Moreira da F\u00e9, Rodrigo Rodrigues Vieira e Pedro Francisco Pereira Medeiros. Louvamos a Deus por estes nossos irm\u00e3os seminaristas que iniciaram o Curso de Teologia no in\u00edcio deste ano e por eles rezamos para que possam ser perseverantes neste caminho. A celebra\u00e7\u00e3o de acolhida ser\u00e1 no dia 26\/05\/2021, em Salvador.<\/p>\n<p><img loading=\"lazy\" decoding=\"async\" class=\"aligncenter wp-image-11362 \" src=\"https:\/\/dioceseteixeiradefreitas.com.br\/wp-content\/uploads\/2020\/10\/seminaristas.png\" alt=\"\" width=\"398\" height=\"223\" srcset=\"https:\/\/dioceseteixeiradefreitas.com.br\/wp-content\/uploads\/2020\/10\/seminaristas.png 342w, https:\/\/dioceseteixeiradefreitas.com.br\/wp-content\/uploads\/2020\/10\/seminaristas-300x168.png 300w\" sizes=\"auto, (max-width: 398px) 100vw, 398px\" \/>Agradecemos tamb\u00e9m por todos os Amigos e Amigas do Semin\u00e1rio que com suas ora\u00e7\u00f5es e doa\u00e7\u00e3os ajudam na forma\u00e7\u00e3o dos novos padres da nossa amada diocese. Deus aben\u00e7oe.<\/p>\n<p style=\"text-align: right;\"><em>Teixeira de Freitas, 03 de maio de 2021<\/em><\/p>\n<p><strong>\u00a0<\/strong><\/p>\n<p style=\"text-align: center;\"><strong>Pe. Roberto Pereira da Silva<\/strong><br \/>\nChanceler do Bispado<\/p>\n<p>[su_note note_color=&#8221;#f3d318&#8243; text_color=&#8221;#ffffff&#8221;]Confira o documento: <strong><a href=\"https:\/\/dioceseteixeiradefreitas.com.br\/wp-content\/uploads\/2021\/05\/NOT\u00cdCIAS-DIOCESANAS-MAIO-2021.pdf\" target=\"_blank\" rel=\"noopener noreferrer\">CLIQUE AQUI<\/a><\/strong>[\/su_note]<\/p>\n","protected":false},"excerpt":{"rendered":"<p>Maio \u00a0M\u00eas de Maria &nbsp; Queridos irm\u00e3os e irm\u00e3s: Sa\u00fade e paz! Estamos iniciando o m\u00eas de maio, dedicado \u00e0 Virgem Maria. Convoco a todos \u00e0 r\u00e9cita do ter\u00e7o em fam\u00edlia. Que bela pr\u00e1tica \u00e9 reunir a fam\u00edlia para rezar o ter\u00e7o. Como isso faz bem para todos. O Papa Francisco convida toda a humanidade &hellip;<\/p>\n","protected":false},"author":1,"featured_media":10252,"comment_status":"closed","ping_status":"closed","sticky":false,"template":"","format":"standard","meta":{"footnotes":""},"categories":[51,100],"tags":[335,550,836,686,141],"class_list":["post-13071","post","type-post","status-publish","format-standard","has-post-thumbnail","hentry","category-notas","category-noticias-diocesanas","tag-diocese-teixeira-de-freitas","tag-dom-jailton-de-oliveira-lino","tag-maio-de-mes-de-maria","tag-nota","tag-noticias-diocesanas"],"_links":{"self":[{"href":"https:\/\/dioceseteixeiradefreitas.com.br\/index.php?rest_route=\/wp\/v2\/posts\/13071","targetHints":{"allow":["GET"]}}],"collection":[{"href":"https:\/\/dioceseteixeiradefreitas.com.br\/index.php?rest_route=\/wp\/v2\/posts"}],"about":[{"href":"https:\/\/dioceseteixeiradefreitas.com.br\/index.php?rest_route=\/wp\/v2\/types\/post"}],"author":[{"embeddable":true,"href":"https:\/\/dioceseteixeiradefreitas.com.br\/index.php?rest_route=\/wp\/v2\/users\/1"}],"replies":[{"embeddable":true,"href":"https:\/\/dioceseteixeiradefreitas.com.br\/index.php?rest_route=%2Fwp%2Fv2%2Fcomments&post=13071"}],"version-history":[{"count":4,"href":"https:\/\/dioceseteixeiradefreitas.com.br\/index.php?rest_route=\/wp\/v2\/posts\/13071\/revisions"}],"predecessor-version":[{"id":13077,"href":"https:\/\/dioceseteixeiradefreitas.com.br\/index.php?rest_route=\/wp\/v2\/posts\/13071\/revisions\/13077"}],"wp:featuredmedia":[{"embeddable":true,"href":"https:\/\/dioceseteixeiradefreitas.com.br\/index.php?rest_route=\/wp\/v2\/media\/10252"}],"wp:attachment":[{"href":"https:\/\/dioceseteixeiradefreitas.com.br\/index.php?rest_route=%2Fwp%2Fv2%2Fmedia&parent=13071"}],"wp:term":[{"taxonomy":"category","embeddable":true,"href":"https:\/\/dioceseteixeiradefreitas.com.br\/index.php?rest_route=%2Fwp%2Fv2%2Fcategories&post=13071"},{"taxonomy":"post_tag","embeddable":true,"href":"https:\/\/dioceseteixeiradefreitas.com.br\/index.php?rest_route=%2Fwp%2Fv2%2Ftags&post=13071"}],"curies":[{"name":"wp","href":"https:\/\/api.w.org\/{rel}","templated":true}]}}