{"id":13082,"date":"2021-05-10T11:32:28","date_gmt":"2021-05-10T14:32:28","guid":{"rendered":"https:\/\/dioceseteixeiradefreitas.com.br\/?p=13082"},"modified":"2021-12-16T10:07:38","modified_gmt":"2021-12-16T13:07:38","slug":"pe-benoy-joseph-cmi","status":"publish","type":"post","link":"https:\/\/dioceseteixeiradefreitas.com.br\/?p=13082","title":{"rendered":"PE. BENOY JOSEPH (CMI)"},"content":{"rendered":"<p style=\"text-align: center;\"><strong>Padre Benoy Joseph<\/strong><br \/>\n<strong>Congrega\u00e7\u00e3o:<\/strong> <a href=\"http:\/\/cmi.org.in\/\">Carmelitas de Maria Imaculada<\/a><br \/>\n<strong>Nascimento<\/strong>: 27\/01\/1983<br \/>\n<strong>Ordena\u00e7\u00e3o Sacerdotal<\/strong>: 01\/01\/2014<br \/>\n<strong>Par\u00f3quia Atual<\/strong>: S\u00e3o Paulo Ap\u00f3stolo<br \/>\n<strong>Forania: S\u00e3o Pedro<\/strong><br \/>\n<strong>Munic\u00edpio<\/strong>: Teixeira de Freitas<br \/>\n<strong>E-mail<\/strong>: benoy.joseph@dioceseteixeiradefreitas.com.br<\/p>\n","protected":false},"excerpt":{"rendered":"<p>Padre Benoy Joseph Congrega\u00e7\u00e3o: Carmelitas de Maria Imaculada Nascimento: 27\/01\/1983 Ordena\u00e7\u00e3o Sacerdotal: 01\/01\/2014 Par\u00f3quia Atual: S\u00e3o Paulo Ap\u00f3stolo Forania: S\u00e3o Pedro Munic\u00edpio: Teixeira de Freitas E-mail: benoy.joseph@dioceseteixeiradefreitas.com.br<\/p>\n","protected":false},"author":1,"featured_media":13084,"comment_status":"closed","ping_status":"closed","sticky":false,"template":"","format":"standard","meta":{"footnotes":""},"categories":[481],"tags":[637],"class_list":["post-13082","post","type-post","status-publish","format-standard","has-post-thumbnail","hentry","category-padres-religiosos","tag-pe-benoy-joseph"],"_links":{"self":[{"href":"https:\/\/dioceseteixeiradefreitas.com.br\/index.php?rest_route=\/wp\/v2\/posts\/13082","targetHints":{"allow":["GET"]}}],"collection":[{"href":"https:\/\/dioceseteixeiradefreitas.com.br\/index.php?rest_route=\/wp\/v2\/posts"}],"about":[{"href":"https:\/\/dioceseteixeiradefreitas.com.br\/index.php?rest_route=\/wp\/v2\/types\/post"}],"author":[{"embeddable":true,"href":"https:\/\/dioceseteixeiradefreitas.com.br\/index.php?rest_route=\/wp\/v2\/users\/1"}],"replies":[{"embeddable":true,"href":"https:\/\/dioceseteixeiradefreitas.com.br\/index.php?rest_route=%2Fwp%2Fv2%2Fcomments&post=13082"}],"version-history":[{"count":5,"href":"https:\/\/dioceseteixeiradefreitas.com.br\/index.php?rest_route=\/wp\/v2\/posts\/13082\/revisions"}],"predecessor-version":[{"id":14934,"href":"https:\/\/dioceseteixeiradefreitas.com.br\/index.php?rest_route=\/wp\/v2\/posts\/13082\/revisions\/14934"}],"wp:featuredmedia":[{"embeddable":true,"href":"https:\/\/dioceseteixeiradefreitas.com.br\/index.php?rest_route=\/wp\/v2\/media\/13084"}],"wp:attachment":[{"href":"https:\/\/dioceseteixeiradefreitas.com.br\/index.php?rest_route=%2Fwp%2Fv2%2Fmedia&parent=13082"}],"wp:term":[{"taxonomy":"category","embeddable":true,"href":"https:\/\/dioceseteixeiradefreitas.com.br\/index.php?rest_route=%2Fwp%2Fv2%2Fcategories&post=13082"},{"taxonomy":"post_tag","embeddable":true,"href":"https:\/\/dioceseteixeiradefreitas.com.br\/index.php?rest_route=%2Fwp%2Fv2%2Ftags&post=13082"}],"curies":[{"name":"wp","href":"https:\/\/api.w.org\/{rel}","templated":true}]}}