{"id":13104,"date":"2021-05-10T11:33:43","date_gmt":"2021-05-10T14:33:43","guid":{"rendered":"https:\/\/dioceseteixeiradefreitas.com.br\/?p=13104"},"modified":"2021-05-10T11:33:10","modified_gmt":"2021-05-10T14:33:10","slug":"frei-antonio-bispo-nascimento-filho","status":"publish","type":"post","link":"https:\/\/dioceseteixeiradefreitas.com.br\/?p=13104","title":{"rendered":"FREI ANT\u00d4NIO BISPO NASCIMENTO FILHO (CAPUCHINHOS)"},"content":{"rendered":"<p>&nbsp;<\/p>\n<p style=\"text-align: center;\"><strong>Padre Ant\u00f4nio Bispo Nascimento Filho<\/strong><br \/>\n<strong>Congrega\u00e7\u00e3o:<\/strong> <a href=\"https:\/\/www.capuchinhosrs.org.br\/\">Capuchinhos<\/a><br \/>\n<strong>Nascimento<\/strong>: 12\/01\/1959<br \/>\n<strong>Ordena\u00e7\u00e3o Sacerdotal<\/strong>: 15\/09\/1996<br \/>\n<strong>Par\u00f3quia Atual<\/strong>: Santos Cosme e Dami\u00e3o<br \/>\n<strong>Forania: Santo Ant\u00f4nio<\/strong><br \/>\n<strong>Munic\u00edpio<\/strong>: Itamaraju<br \/>\n<strong>E-mail<\/strong>: antonio.filho@dioceseteixeiradefreitas.com.br<\/p>\n","protected":false},"excerpt":{"rendered":"<p>&nbsp; Padre Ant\u00f4nio Bispo Nascimento Filho Congrega\u00e7\u00e3o: Capuchinhos Nascimento: 12\/01\/1959 Ordena\u00e7\u00e3o Sacerdotal: 15\/09\/1996 Par\u00f3quia Atual: Santos Cosme e Dami\u00e3o Forania: Santo Ant\u00f4nio Munic\u00edpio: Itamaraju E-mail: antonio.filho@dioceseteixeiradefreitas.com.br<\/p>\n","protected":false},"author":1,"featured_media":13105,"comment_status":"closed","ping_status":"closed","sticky":false,"template":"","format":"standard","meta":{"footnotes":""},"categories":[481],"tags":[839],"class_list":["post-13104","post","type-post","status-publish","format-standard","has-post-thumbnail","hentry","category-padres-religiosos","tag-frei-antonio"],"_links":{"self":[{"href":"https:\/\/dioceseteixeiradefreitas.com.br\/index.php?rest_route=\/wp\/v2\/posts\/13104","targetHints":{"allow":["GET"]}}],"collection":[{"href":"https:\/\/dioceseteixeiradefreitas.com.br\/index.php?rest_route=\/wp\/v2\/posts"}],"about":[{"href":"https:\/\/dioceseteixeiradefreitas.com.br\/index.php?rest_route=\/wp\/v2\/types\/post"}],"author":[{"embeddable":true,"href":"https:\/\/dioceseteixeiradefreitas.com.br\/index.php?rest_route=\/wp\/v2\/users\/1"}],"replies":[{"embeddable":true,"href":"https:\/\/dioceseteixeiradefreitas.com.br\/index.php?rest_route=%2Fwp%2Fv2%2Fcomments&post=13104"}],"version-history":[{"count":2,"href":"https:\/\/dioceseteixeiradefreitas.com.br\/index.php?rest_route=\/wp\/v2\/posts\/13104\/revisions"}],"predecessor-version":[{"id":13107,"href":"https:\/\/dioceseteixeiradefreitas.com.br\/index.php?rest_route=\/wp\/v2\/posts\/13104\/revisions\/13107"}],"wp:featuredmedia":[{"embeddable":true,"href":"https:\/\/dioceseteixeiradefreitas.com.br\/index.php?rest_route=\/wp\/v2\/media\/13105"}],"wp:attachment":[{"href":"https:\/\/dioceseteixeiradefreitas.com.br\/index.php?rest_route=%2Fwp%2Fv2%2Fmedia&parent=13104"}],"wp:term":[{"taxonomy":"category","embeddable":true,"href":"https:\/\/dioceseteixeiradefreitas.com.br\/index.php?rest_route=%2Fwp%2Fv2%2Fcategories&post=13104"},{"taxonomy":"post_tag","embeddable":true,"href":"https:\/\/dioceseteixeiradefreitas.com.br\/index.php?rest_route=%2Fwp%2Fv2%2Ftags&post=13104"}],"curies":[{"name":"wp","href":"https:\/\/api.w.org\/{rel}","templated":true}]}}