{"id":13108,"date":"2021-05-10T11:31:33","date_gmt":"2021-05-10T14:31:33","guid":{"rendered":"https:\/\/dioceseteixeiradefreitas.com.br\/?p=13108"},"modified":"2021-05-10T11:34:41","modified_gmt":"2021-05-10T14:34:41","slug":"frei-givaldo-dos-santos-lima","status":"publish","type":"post","link":"https:\/\/dioceseteixeiradefreitas.com.br\/?p=13108","title":{"rendered":"FREI GIVALDO DOS SANTOS LIMA (CAPUCHINHOS)"},"content":{"rendered":"<p>&nbsp;<\/p>\n<p style=\"text-align: center;\"><strong>Padre Givaldo dos Santos Lima<\/strong><br \/>\n<strong>Congrega\u00e7\u00e3o:<\/strong> <a href=\"https:\/\/www.capuchinhosrs.org.br\/\">Capuchinhos<\/a><br \/>\n<strong>Nascimento<\/strong>: 06\/06\/1984<br \/>\n<strong>Ordena\u00e7\u00e3o Sacerdotal<\/strong>: 09\/03\/2019<br \/>\n<strong>Par\u00f3quia Atual<\/strong>: Santos Cosme e Dami\u00e3o<br \/>\n<strong>Forania: Santo Ant\u00f4nio<\/strong><br \/>\n<strong>Munic\u00edpio<\/strong>: Itamaraju<br \/>\n<strong>E-mail<\/strong>: givaldo.lima@dioceseteixeiradefreitas.com.br<\/p>\n","protected":false},"excerpt":{"rendered":"<p>&nbsp; Padre Givaldo dos Santos Lima Congrega\u00e7\u00e3o: Capuchinhos Nascimento: 06\/06\/1984 Ordena\u00e7\u00e3o Sacerdotal: 09\/03\/2019 Par\u00f3quia Atual: Santos Cosme e Dami\u00e3o Forania: Santo Ant\u00f4nio Munic\u00edpio: Itamaraju E-mail: givaldo.lima@dioceseteixeiradefreitas.com.br<\/p>\n","protected":false},"author":1,"featured_media":13109,"comment_status":"closed","ping_status":"closed","sticky":false,"template":"","format":"standard","meta":{"footnotes":""},"categories":[481],"tags":[840],"class_list":["post-13108","post","type-post","status-publish","format-standard","has-post-thumbnail","hentry","category-padres-religiosos","tag-frei-givaldo"],"_links":{"self":[{"href":"https:\/\/dioceseteixeiradefreitas.com.br\/index.php?rest_route=\/wp\/v2\/posts\/13108","targetHints":{"allow":["GET"]}}],"collection":[{"href":"https:\/\/dioceseteixeiradefreitas.com.br\/index.php?rest_route=\/wp\/v2\/posts"}],"about":[{"href":"https:\/\/dioceseteixeiradefreitas.com.br\/index.php?rest_route=\/wp\/v2\/types\/post"}],"author":[{"embeddable":true,"href":"https:\/\/dioceseteixeiradefreitas.com.br\/index.php?rest_route=\/wp\/v2\/users\/1"}],"replies":[{"embeddable":true,"href":"https:\/\/dioceseteixeiradefreitas.com.br\/index.php?rest_route=%2Fwp%2Fv2%2Fcomments&post=13108"}],"version-history":[{"count":2,"href":"https:\/\/dioceseteixeiradefreitas.com.br\/index.php?rest_route=\/wp\/v2\/posts\/13108\/revisions"}],"predecessor-version":[{"id":13111,"href":"https:\/\/dioceseteixeiradefreitas.com.br\/index.php?rest_route=\/wp\/v2\/posts\/13108\/revisions\/13111"}],"wp:featuredmedia":[{"embeddable":true,"href":"https:\/\/dioceseteixeiradefreitas.com.br\/index.php?rest_route=\/wp\/v2\/media\/13109"}],"wp:attachment":[{"href":"https:\/\/dioceseteixeiradefreitas.com.br\/index.php?rest_route=%2Fwp%2Fv2%2Fmedia&parent=13108"}],"wp:term":[{"taxonomy":"category","embeddable":true,"href":"https:\/\/dioceseteixeiradefreitas.com.br\/index.php?rest_route=%2Fwp%2Fv2%2Fcategories&post=13108"},{"taxonomy":"post_tag","embeddable":true,"href":"https:\/\/dioceseteixeiradefreitas.com.br\/index.php?rest_route=%2Fwp%2Fv2%2Ftags&post=13108"}],"curies":[{"name":"wp","href":"https:\/\/api.w.org\/{rel}","templated":true}]}}