{"id":13112,"date":"2021-05-10T11:28:16","date_gmt":"2021-05-10T14:28:16","guid":{"rendered":"https:\/\/dioceseteixeiradefreitas.com.br\/?p=13112"},"modified":"2021-05-10T11:28:16","modified_gmt":"2021-05-10T14:28:16","slug":"frei-vandei-santana-rocha-capuchinhos","status":"publish","type":"post","link":"https:\/\/dioceseteixeiradefreitas.com.br\/?p=13112","title":{"rendered":"FREI VANDE\u00cd SANTANA ROCHA (CAPUCHINHOS)"},"content":{"rendered":"<p>&nbsp;<\/p>\n<p style=\"text-align: center;\"><strong>Padre Vande\u00ed Santana Rocha<\/strong><br \/>\n<strong>Congrega\u00e7\u00e3o:<\/strong> <a href=\"https:\/\/www.capuchinhosrs.org.br\/\">Capuchinhos<\/a><br \/>\n<strong>Nascimento<\/strong>: 19\/04\/1973<br \/>\n<strong>Ordena\u00e7\u00e3o Sacerdotal<\/strong>: 03\/06\/2006<br \/>\n<strong>Par\u00f3quia Atual<\/strong>: Santos Cosme e Dami\u00e3o<br \/>\n<strong>Forania: Santo Ant\u00f4nio<\/strong><br \/>\n<strong>Munic\u00edpio<\/strong>: Itamaraju<br \/>\n<strong>E-mail<\/strong>: vandei.rocha@dioceseteixeiradefreitas.com.br<\/p>\n","protected":false},"excerpt":{"rendered":"<p>&nbsp; Padre Vande\u00ed Santana Rocha Congrega\u00e7\u00e3o: Capuchinhos Nascimento: 19\/04\/1973 Ordena\u00e7\u00e3o Sacerdotal: 03\/06\/2006 Par\u00f3quia Atual: Santos Cosme e Dami\u00e3o Forania: Santo Ant\u00f4nio Munic\u00edpio: Itamaraju E-mail: vandei.rocha@dioceseteixeiradefreitas.com.br<\/p>\n","protected":false},"author":1,"featured_media":13113,"comment_status":"closed","ping_status":"closed","sticky":false,"template":"","format":"standard","meta":{"footnotes":""},"categories":[481],"tags":[371],"class_list":["post-13112","post","type-post","status-publish","format-standard","has-post-thumbnail","hentry","category-padres-religiosos","tag-frei-vandei-santana"],"_links":{"self":[{"href":"https:\/\/dioceseteixeiradefreitas.com.br\/index.php?rest_route=\/wp\/v2\/posts\/13112","targetHints":{"allow":["GET"]}}],"collection":[{"href":"https:\/\/dioceseteixeiradefreitas.com.br\/index.php?rest_route=\/wp\/v2\/posts"}],"about":[{"href":"https:\/\/dioceseteixeiradefreitas.com.br\/index.php?rest_route=\/wp\/v2\/types\/post"}],"author":[{"embeddable":true,"href":"https:\/\/dioceseteixeiradefreitas.com.br\/index.php?rest_route=\/wp\/v2\/users\/1"}],"replies":[{"embeddable":true,"href":"https:\/\/dioceseteixeiradefreitas.com.br\/index.php?rest_route=%2Fwp%2Fv2%2Fcomments&post=13112"}],"version-history":[{"count":1,"href":"https:\/\/dioceseteixeiradefreitas.com.br\/index.php?rest_route=\/wp\/v2\/posts\/13112\/revisions"}],"predecessor-version":[{"id":13114,"href":"https:\/\/dioceseteixeiradefreitas.com.br\/index.php?rest_route=\/wp\/v2\/posts\/13112\/revisions\/13114"}],"wp:featuredmedia":[{"embeddable":true,"href":"https:\/\/dioceseteixeiradefreitas.com.br\/index.php?rest_route=\/wp\/v2\/media\/13113"}],"wp:attachment":[{"href":"https:\/\/dioceseteixeiradefreitas.com.br\/index.php?rest_route=%2Fwp%2Fv2%2Fmedia&parent=13112"}],"wp:term":[{"taxonomy":"category","embeddable":true,"href":"https:\/\/dioceseteixeiradefreitas.com.br\/index.php?rest_route=%2Fwp%2Fv2%2Fcategories&post=13112"},{"taxonomy":"post_tag","embeddable":true,"href":"https:\/\/dioceseteixeiradefreitas.com.br\/index.php?rest_route=%2Fwp%2Fv2%2Ftags&post=13112"}],"curies":[{"name":"wp","href":"https:\/\/api.w.org\/{rel}","templated":true}]}}