{"id":13180,"date":"2021-05-16T16:58:45","date_gmt":"2021-05-16T19:58:45","guid":{"rendered":"https:\/\/dioceseteixeiradefreitas.com.br\/?p=13180"},"modified":"2021-05-16T20:27:50","modified_gmt":"2021-05-16T23:27:50","slug":"dia-mundial-das-comunicacoes-sociais","status":"publish","type":"post","link":"https:\/\/dioceseteixeiradefreitas.com.br\/?p=13180","title":{"rendered":"Dia Mundial das Comunica\u00e7\u00f5es Sociais, \u201cVem e ver\u00e1s\u201d."},"content":{"rendered":"<figure id=\"attachment_13183\" aria-describedby=\"caption-attachment-13183\" style=\"width: 750px\" class=\"wp-caption aligncenter\"><img loading=\"lazy\" decoding=\"async\" class=\"wp-image-13183 size-full\" src=\"https:\/\/dioceseteixeiradefreitas.com.br\/wp-content\/uploads\/2021\/05\/cq5dam.thumbnail.cropped.750.422.jpeg\" alt=\"\" width=\"750\" height=\"422\" srcset=\"https:\/\/dioceseteixeiradefreitas.com.br\/wp-content\/uploads\/2021\/05\/cq5dam.thumbnail.cropped.750.422.jpeg 750w, https:\/\/dioceseteixeiradefreitas.com.br\/wp-content\/uploads\/2021\/05\/cq5dam.thumbnail.cropped.750.422-300x169.jpeg 300w, https:\/\/dioceseteixeiradefreitas.com.br\/wp-content\/uploads\/2021\/05\/cq5dam.thumbnail.cropped.750.422-390x220.jpeg 390w, https:\/\/dioceseteixeiradefreitas.com.br\/wp-content\/uploads\/2021\/05\/cq5dam.thumbnail.cropped.750.422-600x338.jpeg 600w\" sizes=\"auto, (max-width: 750px) 100vw, 750px\" \/><figcaption id=\"caption-attachment-13183\" class=\"wp-caption-text\">Cartaz do Dia Mundial das Comunica\u00e7\u00f5es Sociais &#8211; Imagem: PASCOM BRASIL\/Reprodu\u00e7\u00e3o<\/figcaption><\/figure>\n<p>Neste domingo, solenidade da Ascens\u00e3o do Senhor, em 16 de maio, a Igreja celebra ao 55\u00ba Dia Mundial das Comunica\u00e7\u00f5es Sociais. O tema deste ano \u00e9: \u201cVem e ver\u00e1s!&#8221; (Jo 1,46). E o lema: &#8220;Comunicar encontrando as pessoas como e onde est\u00e3o\u201d. O Santo Padre escolheu as palavras de Jo\u00e3o para refor\u00e7ar um dos fundamentos b\u00e1sicos do exerc\u00edcio do jornalismo: &#8220;procurar a origem da informa\u00e7\u00e3o, al\u00e9m de gastar as solas dos sapatos evangelizando&#8221;. <a href=\"http:\/\/www.vatican.va\/content\/francesco\/pt\/messages\/communications\/documents\/papa-francesco_20210123_messaggio-comunicazioni-sociali.html\">Confira aqui a mensagem completa do Papa para o 55\u00ba dia DMCS.<\/a><\/p>\n<p>Desde 1963, a Igreja no Brasil abre as portas para o ambiente digital. Uma relev\u00e2ncia que se sustenta tanto na produ\u00e7\u00e3o dos primeiros documentos oficiais como o Decreto Conciliar sobre os meios de Comunica\u00e7\u00e3o \u201c<em>Inter Mirifica\u201d<\/em>, assinado por Paulo VI, em dezembro de 1966, e sua Instru\u00e7\u00e3o Pastoral \u201c<em>Communio et Progressio<\/em>\u201d publicada por mandato do Conc\u00edlio Ecum\u00eanico II e assinada em 1971, ou pelas sucessivas publica\u00e7\u00f5es das Mensagens para este dia, que nos permitem uma sempre nova leitura do passado e do presente da vida social, cultural, econ\u00f4mica, at\u00e9 mesmo politica, a n\u00edvel mundial. De l\u00e1 para c\u00e1, v\u00e1rios foram os avan\u00e7os na comunica\u00e7\u00e3o interna e externa. Dentre eles, uma comunica\u00e7\u00e3o centralizada do Vaticano, a aproxima\u00e7\u00e3o da Igreja com os jornalistas e o investimento em forma\u00e7\u00e3o para profissionais e leigos na \u00e1rea. Ainda podemos destacar como avan\u00e7os a cria\u00e7\u00e3o da R\u00e1dio Vaticano, os organismos comunicacionais e emissoras de inspira\u00e7\u00e3o cat\u00f3lica no Brasil e a cria\u00e7\u00e3o e estrutura\u00e7\u00e3o da Pastoral da Comunica\u00e7\u00e3o.<\/p>\n<p>A PASCOM \u00e9 uma pastoral fundamental na vida da Igreja de forma intersetorial, que busca integrar as demais pastorais, movimentos e comunidades. \u00c9 a pastoral do ser e do estar em comunh\u00e3o com toda a comunidade.<\/p>\n<blockquote><p>Uma pastoral que ajuda a Igreja em sua importante e complexa miss\u00e3o de manter-se em di\u00e1logo com a sociedade, (Comiss\u00e3o Episcopal Pastoral para a Comunica\u00e7\u00e3o, CNBB).<\/p><\/blockquote>\n<figure id=\"attachment_13182\" aria-describedby=\"caption-attachment-13182\" style=\"width: 1024px\" class=\"wp-caption aligncenter\"><img loading=\"lazy\" decoding=\"async\" class=\"wp-image-13182 size-full\" src=\"https:\/\/dioceseteixeiradefreitas.com.br\/wp-content\/uploads\/2021\/05\/4c8c7532-a002-4b43-bbdb-d1f03023daf7.jpg\" alt=\"\" width=\"1024\" height=\"683\" srcset=\"https:\/\/dioceseteixeiradefreitas.com.br\/wp-content\/uploads\/2021\/05\/4c8c7532-a002-4b43-bbdb-d1f03023daf7.jpg 1024w, https:\/\/dioceseteixeiradefreitas.com.br\/wp-content\/uploads\/2021\/05\/4c8c7532-a002-4b43-bbdb-d1f03023daf7-300x200.jpg 300w, https:\/\/dioceseteixeiradefreitas.com.br\/wp-content\/uploads\/2021\/05\/4c8c7532-a002-4b43-bbdb-d1f03023daf7-768x512.jpg 768w, https:\/\/dioceseteixeiradefreitas.com.br\/wp-content\/uploads\/2021\/05\/4c8c7532-a002-4b43-bbdb-d1f03023daf7-600x400.jpg 600w\" sizes=\"auto, (max-width: 1024px) 100vw, 1024px\" \/><figcaption id=\"caption-attachment-13182\" class=\"wp-caption-text\">Cooordenador Diocesano da PASCOM (Arnaldo) &#8211; Foto: PASCM\/Divulga\u00e7\u00e3o<\/figcaption><\/figure>\n<p>Segundo o Coordenador Diocesano da PASCOM, Arnaldo Santos, &#8220;<em>A base da PASCOM \u00e9 Deus pois ele guia, orienta e direciona todos os agentes a irem para as \u00e1guas mais profundas na atividade pastoral. Jesus Cristo \u00e9 a nossa refer\u00eancia, Ele \u00e9 exemplo da figura do bom pastor. Ser pascom \u00e9 comunicador(a) de Cristo. N\u00f3s temos a insepar\u00e1vel miss\u00e3o de dar continuidade do pastoreio do Senhor<\/em>&#8221; diz ele.<\/p>\n<p style=\"text-align: left;\">Ele conta ainda como surgiu a pastoral na Diocese. &#8220;<em>Em 2012 a PASCOM, de fato, deu-se in\u00edcio em nossa Diocese, mas cabe mencionar que antes disso, muitos anos antes, algumas pessoas serviam na fotografia, transmiss\u00e3o ao vivo, cria\u00e7\u00e3o de sites e redes sociais paroquiais. Sou o terceiro coordenador diocesano, e pude vivenciar a evolu\u00e7\u00e3o da pastoral em nossa diocese. Desde o aumento consider\u00e1vel de agentes seja eles na t\u00e9cnica ou do conte\u00fado, da aceita\u00e7\u00e3o dos padres, do apoio dos dois bispos, em dar forma\u00e7\u00e3o de base e intermedi\u00e1ria aos agentes e tamb\u00e9m de equipamentos necess\u00e1rios na atividade pastoral<\/em>&#8221; conta.<\/p>\n<p>O coordenador ainda relata a import\u00e3ncia e a participa\u00e7\u00e3o de profissionais da \u00e1rea da comunica\u00e7\u00e3o dentro da Igreja. &#8220;<em>Sem d\u00favidas, todos eles colaboram na dissemina\u00e7\u00e3o da boa not\u00edcia do Reino de Deus, seja na m\u00eddia impressa, televisiva, radiof\u00f4nica e dentre outros, todos cada vez mais tem nos procurado para estarmos pr\u00f3ximos e serem tamb\u00e9m um meio de comunh\u00e3o. Podemos destacar o apoio de Franedir Gois, rep\u00f3rter e apresentador na R\u00e1dio Cara\u00edpe FM (100,5), que n\u00e3o mede esfor\u00e7os para sempre estar conosco, os amigos Leco e Pl\u00ednio da R\u00e1dio Sucesso FM (104,9), que cedem um espa\u00e7o aos domingos para o programa de r\u00e1dio da PASCOM, a R\u00e1dio prado FM (104,9), aos sites Vida Di\u00e1ria, Sul Bahia News, o Sollo, MedeirosNeto.com, jucurunet.blogspot.com e dentre outros<\/em>&#8220;. pontua.<\/p>\n<p>Por fim ele agradeceu os agentes que sempre se dedicam nas atividades pastorais na Igreja diocesana: &#8220;A<em>grade\u00e7o imensamente a cada cocordenador paroquial e seus agentes, aos membros da PASCOM Diocesana, a coordena\u00e7\u00e3o diocesana, ao nosso Assessor Diocesano, Pe. Ricardo e ao nosso bispo Dom Jailton pelo apoio. Ainda mais agora, nesse tempo de pandemia, os agentes se esfor\u00e7aram econtinuam se esfor\u00e7ando para anunciar a boa-nova, o evangelho de Jesus. Que todos possamos ir por todo o lugar e anunciar o evangelho<\/em>&#8220;, concluiu.<\/p>\n<figure id=\"attachment_13184\" aria-describedby=\"caption-attachment-13184\" style=\"width: 520px\" class=\"wp-caption alignleft\"><img loading=\"lazy\" decoding=\"async\" class=\"wp-image-13184 size-full\" src=\"https:\/\/dioceseteixeiradefreitas.com.br\/wp-content\/uploads\/2021\/05\/franedir.jpg\" alt=\"\" width=\"520\" height=\"286\" srcset=\"https:\/\/dioceseteixeiradefreitas.com.br\/wp-content\/uploads\/2021\/05\/franedir.jpg 520w, https:\/\/dioceseteixeiradefreitas.com.br\/wp-content\/uploads\/2021\/05\/franedir-300x165.jpg 300w\" sizes=\"auto, (max-width: 520px) 100vw, 520px\" \/><figcaption id=\"caption-attachment-13184\" class=\"wp-caption-text\">Franedir Gois &#8211; Foto: SulBahiaNews\/Reprodu\u00e7\u00e3o<\/figcaption><\/figure>\n<p>A PASCOM Diocesana entrevistou o rep\u00f3rter e radialista da R\u00e1dio Cara\u00edpe FM da Rede Sul Bahia de Comunica\u00e7\u00e3o, Franedir Gois, 54, ele falou sobre import\u00e2ncia da Comunica\u00e7\u00e3o nos dias atuais e o cuidado da Igreja. &#8220;<em>\u00c9 interessante destacar primeiramente porque sempre no dia da Ascen\u00e7\u00e3o do Senhor h\u00e1 uma comunica\u00e7\u00e3o, onde Jesus diz: Estarei convosco todos os dias at\u00e9 a consuma\u00e7\u00e3o dos s\u00e9culos e, ele sobe aos c\u00e9us. Ent\u00e3o, essa comunica\u00e7\u00e3o do divino com o humano \u00e9 muito interessante ser celebrado na Ascen\u00e7\u00e3o do Senhor. A comunica\u00e7\u00e3o \u00e9 muito importante nos dias atuais, como sempre foi, muito embora as vezes, essa comunica\u00e7\u00e3o que vemos hoje est\u00e1 desvinculada da verdade, ela sempre tem tend\u00eancia a partir para um certo princ\u00edpio, e foge da verdade e acaba partindo para ser parcial. \u00c9 complicado, infelizmente n\u00f3s n\u00e3o temos mais uma comunica\u00e7\u00e3o puramente envolta nos princ\u00edpios de anunciar a verdadeira not\u00edcia, tal qual como ela \u00e9<\/em>&#8221; disse.<\/p>\n<h4>SER NOTICIADOR \u00c9 DESAFIADOR<\/h4>\n<p>&#8220;<em>S\u00e3o muitos os desafios, ser noticiador \u00e9 desafiador, tem que ter coragem, ter vontade, persist\u00eancia e determina\u00e7\u00e3o, porque n\u00e3o \u00e9 f\u00e1cil dar not\u00edcia realmente pura, \u00e9 desafiador o tempo todo, s\u00e3o muitos meios que a tecnologia trouxe, \u00e9 multim\u00eddia, s\u00e3o muitas fontes, voc\u00ea \u00e0s vezes tem dificuldade, por isso surgem as fakes news<\/em>&#8221; conta Franedir.<\/p>\n<h4>LEVAR A NOT\u00cdCIA QUE FAVORECE O ENCONTRO<\/h4>\n<p>Pergutando o que te faz mais feliz na sua profiss\u00e3o? Ele responde: &#8220;<em>Poder levar a not\u00edcia como ela \u00e9 a tantas pessoas, isso \u00e9 fant\u00e1stico, de ser o porta-voz, o microfone para realmente trazer essas not\u00edcias que favorecem e ajudam no dia a dia do cidad\u00e3o, do ouvinte, isso deixa a gente feliz, sobretudo quando voc\u00ea sabe que est\u00e1 sendo importante para ser esse elo de comunica\u00e7\u00e3o para as pessoas<\/em>&#8220;.<\/p>\n<p>O papa Francisco quando ele escreve a carta direcionada aos comunicadores ele pede que a comunica\u00e7\u00e3o seja aut\u00eantica, baseada sempre na verdade, sem distor\u00e7\u00e3o e livre de fake News. Como voc\u00ea, analisa esse pedido do papa? &#8211; &#8220;<em>Veja, \u00e9 um pedido real, a not\u00edcia verdadeira est\u00e1 muito dif\u00edcil de ser dada porque aparece v\u00e1rias fontes que n\u00e3o tem veracidade, e voc\u00ea checar, pesquisar realmente o que \u00e9 de fato, para divulgar uma not\u00edcia que seja distante de fake news, por isso \u00e9 que eu sigo para as not\u00edcias verdadeiras, que eu mesmo busco, ou que eu sei que tem uma fonte segura e que vale a pena dar cr\u00e9dito. Quero aqui agradecer a oportunidade a minha colabora\u00e7\u00e3o<\/em>&#8220;, finalizou.<\/p>\n<p>Por PASCOM Diocesana<br \/>\nTrechos: Carta do Papa, Guia de Implanta\u00e7\u00e3o da PASCOM e Ag\u00eancia Ecclesia.<\/p>\n<p>Para homenagear os comunicadores, reunimos algumas fotos deles servindo:<\/p>\n<div class=\"K6GhFd\" data-is-bilingual=\"false\" aria-hidden=\"true\">\n<div class=\"b8aKlc\">\n<div id='gallery-1' class='gallery galleryid-13180 gallery-columns-5 gallery-size-thumbnail'><figure class='gallery-item'>\n\t\t\t<div class='gallery-icon landscape'>\n\t\t\t\t<a href='https:\/\/dioceseteixeiradefreitas.com.br\/wp-content\/uploads\/2021\/05\/1-1.png'><img loading=\"lazy\" decoding=\"async\" width=\"150\" height=\"150\" src=\"https:\/\/dioceseteixeiradefreitas.com.br\/wp-content\/uploads\/2021\/05\/1-1-150x150.png\" class=\"attachment-thumbnail size-thumbnail\" alt=\"\" srcset=\"https:\/\/dioceseteixeiradefreitas.com.br\/wp-content\/uploads\/2021\/05\/1-1-150x150.png 150w, https:\/\/dioceseteixeiradefreitas.com.br\/wp-content\/uploads\/2021\/05\/1-1-300x300.png 300w, https:\/\/dioceseteixeiradefreitas.com.br\/wp-content\/uploads\/2021\/05\/1-1-1024x1024.png 1024w, https:\/\/dioceseteixeiradefreitas.com.br\/wp-content\/uploads\/2021\/05\/1-1-768x768.png 768w, https:\/\/dioceseteixeiradefreitas.com.br\/wp-content\/uploads\/2021\/05\/1-1-600x600.png 600w, https:\/\/dioceseteixeiradefreitas.com.br\/wp-content\/uploads\/2021\/05\/1-1-100x100.png 100w, https:\/\/dioceseteixeiradefreitas.com.br\/wp-content\/uploads\/2021\/05\/1-1.png 1080w\" sizes=\"auto, (max-width: 150px) 100vw, 150px\" \/><\/a>\n\t\t\t<\/div><\/figure><figure class='gallery-item'>\n\t\t\t<div class='gallery-icon landscape'>\n\t\t\t\t<a href='https:\/\/dioceseteixeiradefreitas.com.br\/wp-content\/uploads\/2021\/05\/3-1.png'><img loading=\"lazy\" decoding=\"async\" width=\"150\" height=\"150\" src=\"https:\/\/dioceseteixeiradefreitas.com.br\/wp-content\/uploads\/2021\/05\/3-1-150x150.png\" class=\"attachment-thumbnail size-thumbnail\" alt=\"\" srcset=\"https:\/\/dioceseteixeiradefreitas.com.br\/wp-content\/uploads\/2021\/05\/3-1-150x150.png 150w, https:\/\/dioceseteixeiradefreitas.com.br\/wp-content\/uploads\/2021\/05\/3-1-300x300.png 300w, https:\/\/dioceseteixeiradefreitas.com.br\/wp-content\/uploads\/2021\/05\/3-1-1024x1024.png 1024w, https:\/\/dioceseteixeiradefreitas.com.br\/wp-content\/uploads\/2021\/05\/3-1-768x768.png 768w, https:\/\/dioceseteixeiradefreitas.com.br\/wp-content\/uploads\/2021\/05\/3-1-600x600.png 600w, https:\/\/dioceseteixeiradefreitas.com.br\/wp-content\/uploads\/2021\/05\/3-1-100x100.png 100w, https:\/\/dioceseteixeiradefreitas.com.br\/wp-content\/uploads\/2021\/05\/3-1.png 1080w\" sizes=\"auto, (max-width: 150px) 100vw, 150px\" \/><\/a>\n\t\t\t<\/div><\/figure><figure class='gallery-item'>\n\t\t\t<div class='gallery-icon landscape'>\n\t\t\t\t<a href='https:\/\/dioceseteixeiradefreitas.com.br\/wp-content\/uploads\/2021\/05\/6.png'><img loading=\"lazy\" decoding=\"async\" width=\"150\" height=\"150\" src=\"https:\/\/dioceseteixeiradefreitas.com.br\/wp-content\/uploads\/2021\/05\/6-150x150.png\" class=\"attachment-thumbnail size-thumbnail\" alt=\"\" srcset=\"https:\/\/dioceseteixeiradefreitas.com.br\/wp-content\/uploads\/2021\/05\/6-150x150.png 150w, https:\/\/dioceseteixeiradefreitas.com.br\/wp-content\/uploads\/2021\/05\/6-300x300.png 300w, https:\/\/dioceseteixeiradefreitas.com.br\/wp-content\/uploads\/2021\/05\/6-1024x1024.png 1024w, https:\/\/dioceseteixeiradefreitas.com.br\/wp-content\/uploads\/2021\/05\/6-768x768.png 768w, https:\/\/dioceseteixeiradefreitas.com.br\/wp-content\/uploads\/2021\/05\/6-600x600.png 600w, https:\/\/dioceseteixeiradefreitas.com.br\/wp-content\/uploads\/2021\/05\/6-100x100.png 100w, https:\/\/dioceseteixeiradefreitas.com.br\/wp-content\/uploads\/2021\/05\/6.png 1080w\" sizes=\"auto, (max-width: 150px) 100vw, 150px\" \/><\/a>\n\t\t\t<\/div><\/figure><figure class='gallery-item'>\n\t\t\t<div class='gallery-icon landscape'>\n\t\t\t\t<a href='https:\/\/dioceseteixeiradefreitas.com.br\/wp-content\/uploads\/2021\/05\/8.png'><img loading=\"lazy\" decoding=\"async\" width=\"150\" height=\"150\" src=\"https:\/\/dioceseteixeiradefreitas.com.br\/wp-content\/uploads\/2021\/05\/8-150x150.png\" class=\"attachment-thumbnail size-thumbnail\" alt=\"\" srcset=\"https:\/\/dioceseteixeiradefreitas.com.br\/wp-content\/uploads\/2021\/05\/8-150x150.png 150w, https:\/\/dioceseteixeiradefreitas.com.br\/wp-content\/uploads\/2021\/05\/8-300x300.png 300w, https:\/\/dioceseteixeiradefreitas.com.br\/wp-content\/uploads\/2021\/05\/8-1024x1024.png 1024w, https:\/\/dioceseteixeiradefreitas.com.br\/wp-content\/uploads\/2021\/05\/8-768x768.png 768w, https:\/\/dioceseteixeiradefreitas.com.br\/wp-content\/uploads\/2021\/05\/8-600x600.png 600w, https:\/\/dioceseteixeiradefreitas.com.br\/wp-content\/uploads\/2021\/05\/8-100x100.png 100w, https:\/\/dioceseteixeiradefreitas.com.br\/wp-content\/uploads\/2021\/05\/8.png 1080w\" sizes=\"auto, (max-width: 150px) 100vw, 150px\" \/><\/a>\n\t\t\t<\/div><\/figure><figure class='gallery-item'>\n\t\t\t<div class='gallery-icon landscape'>\n\t\t\t\t<a href='https:\/\/dioceseteixeiradefreitas.com.br\/wp-content\/uploads\/2021\/05\/10.png'><img loading=\"lazy\" decoding=\"async\" width=\"150\" height=\"150\" src=\"https:\/\/dioceseteixeiradefreitas.com.br\/wp-content\/uploads\/2021\/05\/10-150x150.png\" class=\"attachment-thumbnail size-thumbnail\" alt=\"\" srcset=\"https:\/\/dioceseteixeiradefreitas.com.br\/wp-content\/uploads\/2021\/05\/10-150x150.png 150w, https:\/\/dioceseteixeiradefreitas.com.br\/wp-content\/uploads\/2021\/05\/10-300x300.png 300w, https:\/\/dioceseteixeiradefreitas.com.br\/wp-content\/uploads\/2021\/05\/10-1024x1024.png 1024w, https:\/\/dioceseteixeiradefreitas.com.br\/wp-content\/uploads\/2021\/05\/10-768x768.png 768w, https:\/\/dioceseteixeiradefreitas.com.br\/wp-content\/uploads\/2021\/05\/10-600x600.png 600w, https:\/\/dioceseteixeiradefreitas.com.br\/wp-content\/uploads\/2021\/05\/10-100x100.png 100w, https:\/\/dioceseteixeiradefreitas.com.br\/wp-content\/uploads\/2021\/05\/10.png 1080w\" sizes=\"auto, (max-width: 150px) 100vw, 150px\" \/><\/a>\n\t\t\t<\/div><\/figure><figure class='gallery-item'>\n\t\t\t<div class='gallery-icon landscape'>\n\t\t\t\t<a href='https:\/\/dioceseteixeiradefreitas.com.br\/wp-content\/uploads\/2021\/05\/17.png'><img loading=\"lazy\" decoding=\"async\" width=\"150\" height=\"150\" src=\"https:\/\/dioceseteixeiradefreitas.com.br\/wp-content\/uploads\/2021\/05\/17-150x150.png\" class=\"attachment-thumbnail size-thumbnail\" alt=\"\" srcset=\"https:\/\/dioceseteixeiradefreitas.com.br\/wp-content\/uploads\/2021\/05\/17-150x150.png 150w, https:\/\/dioceseteixeiradefreitas.com.br\/wp-content\/uploads\/2021\/05\/17-300x300.png 300w, https:\/\/dioceseteixeiradefreitas.com.br\/wp-content\/uploads\/2021\/05\/17-1024x1024.png 1024w, https:\/\/dioceseteixeiradefreitas.com.br\/wp-content\/uploads\/2021\/05\/17-768x768.png 768w, https:\/\/dioceseteixeiradefreitas.com.br\/wp-content\/uploads\/2021\/05\/17-600x600.png 600w, https:\/\/dioceseteixeiradefreitas.com.br\/wp-content\/uploads\/2021\/05\/17-100x100.png 100w, https:\/\/dioceseteixeiradefreitas.com.br\/wp-content\/uploads\/2021\/05\/17.png 1080w\" sizes=\"auto, (max-width: 150px) 100vw, 150px\" \/><\/a>\n\t\t\t<\/div><\/figure><figure class='gallery-item'>\n\t\t\t<div class='gallery-icon landscape'>\n\t\t\t\t<a href='https:\/\/dioceseteixeiradefreitas.com.br\/wp-content\/uploads\/2021\/05\/20.png'><img loading=\"lazy\" decoding=\"async\" width=\"150\" height=\"150\" src=\"https:\/\/dioceseteixeiradefreitas.com.br\/wp-content\/uploads\/2021\/05\/20-150x150.png\" class=\"attachment-thumbnail size-thumbnail\" alt=\"\" srcset=\"https:\/\/dioceseteixeiradefreitas.com.br\/wp-content\/uploads\/2021\/05\/20-150x150.png 150w, https:\/\/dioceseteixeiradefreitas.com.br\/wp-content\/uploads\/2021\/05\/20-300x300.png 300w, https:\/\/dioceseteixeiradefreitas.com.br\/wp-content\/uploads\/2021\/05\/20-1024x1024.png 1024w, https:\/\/dioceseteixeiradefreitas.com.br\/wp-content\/uploads\/2021\/05\/20-768x768.png 768w, https:\/\/dioceseteixeiradefreitas.com.br\/wp-content\/uploads\/2021\/05\/20-600x600.png 600w, https:\/\/dioceseteixeiradefreitas.com.br\/wp-content\/uploads\/2021\/05\/20-100x100.png 100w, https:\/\/dioceseteixeiradefreitas.com.br\/wp-content\/uploads\/2021\/05\/20.png 1080w\" sizes=\"auto, (max-width: 150px) 100vw, 150px\" \/><\/a>\n\t\t\t<\/div><\/figure><figure class='gallery-item'>\n\t\t\t<div class='gallery-icon landscape'>\n\t\t\t\t<a href='https:\/\/dioceseteixeiradefreitas.com.br\/wp-content\/uploads\/2021\/05\/21.png'><img loading=\"lazy\" decoding=\"async\" width=\"150\" height=\"150\" src=\"https:\/\/dioceseteixeiradefreitas.com.br\/wp-content\/uploads\/2021\/05\/21-150x150.png\" class=\"attachment-thumbnail size-thumbnail\" alt=\"\" srcset=\"https:\/\/dioceseteixeiradefreitas.com.br\/wp-content\/uploads\/2021\/05\/21-150x150.png 150w, https:\/\/dioceseteixeiradefreitas.com.br\/wp-content\/uploads\/2021\/05\/21-300x300.png 300w, https:\/\/dioceseteixeiradefreitas.com.br\/wp-content\/uploads\/2021\/05\/21-1024x1024.png 1024w, https:\/\/dioceseteixeiradefreitas.com.br\/wp-content\/uploads\/2021\/05\/21-768x768.png 768w, https:\/\/dioceseteixeiradefreitas.com.br\/wp-content\/uploads\/2021\/05\/21-600x600.png 600w, https:\/\/dioceseteixeiradefreitas.com.br\/wp-content\/uploads\/2021\/05\/21-100x100.png 100w, https:\/\/dioceseteixeiradefreitas.com.br\/wp-content\/uploads\/2021\/05\/21.png 1080w\" sizes=\"auto, (max-width: 150px) 100vw, 150px\" \/><\/a>\n\t\t\t<\/div><\/figure><figure class='gallery-item'>\n\t\t\t<div class='gallery-icon landscape'>\n\t\t\t\t<a href='https:\/\/dioceseteixeiradefreitas.com.br\/wp-content\/uploads\/2021\/05\/23.png'><img loading=\"lazy\" decoding=\"async\" width=\"150\" height=\"150\" src=\"https:\/\/dioceseteixeiradefreitas.com.br\/wp-content\/uploads\/2021\/05\/23-150x150.png\" class=\"attachment-thumbnail size-thumbnail\" alt=\"\" srcset=\"https:\/\/dioceseteixeiradefreitas.com.br\/wp-content\/uploads\/2021\/05\/23-150x150.png 150w, https:\/\/dioceseteixeiradefreitas.com.br\/wp-content\/uploads\/2021\/05\/23-300x300.png 300w, https:\/\/dioceseteixeiradefreitas.com.br\/wp-content\/uploads\/2021\/05\/23-1024x1024.png 1024w, https:\/\/dioceseteixeiradefreitas.com.br\/wp-content\/uploads\/2021\/05\/23-768x768.png 768w, https:\/\/dioceseteixeiradefreitas.com.br\/wp-content\/uploads\/2021\/05\/23-600x600.png 600w, https:\/\/dioceseteixeiradefreitas.com.br\/wp-content\/uploads\/2021\/05\/23-100x100.png 100w, https:\/\/dioceseteixeiradefreitas.com.br\/wp-content\/uploads\/2021\/05\/23.png 1080w\" sizes=\"auto, (max-width: 150px) 100vw, 150px\" \/><\/a>\n\t\t\t<\/div><\/figure><figure class='gallery-item'>\n\t\t\t<div class='gallery-icon landscape'>\n\t\t\t\t<a href='https:\/\/dioceseteixeiradefreitas.com.br\/wp-content\/uploads\/2021\/05\/25.png'><img loading=\"lazy\" decoding=\"async\" width=\"150\" height=\"150\" src=\"https:\/\/dioceseteixeiradefreitas.com.br\/wp-content\/uploads\/2021\/05\/25-150x150.png\" class=\"attachment-thumbnail size-thumbnail\" alt=\"\" srcset=\"https:\/\/dioceseteixeiradefreitas.com.br\/wp-content\/uploads\/2021\/05\/25-150x150.png 150w, https:\/\/dioceseteixeiradefreitas.com.br\/wp-content\/uploads\/2021\/05\/25-300x300.png 300w, https:\/\/dioceseteixeiradefreitas.com.br\/wp-content\/uploads\/2021\/05\/25-1024x1024.png 1024w, https:\/\/dioceseteixeiradefreitas.com.br\/wp-content\/uploads\/2021\/05\/25-768x768.png 768w, https:\/\/dioceseteixeiradefreitas.com.br\/wp-content\/uploads\/2021\/05\/25-600x600.png 600w, https:\/\/dioceseteixeiradefreitas.com.br\/wp-content\/uploads\/2021\/05\/25-100x100.png 100w, https:\/\/dioceseteixeiradefreitas.com.br\/wp-content\/uploads\/2021\/05\/25.png 1080w\" sizes=\"auto, (max-width: 150px) 100vw, 150px\" \/><\/a>\n\t\t\t<\/div><\/figure><figure class='gallery-item'>\n\t\t\t<div class='gallery-icon landscape'>\n\t\t\t\t<a href='https:\/\/dioceseteixeiradefreitas.com.br\/wp-content\/uploads\/2021\/05\/28.png'><img loading=\"lazy\" decoding=\"async\" width=\"150\" height=\"150\" src=\"https:\/\/dioceseteixeiradefreitas.com.br\/wp-content\/uploads\/2021\/05\/28-150x150.png\" class=\"attachment-thumbnail size-thumbnail\" alt=\"\" srcset=\"https:\/\/dioceseteixeiradefreitas.com.br\/wp-content\/uploads\/2021\/05\/28-150x150.png 150w, https:\/\/dioceseteixeiradefreitas.com.br\/wp-content\/uploads\/2021\/05\/28-300x300.png 300w, https:\/\/dioceseteixeiradefreitas.com.br\/wp-content\/uploads\/2021\/05\/28-1024x1024.png 1024w, https:\/\/dioceseteixeiradefreitas.com.br\/wp-content\/uploads\/2021\/05\/28-768x768.png 768w, https:\/\/dioceseteixeiradefreitas.com.br\/wp-content\/uploads\/2021\/05\/28-600x600.png 600w, https:\/\/dioceseteixeiradefreitas.com.br\/wp-content\/uploads\/2021\/05\/28-100x100.png 100w, https:\/\/dioceseteixeiradefreitas.com.br\/wp-content\/uploads\/2021\/05\/28.png 1080w\" sizes=\"auto, (max-width: 150px) 100vw, 150px\" \/><\/a>\n\t\t\t<\/div><\/figure><figure class='gallery-item'>\n\t\t\t<div class='gallery-icon landscape'>\n\t\t\t\t<a href='https:\/\/dioceseteixeiradefreitas.com.br\/wp-content\/uploads\/2021\/05\/30.png'><img loading=\"lazy\" decoding=\"async\" width=\"150\" height=\"150\" src=\"https:\/\/dioceseteixeiradefreitas.com.br\/wp-content\/uploads\/2021\/05\/30-150x150.png\" class=\"attachment-thumbnail size-thumbnail\" alt=\"\" srcset=\"https:\/\/dioceseteixeiradefreitas.com.br\/wp-content\/uploads\/2021\/05\/30-150x150.png 150w, https:\/\/dioceseteixeiradefreitas.com.br\/wp-content\/uploads\/2021\/05\/30-300x300.png 300w, https:\/\/dioceseteixeiradefreitas.com.br\/wp-content\/uploads\/2021\/05\/30-1024x1024.png 1024w, https:\/\/dioceseteixeiradefreitas.com.br\/wp-content\/uploads\/2021\/05\/30-768x768.png 768w, https:\/\/dioceseteixeiradefreitas.com.br\/wp-content\/uploads\/2021\/05\/30-600x600.png 600w, https:\/\/dioceseteixeiradefreitas.com.br\/wp-content\/uploads\/2021\/05\/30-100x100.png 100w, https:\/\/dioceseteixeiradefreitas.com.br\/wp-content\/uploads\/2021\/05\/30.png 1080w\" sizes=\"auto, (max-width: 150px) 100vw, 150px\" \/><\/a>\n\t\t\t<\/div><\/figure><figure class='gallery-item'>\n\t\t\t<div class='gallery-icon landscape'>\n\t\t\t\t<a href='https:\/\/dioceseteixeiradefreitas.com.br\/wp-content\/uploads\/2021\/05\/31.png'><img loading=\"lazy\" decoding=\"async\" width=\"150\" height=\"150\" src=\"https:\/\/dioceseteixeiradefreitas.com.br\/wp-content\/uploads\/2021\/05\/31-150x150.png\" class=\"attachment-thumbnail size-thumbnail\" alt=\"\" srcset=\"https:\/\/dioceseteixeiradefreitas.com.br\/wp-content\/uploads\/2021\/05\/31-150x150.png 150w, https:\/\/dioceseteixeiradefreitas.com.br\/wp-content\/uploads\/2021\/05\/31-300x300.png 300w, https:\/\/dioceseteixeiradefreitas.com.br\/wp-content\/uploads\/2021\/05\/31-1024x1024.png 1024w, https:\/\/dioceseteixeiradefreitas.com.br\/wp-content\/uploads\/2021\/05\/31-768x768.png 768w, https:\/\/dioceseteixeiradefreitas.com.br\/wp-content\/uploads\/2021\/05\/31-600x600.png 600w, https:\/\/dioceseteixeiradefreitas.com.br\/wp-content\/uploads\/2021\/05\/31-100x100.png 100w, https:\/\/dioceseteixeiradefreitas.com.br\/wp-content\/uploads\/2021\/05\/31.png 1080w\" sizes=\"auto, (max-width: 150px) 100vw, 150px\" \/><\/a>\n\t\t\t<\/div><\/figure><figure class='gallery-item'>\n\t\t\t<div class='gallery-icon landscape'>\n\t\t\t\t<a href='https:\/\/dioceseteixeiradefreitas.com.br\/wp-content\/uploads\/2021\/05\/33.png'><img loading=\"lazy\" decoding=\"async\" width=\"150\" height=\"150\" src=\"https:\/\/dioceseteixeiradefreitas.com.br\/wp-content\/uploads\/2021\/05\/33-150x150.png\" class=\"attachment-thumbnail size-thumbnail\" alt=\"\" srcset=\"https:\/\/dioceseteixeiradefreitas.com.br\/wp-content\/uploads\/2021\/05\/33-150x150.png 150w, https:\/\/dioceseteixeiradefreitas.com.br\/wp-content\/uploads\/2021\/05\/33-300x300.png 300w, https:\/\/dioceseteixeiradefreitas.com.br\/wp-content\/uploads\/2021\/05\/33-1024x1024.png 1024w, https:\/\/dioceseteixeiradefreitas.com.br\/wp-content\/uploads\/2021\/05\/33-768x768.png 768w, https:\/\/dioceseteixeiradefreitas.com.br\/wp-content\/uploads\/2021\/05\/33-600x600.png 600w, https:\/\/dioceseteixeiradefreitas.com.br\/wp-content\/uploads\/2021\/05\/33-100x100.png 100w, https:\/\/dioceseteixeiradefreitas.com.br\/wp-content\/uploads\/2021\/05\/33.png 1080w\" sizes=\"auto, (max-width: 150px) 100vw, 150px\" \/><\/a>\n\t\t\t<\/div><\/figure><figure class='gallery-item'>\n\t\t\t<div class='gallery-icon landscape'>\n\t\t\t\t<a href='https:\/\/dioceseteixeiradefreitas.com.br\/wp-content\/uploads\/2021\/05\/35.png'><img loading=\"lazy\" decoding=\"async\" width=\"150\" height=\"150\" src=\"https:\/\/dioceseteixeiradefreitas.com.br\/wp-content\/uploads\/2021\/05\/35-150x150.png\" class=\"attachment-thumbnail size-thumbnail\" alt=\"\" srcset=\"https:\/\/dioceseteixeiradefreitas.com.br\/wp-content\/uploads\/2021\/05\/35-150x150.png 150w, https:\/\/dioceseteixeiradefreitas.com.br\/wp-content\/uploads\/2021\/05\/35-300x300.png 300w, https:\/\/dioceseteixeiradefreitas.com.br\/wp-content\/uploads\/2021\/05\/35-1024x1024.png 1024w, https:\/\/dioceseteixeiradefreitas.com.br\/wp-content\/uploads\/2021\/05\/35-768x768.png 768w, https:\/\/dioceseteixeiradefreitas.com.br\/wp-content\/uploads\/2021\/05\/35-600x600.png 600w, https:\/\/dioceseteixeiradefreitas.com.br\/wp-content\/uploads\/2021\/05\/35-100x100.png 100w, https:\/\/dioceseteixeiradefreitas.com.br\/wp-content\/uploads\/2021\/05\/35.png 1080w\" sizes=\"auto, (max-width: 150px) 100vw, 150px\" \/><\/a>\n\t\t\t<\/div><\/figure><figure class='gallery-item'>\n\t\t\t<div class='gallery-icon landscape'>\n\t\t\t\t<a href='https:\/\/dioceseteixeiradefreitas.com.br\/wp-content\/uploads\/2021\/05\/48.png'><img loading=\"lazy\" decoding=\"async\" width=\"150\" height=\"150\" src=\"https:\/\/dioceseteixeiradefreitas.com.br\/wp-content\/uploads\/2021\/05\/48-150x150.png\" class=\"attachment-thumbnail size-thumbnail\" alt=\"\" srcset=\"https:\/\/dioceseteixeiradefreitas.com.br\/wp-content\/uploads\/2021\/05\/48-150x150.png 150w, https:\/\/dioceseteixeiradefreitas.com.br\/wp-content\/uploads\/2021\/05\/48-300x300.png 300w, https:\/\/dioceseteixeiradefreitas.com.br\/wp-content\/uploads\/2021\/05\/48-1024x1024.png 1024w, https:\/\/dioceseteixeiradefreitas.com.br\/wp-content\/uploads\/2021\/05\/48-768x768.png 768w, https:\/\/dioceseteixeiradefreitas.com.br\/wp-content\/uploads\/2021\/05\/48-600x600.png 600w, https:\/\/dioceseteixeiradefreitas.com.br\/wp-content\/uploads\/2021\/05\/48-100x100.png 100w, https:\/\/dioceseteixeiradefreitas.com.br\/wp-content\/uploads\/2021\/05\/48.png 1080w\" sizes=\"auto, (max-width: 150px) 100vw, 150px\" \/><\/a>\n\t\t\t<\/div><\/figure><figure class='gallery-item'>\n\t\t\t<div class='gallery-icon landscape'>\n\t\t\t\t<a href='https:\/\/dioceseteixeiradefreitas.com.br\/wp-content\/uploads\/2021\/05\/49.png'><img loading=\"lazy\" decoding=\"async\" width=\"150\" height=\"150\" src=\"https:\/\/dioceseteixeiradefreitas.com.br\/wp-content\/uploads\/2021\/05\/49-150x150.png\" class=\"attachment-thumbnail size-thumbnail\" alt=\"\" srcset=\"https:\/\/dioceseteixeiradefreitas.com.br\/wp-content\/uploads\/2021\/05\/49-150x150.png 150w, https:\/\/dioceseteixeiradefreitas.com.br\/wp-content\/uploads\/2021\/05\/49-300x300.png 300w, https:\/\/dioceseteixeiradefreitas.com.br\/wp-content\/uploads\/2021\/05\/49-1024x1024.png 1024w, https:\/\/dioceseteixeiradefreitas.com.br\/wp-content\/uploads\/2021\/05\/49-768x768.png 768w, https:\/\/dioceseteixeiradefreitas.com.br\/wp-content\/uploads\/2021\/05\/49-600x600.png 600w, https:\/\/dioceseteixeiradefreitas.com.br\/wp-content\/uploads\/2021\/05\/49-100x100.png 100w, https:\/\/dioceseteixeiradefreitas.com.br\/wp-content\/uploads\/2021\/05\/49.png 1080w\" sizes=\"auto, (max-width: 150px) 100vw, 150px\" \/><\/a>\n\t\t\t<\/div><\/figure><figure class='gallery-item'>\n\t\t\t<div class='gallery-icon landscape'>\n\t\t\t\t<a href='https:\/\/dioceseteixeiradefreitas.com.br\/wp-content\/uploads\/2021\/05\/50.png'><img loading=\"lazy\" decoding=\"async\" width=\"150\" height=\"150\" src=\"https:\/\/dioceseteixeiradefreitas.com.br\/wp-content\/uploads\/2021\/05\/50-150x150.png\" class=\"attachment-thumbnail size-thumbnail\" alt=\"\" srcset=\"https:\/\/dioceseteixeiradefreitas.com.br\/wp-content\/uploads\/2021\/05\/50-150x150.png 150w, https:\/\/dioceseteixeiradefreitas.com.br\/wp-content\/uploads\/2021\/05\/50-300x300.png 300w, https:\/\/dioceseteixeiradefreitas.com.br\/wp-content\/uploads\/2021\/05\/50-1024x1024.png 1024w, https:\/\/dioceseteixeiradefreitas.com.br\/wp-content\/uploads\/2021\/05\/50-768x768.png 768w, https:\/\/dioceseteixeiradefreitas.com.br\/wp-content\/uploads\/2021\/05\/50-600x600.png 600w, https:\/\/dioceseteixeiradefreitas.com.br\/wp-content\/uploads\/2021\/05\/50-100x100.png 100w, https:\/\/dioceseteixeiradefreitas.com.br\/wp-content\/uploads\/2021\/05\/50.png 1080w\" sizes=\"auto, (max-width: 150px) 100vw, 150px\" \/><\/a>\n\t\t\t<\/div><\/figure><figure class='gallery-item'>\n\t\t\t<div class='gallery-icon landscape'>\n\t\t\t\t<a href='https:\/\/dioceseteixeiradefreitas.com.br\/wp-content\/uploads\/2021\/05\/52.png'><img loading=\"lazy\" decoding=\"async\" width=\"150\" height=\"150\" src=\"https:\/\/dioceseteixeiradefreitas.com.br\/wp-content\/uploads\/2021\/05\/52-150x150.png\" class=\"attachment-thumbnail size-thumbnail\" alt=\"\" srcset=\"https:\/\/dioceseteixeiradefreitas.com.br\/wp-content\/uploads\/2021\/05\/52-150x150.png 150w, https:\/\/dioceseteixeiradefreitas.com.br\/wp-content\/uploads\/2021\/05\/52-300x300.png 300w, https:\/\/dioceseteixeiradefreitas.com.br\/wp-content\/uploads\/2021\/05\/52-1024x1024.png 1024w, https:\/\/dioceseteixeiradefreitas.com.br\/wp-content\/uploads\/2021\/05\/52-768x768.png 768w, https:\/\/dioceseteixeiradefreitas.com.br\/wp-content\/uploads\/2021\/05\/52-600x600.png 600w, https:\/\/dioceseteixeiradefreitas.com.br\/wp-content\/uploads\/2021\/05\/52-100x100.png 100w, https:\/\/dioceseteixeiradefreitas.com.br\/wp-content\/uploads\/2021\/05\/52.png 1080w\" sizes=\"auto, (max-width: 150px) 100vw, 150px\" \/><\/a>\n\t\t\t<\/div><\/figure><figure class='gallery-item'>\n\t\t\t<div class='gallery-icon landscape'>\n\t\t\t\t<a href='https:\/\/dioceseteixeiradefreitas.com.br\/wp-content\/uploads\/2021\/05\/58.png'><img loading=\"lazy\" decoding=\"async\" width=\"150\" height=\"150\" src=\"https:\/\/dioceseteixeiradefreitas.com.br\/wp-content\/uploads\/2021\/05\/58-150x150.png\" class=\"attachment-thumbnail size-thumbnail\" alt=\"\" srcset=\"https:\/\/dioceseteixeiradefreitas.com.br\/wp-content\/uploads\/2021\/05\/58-150x150.png 150w, https:\/\/dioceseteixeiradefreitas.com.br\/wp-content\/uploads\/2021\/05\/58-300x300.png 300w, https:\/\/dioceseteixeiradefreitas.com.br\/wp-content\/uploads\/2021\/05\/58-1024x1024.png 1024w, https:\/\/dioceseteixeiradefreitas.com.br\/wp-content\/uploads\/2021\/05\/58-768x768.png 768w, https:\/\/dioceseteixeiradefreitas.com.br\/wp-content\/uploads\/2021\/05\/58-600x600.png 600w, https:\/\/dioceseteixeiradefreitas.com.br\/wp-content\/uploads\/2021\/05\/58-100x100.png 100w, https:\/\/dioceseteixeiradefreitas.com.br\/wp-content\/uploads\/2021\/05\/58.png 1080w\" sizes=\"auto, (max-width: 150px) 100vw, 150px\" \/><\/a>\n\t\t\t<\/div><\/figure><figure class='gallery-item'>\n\t\t\t<div class='gallery-icon landscape'>\n\t\t\t\t<a href='https:\/\/dioceseteixeiradefreitas.com.br\/wp-content\/uploads\/2021\/05\/61.png'><img loading=\"lazy\" decoding=\"async\" width=\"150\" height=\"150\" src=\"https:\/\/dioceseteixeiradefreitas.com.br\/wp-content\/uploads\/2021\/05\/61-150x150.png\" class=\"attachment-thumbnail size-thumbnail\" alt=\"\" srcset=\"https:\/\/dioceseteixeiradefreitas.com.br\/wp-content\/uploads\/2021\/05\/61-150x150.png 150w, https:\/\/dioceseteixeiradefreitas.com.br\/wp-content\/uploads\/2021\/05\/61-300x300.png 300w, https:\/\/dioceseteixeiradefreitas.com.br\/wp-content\/uploads\/2021\/05\/61-1024x1024.png 1024w, https:\/\/dioceseteixeiradefreitas.com.br\/wp-content\/uploads\/2021\/05\/61-768x768.png 768w, https:\/\/dioceseteixeiradefreitas.com.br\/wp-content\/uploads\/2021\/05\/61-600x600.png 600w, https:\/\/dioceseteixeiradefreitas.com.br\/wp-content\/uploads\/2021\/05\/61-100x100.png 100w, https:\/\/dioceseteixeiradefreitas.com.br\/wp-content\/uploads\/2021\/05\/61.png 1080w\" sizes=\"auto, (max-width: 150px) 100vw, 150px\" \/><\/a>\n\t\t\t<\/div><\/figure><figure class='gallery-item'>\n\t\t\t<div class='gallery-icon landscape'>\n\t\t\t\t<a href='https:\/\/dioceseteixeiradefreitas.com.br\/wp-content\/uploads\/2021\/05\/MATRIZ.png'><img loading=\"lazy\" decoding=\"async\" width=\"150\" height=\"150\" src=\"https:\/\/dioceseteixeiradefreitas.com.br\/wp-content\/uploads\/2021\/05\/MATRIZ-150x150.png\" class=\"attachment-thumbnail size-thumbnail\" alt=\"\" srcset=\"https:\/\/dioceseteixeiradefreitas.com.br\/wp-content\/uploads\/2021\/05\/MATRIZ-150x150.png 150w, https:\/\/dioceseteixeiradefreitas.com.br\/wp-content\/uploads\/2021\/05\/MATRIZ-300x300.png 300w, https:\/\/dioceseteixeiradefreitas.com.br\/wp-content\/uploads\/2021\/05\/MATRIZ-1024x1024.png 1024w, https:\/\/dioceseteixeiradefreitas.com.br\/wp-content\/uploads\/2021\/05\/MATRIZ-768x768.png 768w, https:\/\/dioceseteixeiradefreitas.com.br\/wp-content\/uploads\/2021\/05\/MATRIZ-600x600.png 600w, https:\/\/dioceseteixeiradefreitas.com.br\/wp-content\/uploads\/2021\/05\/MATRIZ-100x100.png 100w, https:\/\/dioceseteixeiradefreitas.com.br\/wp-content\/uploads\/2021\/05\/MATRIZ.png 1080w\" sizes=\"auto, (max-width: 150px) 100vw, 150px\" \/><\/a>\n\t\t\t<\/div><\/figure>\n\t\t<\/div>\n\n<\/div>\n<\/div>\n<p>&nbsp;<\/p>\n","protected":false},"excerpt":{"rendered":"<p>Neste domingo, solenidade da Ascens\u00e3o do Senhor, em 16 de maio, a Igreja celebra ao 55\u00ba Dia Mundial das Comunica\u00e7\u00f5es Sociais. O tema deste ano \u00e9: \u201cVem e ver\u00e1s!&#8221; (Jo 1,46). E o lema: &#8220;Comunicar encontrando as pessoas como e onde est\u00e3o\u201d. O Santo Padre escolheu as palavras de Jo\u00e3o para refor\u00e7ar um dos fundamentos &hellip;<\/p>\n","protected":false},"author":1,"featured_media":13183,"comment_status":"closed","ping_status":"closed","sticky":false,"template":"","format":"standard","meta":{"footnotes":""},"categories":[100],"tags":[753,853,30,280],"class_list":["post-13180","post","type-post","status-publish","format-standard","has-post-thumbnail","hentry","category-noticias-diocesanas","tag-55o-dia-mundial-das-comunicacoes-sociais","tag-diocese-teixeirade-freitas-caravelas","tag-pascom-2","tag-pastoral-da-comunicacao"],"_links":{"self":[{"href":"https:\/\/dioceseteixeiradefreitas.com.br\/index.php?rest_route=\/wp\/v2\/posts\/13180","targetHints":{"allow":["GET"]}}],"collection":[{"href":"https:\/\/dioceseteixeiradefreitas.com.br\/index.php?rest_route=\/wp\/v2\/posts"}],"about":[{"href":"https:\/\/dioceseteixeiradefreitas.com.br\/index.php?rest_route=\/wp\/v2\/types\/post"}],"author":[{"embeddable":true,"href":"https:\/\/dioceseteixeiradefreitas.com.br\/index.php?rest_route=\/wp\/v2\/users\/1"}],"replies":[{"embeddable":true,"href":"https:\/\/dioceseteixeiradefreitas.com.br\/index.php?rest_route=%2Fwp%2Fv2%2Fcomments&post=13180"}],"version-history":[{"count":11,"href":"https:\/\/dioceseteixeiradefreitas.com.br\/index.php?rest_route=\/wp\/v2\/posts\/13180\/revisions"}],"predecessor-version":[{"id":13217,"href":"https:\/\/dioceseteixeiradefreitas.com.br\/index.php?rest_route=\/wp\/v2\/posts\/13180\/revisions\/13217"}],"wp:featuredmedia":[{"embeddable":true,"href":"https:\/\/dioceseteixeiradefreitas.com.br\/index.php?rest_route=\/wp\/v2\/media\/13183"}],"wp:attachment":[{"href":"https:\/\/dioceseteixeiradefreitas.com.br\/index.php?rest_route=%2Fwp%2Fv2%2Fmedia&parent=13180"}],"wp:term":[{"taxonomy":"category","embeddable":true,"href":"https:\/\/dioceseteixeiradefreitas.com.br\/index.php?rest_route=%2Fwp%2Fv2%2Fcategories&post=13180"},{"taxonomy":"post_tag","embeddable":true,"href":"https:\/\/dioceseteixeiradefreitas.com.br\/index.php?rest_route=%2Fwp%2Fv2%2Ftags&post=13180"}],"curies":[{"name":"wp","href":"https:\/\/api.w.org\/{rel}","templated":true}]}}