{"id":13394,"date":"2021-05-30T12:16:35","date_gmt":"2021-05-30T15:16:35","guid":{"rendered":"https:\/\/dioceseteixeiradefreitas.com.br\/?p=13394"},"modified":"2021-05-31T19:33:11","modified_gmt":"2021-05-31T22:33:11","slug":"gesto-solidario-de-caridade-na-solenidade-de-corpus-christi","status":"publish","type":"post","link":"https:\/\/dioceseteixeiradefreitas.com.br\/?p=13394","title":{"rendered":"Gesto solid\u00e1rio de caridade na Solenidade de Corpus Christi"},"content":{"rendered":"<figure id=\"attachment_13395\" aria-describedby=\"caption-attachment-13395\" style=\"width: 1080px\" class=\"wp-caption aligncenter\"><img loading=\"lazy\" decoding=\"async\" class=\"wp-image-13395 size-full\" src=\"https:\/\/dioceseteixeiradefreitas.com.br\/wp-content\/uploads\/2021\/05\/gesto-concreto-1.png\" alt=\"\" width=\"1080\" height=\"1080\" srcset=\"https:\/\/dioceseteixeiradefreitas.com.br\/wp-content\/uploads\/2021\/05\/gesto-concreto-1.png 1080w, https:\/\/dioceseteixeiradefreitas.com.br\/wp-content\/uploads\/2021\/05\/gesto-concreto-1-300x300.png 300w, https:\/\/dioceseteixeiradefreitas.com.br\/wp-content\/uploads\/2021\/05\/gesto-concreto-1-1024x1024.png 1024w, https:\/\/dioceseteixeiradefreitas.com.br\/wp-content\/uploads\/2021\/05\/gesto-concreto-1-150x150.png 150w, https:\/\/dioceseteixeiradefreitas.com.br\/wp-content\/uploads\/2021\/05\/gesto-concreto-1-768x768.png 768w, https:\/\/dioceseteixeiradefreitas.com.br\/wp-content\/uploads\/2021\/05\/gesto-concreto-1-600x600.png 600w, https:\/\/dioceseteixeiradefreitas.com.br\/wp-content\/uploads\/2021\/05\/gesto-concreto-1-100x100.png 100w\" sizes=\"auto, (max-width: 1080px) 100vw, 1080px\" \/><figcaption id=\"caption-attachment-13395\" class=\"wp-caption-text\">Card Gesto Solid\u00e1rio de Corpus Christi &#8211; Imagem: PASCOM\/Divulga\u00e7\u00e3o<\/figcaption><\/figure>\n<p>A Diocese de Teixeira de Freitas\/Caravelas promove no dia 03 de junho (quinta-feira), dia da Solenidade de Corpus Christi, uma iniciativa intitulada &#8220;Gesto Solid\u00e1rio de Corpus Christi&#8221;, que consiste na arrecada\u00e7\u00e3o de alimentos, produtos de limpeza e higiene pessoal para serem distribu\u00eddas as fam\u00edlias necessitadas nos territ\u00f3rios paroquiais. A campanha prop\u00f5e um novo momento de demonstrar a uni\u00e3o do povo cat\u00f3lico.<\/p>\n<p>Com a Eucaristia experimentamos a \u201csolidariedade de Deus\u201d que se revela verdadeira comida e verdadeira bebida. Corpus Christi evoca esta mensagem solid\u00e1ria e por isso esta campanha.<\/p>\n<p>O padre Le\u00f4nidas Cardoso Reis J\u00fanior, Coordenador Diocesano de Pastoral afirma que essa boa a\u00e7\u00e3o \u00e9 uma oportunidade de obedecer a ordem crist\u00e3 t\u00e3o valiosa. \u201cEste ano, a nossa Diocese est\u00e1 promovendo um gesto solid\u00e1rio para celebrarmos Corpus Christi em solidariedade com os que passam fome neste per\u00edodo de pandemia. O gesto solid\u00e1rio ser\u00e1 durante toda a Semana Eucar\u00edstica, uma oportunidade de obedecer aquela ordem crist\u00e3 t\u00e3o valiosa: &#8216;dai P\u00e3o a quem tem Fome e fome de justi\u00e7a a quem tem p\u00e3o&#8217;. No dia 03 de junho ser\u00e1 a grande Solenidade, celebrada em todas as nossas Par\u00f3quias e este gesto solid\u00e1rio possa ser uma bela express\u00e3o de nosso amor fraterno\u201d, destacou.<\/p>\n<h3><strong>COMO PARTICIPAR<\/strong><\/h3>\n<p>Para realizar esse gesto concreto de generosidade, os fi\u00e9is de bom cora\u00e7\u00e3o dever\u00e3o levar a sua contribui\u00e7\u00e3o para a celebra\u00e7\u00e3o de Corpus Christi em umas par\u00f3quias presentes no territ\u00f3rio diocesano. O destino das arrecada\u00e7\u00f5es ser\u00e1 definido por cada par\u00f3quia que conhece as necessidades das pessoas em seu entorno.<\/p>\n<h3><strong>SEMANA EUCAR\u00cdSTICA<\/strong><\/h3>\n<p><a href=\"https:\/\/dioceseteixeiradefreitas.com.br\/wp-content\/uploads\/2021\/05\/WhatsApp-Image-2021-05-17-at-10.25.29.jpeg\"><img loading=\"lazy\" decoding=\"async\" class=\"alignleft wp-image-13414\" src=\"https:\/\/dioceseteixeiradefreitas.com.br\/wp-content\/uploads\/2021\/05\/WhatsApp-Image-2021-05-17-at-10.25.29.jpeg\" alt=\"\" width=\"249\" height=\"352\" srcset=\"https:\/\/dioceseteixeiradefreitas.com.br\/wp-content\/uploads\/2021\/05\/WhatsApp-Image-2021-05-17-at-10.25.29.jpeg 904w, https:\/\/dioceseteixeiradefreitas.com.br\/wp-content\/uploads\/2021\/05\/WhatsApp-Image-2021-05-17-at-10.25.29-212x300.jpeg 212w, https:\/\/dioceseteixeiradefreitas.com.br\/wp-content\/uploads\/2021\/05\/WhatsApp-Image-2021-05-17-at-10.25.29-723x1024.jpeg 723w, https:\/\/dioceseteixeiradefreitas.com.br\/wp-content\/uploads\/2021\/05\/WhatsApp-Image-2021-05-17-at-10.25.29-768x1087.jpeg 768w, https:\/\/dioceseteixeiradefreitas.com.br\/wp-content\/uploads\/2021\/05\/WhatsApp-Image-2021-05-17-at-10.25.29-600x850.jpeg 600w\" sizes=\"auto, (max-width: 249px) 100vw, 249px\" \/><\/a>Com o intuito de preparar os fi\u00e9is para celebrar, de forma solene, o mist\u00e9rio da Eucaristia &#8211; Festa de Corpus Christi, a Diocese, por meio das suas par\u00f3quias, promove de 30 de maio a 02 de Junho de 2021, a III Semana Eucar\u00edstica. O tema escolhido para este ano \u00e9 \u201cEram perseverantes na fra\u00e7\u00e3o do p\u00e3o e nas ora\u00e7\u00f5es&#8221; (At 2, 42). Sendo assim, com uma programa\u00e7\u00e3o toda particular e especial, queremos convidar todos os fi\u00e9is, membros de pastorais, grupos e movimentos para participarem conosco, desse precioso momento de ora\u00e7\u00e3o e reflex\u00e3o em nossa Igreja.<\/p>\n<p>Devido ainda a pandemia, esse ano novamente n\u00e3o haver\u00e1 a tradicional prociss\u00e3o, mas os fi\u00e9is poder\u00e3o participar das carreatas, a fim de evitar aglomera\u00e7\u00e3o. As celebra\u00e7\u00f5es acontecer\u00e3o nas par\u00f3quias, com limita\u00e7\u00e3o de fi\u00e9is, e tamb\u00e9m com transmiss\u00e3o ao vivo pelas PASCONS paroquiais ou PASCOM Diocesana.<\/p>\n","protected":false},"excerpt":{"rendered":"<p>A Diocese de Teixeira de Freitas\/Caravelas promove no dia 03 de junho (quinta-feira), dia da Solenidade de Corpus Christi, uma iniciativa intitulada &#8220;Gesto Solid\u00e1rio de Corpus Christi&#8221;, que consiste na arrecada\u00e7\u00e3o de alimentos, produtos de limpeza e higiene pessoal para serem distribu\u00eddas as fam\u00edlias necessitadas nos territ\u00f3rios paroquiais. A campanha prop\u00f5e um novo momento de &hellip;<\/p>\n","protected":false},"author":1,"featured_media":13395,"comment_status":"closed","ping_status":"closed","sticky":false,"template":"","format":"standard","meta":{"footnotes":""},"categories":[100],"tags":[93,451,506,859],"class_list":["post-13394","post","type-post","status-publish","format-standard","has-post-thumbnail","hentry","category-noticias-diocesanas","tag-corpus-christi","tag-diocese-de-teixeira-de-freitas-caravelas","tag-foranias","tag-gesto-solidario"],"_links":{"self":[{"href":"https:\/\/dioceseteixeiradefreitas.com.br\/index.php?rest_route=\/wp\/v2\/posts\/13394","targetHints":{"allow":["GET"]}}],"collection":[{"href":"https:\/\/dioceseteixeiradefreitas.com.br\/index.php?rest_route=\/wp\/v2\/posts"}],"about":[{"href":"https:\/\/dioceseteixeiradefreitas.com.br\/index.php?rest_route=\/wp\/v2\/types\/post"}],"author":[{"embeddable":true,"href":"https:\/\/dioceseteixeiradefreitas.com.br\/index.php?rest_route=\/wp\/v2\/users\/1"}],"replies":[{"embeddable":true,"href":"https:\/\/dioceseteixeiradefreitas.com.br\/index.php?rest_route=%2Fwp%2Fv2%2Fcomments&post=13394"}],"version-history":[{"count":10,"href":"https:\/\/dioceseteixeiradefreitas.com.br\/index.php?rest_route=\/wp\/v2\/posts\/13394\/revisions"}],"predecessor-version":[{"id":13454,"href":"https:\/\/dioceseteixeiradefreitas.com.br\/index.php?rest_route=\/wp\/v2\/posts\/13394\/revisions\/13454"}],"wp:featuredmedia":[{"embeddable":true,"href":"https:\/\/dioceseteixeiradefreitas.com.br\/index.php?rest_route=\/wp\/v2\/media\/13395"}],"wp:attachment":[{"href":"https:\/\/dioceseteixeiradefreitas.com.br\/index.php?rest_route=%2Fwp%2Fv2%2Fmedia&parent=13394"}],"wp:term":[{"taxonomy":"category","embeddable":true,"href":"https:\/\/dioceseteixeiradefreitas.com.br\/index.php?rest_route=%2Fwp%2Fv2%2Fcategories&post=13394"},{"taxonomy":"post_tag","embeddable":true,"href":"https:\/\/dioceseteixeiradefreitas.com.br\/index.php?rest_route=%2Fwp%2Fv2%2Ftags&post=13394"}],"curies":[{"name":"wp","href":"https:\/\/api.w.org\/{rel}","templated":true}]}}