{"id":13419,"date":"2021-05-29T17:01:10","date_gmt":"2021-05-29T20:01:10","guid":{"rendered":"https:\/\/dioceseteixeiradefreitas.com.br\/?p=13419"},"modified":"2021-05-29T21:03:44","modified_gmt":"2021-05-30T00:03:44","slug":"pastoral-carceraria-promove-campanha-para-arrecadar-cobertores","status":"publish","type":"post","link":"https:\/\/dioceseteixeiradefreitas.com.br\/?p=13419","title":{"rendered":"Pastoral Carcer\u00e1ria promove Campanha para arrecadar cobertores"},"content":{"rendered":"<div class=\"kvgmc6g5 cxmmr5t8 oygrvhab hcukyx3x c1et5uql ii04i59q\">\n<div dir=\"auto\">\n<figure id=\"attachment_13422\" aria-describedby=\"caption-attachment-13422\" style=\"width: 1080px\" class=\"wp-caption aligncenter\"><img loading=\"lazy\" decoding=\"async\" class=\"wp-image-13422 size-full\" src=\"https:\/\/dioceseteixeiradefreitas.com.br\/wp-content\/uploads\/2021\/05\/cobertor.png\" alt=\"\" width=\"1080\" height=\"1080\" srcset=\"https:\/\/dioceseteixeiradefreitas.com.br\/wp-content\/uploads\/2021\/05\/cobertor.png 1080w, https:\/\/dioceseteixeiradefreitas.com.br\/wp-content\/uploads\/2021\/05\/cobertor-300x300.png 300w, https:\/\/dioceseteixeiradefreitas.com.br\/wp-content\/uploads\/2021\/05\/cobertor-1024x1024.png 1024w, https:\/\/dioceseteixeiradefreitas.com.br\/wp-content\/uploads\/2021\/05\/cobertor-150x150.png 150w, https:\/\/dioceseteixeiradefreitas.com.br\/wp-content\/uploads\/2021\/05\/cobertor-768x768.png 768w, https:\/\/dioceseteixeiradefreitas.com.br\/wp-content\/uploads\/2021\/05\/cobertor-600x600.png 600w, https:\/\/dioceseteixeiradefreitas.com.br\/wp-content\/uploads\/2021\/05\/cobertor-100x100.png 100w\" sizes=\"auto, (max-width: 1080px) 100vw, 1080px\" \/><figcaption id=\"caption-attachment-13422\" class=\"wp-caption-text\">Card da Campanha do Cobertor &#8211; Imagem: PASCOM\/Divulga\u00e7\u00e3o<\/figcaption><\/figure>\n<\/div>\n<\/div>\n<div dir=\"auto\"><\/div>\n<div class=\"kvgmc6g5 cxmmr5t8 oygrvhab hcukyx3x c1et5uql ii04i59q\">\n<p dir=\"auto\">A Pastoral Carcer\u00e1ria da Diocese de Teixeira de Freitas\/Caravelas iniciou no m\u00eas de maio a campanha solid\u00e1ria que visa arrecadar cobertores para os(as internos(as) do Conjunto Penal de Teixeira de Freitas e da Delegacia. A a\u00e7\u00e3o segue at\u00e9 o m\u00eas de setembro.<\/p>\n<p dir=\"auto\">Os interessados em doar os cobertores poder\u00e3o entreg\u00e1-los nas Secretarias Paroquiais ou na C\u00faria Diocesana. Posteriormente ser\u00e1 feita a separa\u00e7\u00e3o e a distribui\u00e7\u00e3o aos locais mencionados acima. A coordena\u00e7\u00e3o da pastoral ressalta que todas as cores dos cobertores s\u00e3o aceit\u00e1veis, exceto preto e marrom.<\/p>\n<p dir=\"auto\">Fa\u00e7a sua doa\u00e7\u00e3o. \u201cLembrai-vos dos encarcerados, como se v\u00f3s mesmos estiv\u00e9sseis presos com eles\u201d (Hb 13,3). Porque toda pessoa \u00e9 maior que seu erro.<\/p>\n<p dir=\"auto\">Mais informa\u00e7\u00f5es: (73) 99987-8819 \/ (73) 99978-1858<\/p>\n<\/div>\n","protected":false},"excerpt":{"rendered":"<p>A Pastoral Carcer\u00e1ria da Diocese de Teixeira de Freitas\/Caravelas iniciou no m\u00eas de maio a campanha solid\u00e1ria que visa arrecadar cobertores para os(as internos(as) do Conjunto Penal de Teixeira de Freitas e da Delegacia. A a\u00e7\u00e3o segue at\u00e9 o m\u00eas de setembro. Os interessados em doar os cobertores poder\u00e3o entreg\u00e1-los nas Secretarias Paroquiais ou na &hellip;<\/p>\n","protected":false},"author":1,"featured_media":13422,"comment_status":"closed","ping_status":"closed","sticky":false,"template":"","format":"standard","meta":{"footnotes":""},"categories":[100],"tags":[257,188,451,187,529],"class_list":["post-13419","post","type-post","status-publish","format-standard","has-post-thumbnail","hentry","category-noticias-diocesanas","tag-campanha","tag-campanha-do-cobertor","tag-diocese-de-teixeira-de-freitas-caravelas","tag-pastoral-carceraria","tag-pastoral-carceraria-diocesana"],"_links":{"self":[{"href":"https:\/\/dioceseteixeiradefreitas.com.br\/index.php?rest_route=\/wp\/v2\/posts\/13419","targetHints":{"allow":["GET"]}}],"collection":[{"href":"https:\/\/dioceseteixeiradefreitas.com.br\/index.php?rest_route=\/wp\/v2\/posts"}],"about":[{"href":"https:\/\/dioceseteixeiradefreitas.com.br\/index.php?rest_route=\/wp\/v2\/types\/post"}],"author":[{"embeddable":true,"href":"https:\/\/dioceseteixeiradefreitas.com.br\/index.php?rest_route=\/wp\/v2\/users\/1"}],"replies":[{"embeddable":true,"href":"https:\/\/dioceseteixeiradefreitas.com.br\/index.php?rest_route=%2Fwp%2Fv2%2Fcomments&post=13419"}],"version-history":[{"count":6,"href":"https:\/\/dioceseteixeiradefreitas.com.br\/index.php?rest_route=\/wp\/v2\/posts\/13419\/revisions"}],"predecessor-version":[{"id":13427,"href":"https:\/\/dioceseteixeiradefreitas.com.br\/index.php?rest_route=\/wp\/v2\/posts\/13419\/revisions\/13427"}],"wp:featuredmedia":[{"embeddable":true,"href":"https:\/\/dioceseteixeiradefreitas.com.br\/index.php?rest_route=\/wp\/v2\/media\/13422"}],"wp:attachment":[{"href":"https:\/\/dioceseteixeiradefreitas.com.br\/index.php?rest_route=%2Fwp%2Fv2%2Fmedia&parent=13419"}],"wp:term":[{"taxonomy":"category","embeddable":true,"href":"https:\/\/dioceseteixeiradefreitas.com.br\/index.php?rest_route=%2Fwp%2Fv2%2Fcategories&post=13419"},{"taxonomy":"post_tag","embeddable":true,"href":"https:\/\/dioceseteixeiradefreitas.com.br\/index.php?rest_route=%2Fwp%2Fv2%2Ftags&post=13419"}],"curies":[{"name":"wp","href":"https:\/\/api.w.org\/{rel}","templated":true}]}}