{"id":13457,"date":"2021-06-01T19:26:22","date_gmt":"2021-06-01T22:26:22","guid":{"rendered":"https:\/\/dioceseteixeiradefreitas.com.br\/?p=13457"},"modified":"2021-06-01T22:13:07","modified_gmt":"2021-06-02T01:13:07","slug":"confira-os-horarios-de-missas-no-dia-de-corpus-christi","status":"publish","type":"post","link":"https:\/\/dioceseteixeiradefreitas.com.br\/?p=13457","title":{"rendered":"Confira os hor\u00e1rios de Missas no dia de Corpus Christi"},"content":{"rendered":"<figure id=\"attachment_13459\" aria-describedby=\"caption-attachment-13459\" style=\"width: 2560px\" class=\"wp-caption aligncenter\"><img loading=\"lazy\" decoding=\"async\" class=\"wp-image-13459 size-full\" src=\"https:\/\/dioceseteixeiradefreitas.com.br\/wp-content\/uploads\/2021\/06\/cathopic_1543367616542532-scaled.jpg\" alt=\"\" width=\"2560\" height=\"1707\" srcset=\"https:\/\/dioceseteixeiradefreitas.com.br\/wp-content\/uploads\/2021\/06\/cathopic_1543367616542532-scaled.jpg 2560w, https:\/\/dioceseteixeiradefreitas.com.br\/wp-content\/uploads\/2021\/06\/cathopic_1543367616542532-300x200.jpg 300w, https:\/\/dioceseteixeiradefreitas.com.br\/wp-content\/uploads\/2021\/06\/cathopic_1543367616542532-1024x683.jpg 1024w, https:\/\/dioceseteixeiradefreitas.com.br\/wp-content\/uploads\/2021\/06\/cathopic_1543367616542532-768x512.jpg 768w, https:\/\/dioceseteixeiradefreitas.com.br\/wp-content\/uploads\/2021\/06\/cathopic_1543367616542532-1536x1024.jpg 1536w\" sizes=\"auto, (max-width: 2560px) 100vw, 2560px\" \/><figcaption id=\"caption-attachment-13459\" class=\"wp-caption-text\">Sant\u00edssimo exposto &#8211; Imagem: Cathopic\/Reprodu\u00e7\u00e3o<\/figcaption><\/figure>\n<p>No dia 03 de junho celebraremos o dia de Corpus Christi \u2013 o nome vem do latim e significa \u201cCorpo de Cristo\u201d. A festa de Corpus Christi celebra solenemente o mist\u00e9rio da Eucaristia \u2013 o Sacramento do Corpo e do Sangue de Jesus Cristo.<\/p>\n<p>A festa tradicional acontece sempre na segunda quinta-feira ap\u00f3s o domingo de Pentecostes, em alus\u00e3o \u00e0 Quinta-feira Santa, quando Jesus instituiu este sacramento. Durante a \u00faltima ceia de Jesus com seus ap\u00f3stolos, Ele mandou que celebrassem Sua lembran\u00e7a comendo o p\u00e3o e bebendo o vinho que se transformariam em seu Corpo e Sangue. Por volta de 1264, o Papa Urbano IV estendeu a festa para toda a Igreja, pedindo a S\u00e3o Tom\u00e1s de Aquino que preparasse as leituras e textos lit\u00fargicos que, at\u00e9 hoje, s\u00e3o usados durante a celebra\u00e7\u00e3o.<\/p>\n<p>Durante a festa de Corpus Christi, tornou-se costume realizar uma prociss\u00e3o com o Sant\u00edssimo Sacramento, numa forma de demonstra\u00e7\u00e3o p\u00fablica e comunit\u00e1ria de f\u00e9 na presen\u00e7a real de Jesus na Eucaristia. Por\u00e9m, devido a pandemia do COVID-19, esse ano novamente n\u00e3o haver\u00e1 a tradicional prociss\u00e3o, mas os fi\u00e9is poder\u00e3o participar das carreatas, a fim de evitar aglomera\u00e7\u00e3o.<\/p>\n<h3><strong>CORPUS CHRISTI NAS PAR\u00d3QUIAS DA DIOCESE<\/strong><\/h3>\n<p>Confira os hor\u00e1rios de Missas de Corpus Christi nas par\u00f3quias de nossa Diocese:<\/p>\n<h4><strong>FORANIA S\u00c3O PEDRO<\/strong><\/h4>\n<p>Catedral S\u00e3o Pedro: <strong>09h<\/strong> (logo ap\u00f3s carreata) \/ <strong>18h<\/strong><br \/>\nPar\u00f3quia Santo Ant\u00f4nio &#8211; Distrito: <strong>07h<\/strong><br \/>\nPar\u00f3quia S\u00e3o Francisco: <strong>09h<\/strong><br \/>\nPar\u00f3quia Santo Ant\u00f4nio: <strong>08h<\/strong> (logo ap\u00f3s carreata)<br \/>\nPar\u00f3quia S\u00e3o Sebasti\u00e3o: <strong>09h<\/strong><br \/>\nPar\u00f3quia S\u00e3o Louren\u00e7o: <strong>09h<\/strong><br \/>\nPar\u00f3quia Nossa Senhora das Gra\u00e7as: <strong>15h<\/strong><br \/>\nPar\u00f3quia S\u00e3o Jos\u00e9 Oper\u00e1rio: <strong>08h<\/strong> e <strong>16h<\/strong> (logo ap\u00f3s carreata)<br \/>\nPar\u00f3quia Santa Rita de C\u00e1ssia: <strong>17h<\/strong> (logo ap\u00f3s carreata)<br \/>\nPar\u00f3quia S\u00e3o Paulo Ap\u00f3stolo: <strong>07h<\/strong> e <strong>19h<\/strong> (Carreata \u00e0s 17h)<\/p>\n<h4>FORANIA SANTO ANT\u00d4NIO<\/h4>\n<p>Co-Catedral Santo Ant\u00f4nio: <strong>06h<\/strong> e <strong>9h<\/strong> (logo ap\u00f3s carreata)<br \/>\nPar\u00f3quia Nossa Senhora de F\u00e1tima: <strong>06h30<\/strong><br \/>\nPar\u00f3quia S\u00e3o Cosme e Dami\u00e3o: <strong>08h <\/strong>(logo ap\u00f3s carreata)\u00a0e <strong>18h<\/strong><br \/>\n\u00c1rea Pastoral Cristo Rei: <strong>07h<\/strong> e <strong>19h<\/strong><br \/>\nPar\u00f3quia S\u00e3o Bernardo: <strong>17h<\/strong> (logo ap\u00f3s carreata)<\/p>\n<h4>FORANIA IMACULADA CONCEI\u00c7\u00c3O<\/h4>\n<p>Par\u00f3quia Imaculada Concei\u00e7\u00e3o &#8211; Medeiros Neto: <strong>07h<\/strong> (logo ap\u00f3s carreata)<br \/>\nPar\u00f3quia Senhor Bom Jesus: <strong>07h<\/strong>, <strong>08h30<\/strong> e <strong>16h<\/strong> (logo ap\u00f3s carreata)<br \/>\nPar\u00f3quia Nossa Senhora D\u2019Ajuda: <strong>09h<\/strong> e <strong>18h<\/strong><\/p>\n<h4>FORANIA S\u00c3O JOS\u00c9<\/h4>\n<p>Par\u00f3quia Nossa Senhora da Concei\u00e7\u00e3o &#8211; Nova Vi\u00e7osa: Carreata: <strong>18h,<\/strong> Missa \u00e0s <strong>19h<\/strong><br \/>\nPar\u00f3quia S\u00e3o Jos\u00e9 &#8211; Mucuri: <strong>19h<\/strong><br \/>\nPar\u00f3quia S\u00e3o Benedito: <strong>09h<\/strong> (logo ap\u00f3s exposi\u00e7\u00e3o do Sant\u00edssimo e Ben\u00e7\u00e3o \u00e0s <strong>12h<\/strong>)<br \/>\nPar\u00f3quia S\u00e3o Jos\u00e9 Oper\u00e1rio &#8211; Itabat\u00e3: <strong>09h<\/strong><br \/>\nQuase-Par\u00f3quia Santa Luzia: <strong>08h<\/strong> (logo ap\u00f3s carreata)<\/p>\n<h3><strong>CORPUS CHRISTI SOLID\u00c1RIO<\/strong><\/h3>\n<p>No dia da Solenidade de Corpus Christi, a diocese promove uma iniciativa intitulada \u201cGesto Solid\u00e1rio de Corpus Christi\u201d, que consiste na arrecada\u00e7\u00e3o de alimentos, produtos de limpeza e higiene pessoal para serem distribu\u00eddas as fam\u00edlias necessitadas nos territ\u00f3rios paroquiais. A campanha prop\u00f5e um novo momento de demonstrar a uni\u00e3o do povo cat\u00f3lico. Para realizar esse gesto concreto de generosidade, os fi\u00e9is de bom cora\u00e7\u00e3o dever\u00e3o levar a sua contribui\u00e7\u00e3o para a celebra\u00e7\u00e3o de Corpus Christi em umas par\u00f3quias presentes no territ\u00f3rio diocesano. O destino das arrecada\u00e7\u00f5es ser\u00e1 definido por cada par\u00f3quia que conhece as necessidades das pessoas em seu entorno. Participe!<\/p>\n","protected":false},"excerpt":{"rendered":"<p>No dia 03 de junho celebraremos o dia de Corpus Christi \u2013 o nome vem do latim e significa \u201cCorpo de Cristo\u201d. A festa de Corpus Christi celebra solenemente o mist\u00e9rio da Eucaristia \u2013 o Sacramento do Corpo e do Sangue de Jesus Cristo. A festa tradicional acontece sempre na segunda quinta-feira ap\u00f3s o domingo &hellip;<\/p>\n","protected":false},"author":1,"featured_media":13462,"comment_status":"closed","ping_status":"closed","sticky":false,"template":"","format":"standard","meta":{"footnotes":""},"categories":[100],"tags":[93,451,506,486],"class_list":["post-13457","post","type-post","status-publish","format-standard","has-post-thumbnail","hentry","category-noticias-diocesanas","tag-corpus-christi","tag-diocese-de-teixeira-de-freitas-caravelas","tag-foranias","tag-horarios-de-missas"],"_links":{"self":[{"href":"https:\/\/dioceseteixeiradefreitas.com.br\/index.php?rest_route=\/wp\/v2\/posts\/13457","targetHints":{"allow":["GET"]}}],"collection":[{"href":"https:\/\/dioceseteixeiradefreitas.com.br\/index.php?rest_route=\/wp\/v2\/posts"}],"about":[{"href":"https:\/\/dioceseteixeiradefreitas.com.br\/index.php?rest_route=\/wp\/v2\/types\/post"}],"author":[{"embeddable":true,"href":"https:\/\/dioceseteixeiradefreitas.com.br\/index.php?rest_route=\/wp\/v2\/users\/1"}],"replies":[{"embeddable":true,"href":"https:\/\/dioceseteixeiradefreitas.com.br\/index.php?rest_route=%2Fwp%2Fv2%2Fcomments&post=13457"}],"version-history":[{"count":5,"href":"https:\/\/dioceseteixeiradefreitas.com.br\/index.php?rest_route=\/wp\/v2\/posts\/13457\/revisions"}],"predecessor-version":[{"id":13464,"href":"https:\/\/dioceseteixeiradefreitas.com.br\/index.php?rest_route=\/wp\/v2\/posts\/13457\/revisions\/13464"}],"wp:featuredmedia":[{"embeddable":true,"href":"https:\/\/dioceseteixeiradefreitas.com.br\/index.php?rest_route=\/wp\/v2\/media\/13462"}],"wp:attachment":[{"href":"https:\/\/dioceseteixeiradefreitas.com.br\/index.php?rest_route=%2Fwp%2Fv2%2Fmedia&parent=13457"}],"wp:term":[{"taxonomy":"category","embeddable":true,"href":"https:\/\/dioceseteixeiradefreitas.com.br\/index.php?rest_route=%2Fwp%2Fv2%2Fcategories&post=13457"},{"taxonomy":"post_tag","embeddable":true,"href":"https:\/\/dioceseteixeiradefreitas.com.br\/index.php?rest_route=%2Fwp%2Fv2%2Ftags&post=13457"}],"curies":[{"name":"wp","href":"https:\/\/api.w.org\/{rel}","templated":true}]}}