{"id":13746,"date":"2021-06-15T00:21:16","date_gmt":"2021-06-15T03:21:16","guid":{"rendered":"https:\/\/dioceseteixeiradefreitas.com.br\/?p=13746"},"modified":"2021-06-15T08:18:23","modified_gmt":"2021-06-15T11:18:23","slug":"prestacao-de-contas-das-coletas-da-campanha-da-fraternidade-na-diocese","status":"publish","type":"post","link":"https:\/\/dioceseteixeiradefreitas.com.br\/?p=13746","title":{"rendered":"Presta\u00e7\u00e3o de contas das coletas da Campanha da Fraternidade na Diocese"},"content":{"rendered":"<figure id=\"attachment_13753\" aria-describedby=\"caption-attachment-13753\" style=\"width: 1200px\" class=\"wp-caption aligncenter\"><img loading=\"lazy\" decoding=\"async\" class=\"wp-image-13753 size-full\" src=\"https:\/\/dioceseteixeiradefreitas.com.br\/wp-content\/uploads\/2021\/06\/estendendo-a-mao-julgando-menos-e-prevenindo-o-suicidio-1200x640-1.jpg\" alt=\"\" width=\"1200\" height=\"640\" srcset=\"https:\/\/dioceseteixeiradefreitas.com.br\/wp-content\/uploads\/2021\/06\/estendendo-a-mao-julgando-menos-e-prevenindo-o-suicidio-1200x640-1.jpg 1200w, https:\/\/dioceseteixeiradefreitas.com.br\/wp-content\/uploads\/2021\/06\/estendendo-a-mao-julgando-menos-e-prevenindo-o-suicidio-1200x640-1-300x160.jpg 300w, https:\/\/dioceseteixeiradefreitas.com.br\/wp-content\/uploads\/2021\/06\/estendendo-a-mao-julgando-menos-e-prevenindo-o-suicidio-1200x640-1-1024x546.jpg 1024w, https:\/\/dioceseteixeiradefreitas.com.br\/wp-content\/uploads\/2021\/06\/estendendo-a-mao-julgando-menos-e-prevenindo-o-suicidio-1200x640-1-768x410.jpg 768w\" sizes=\"auto, (max-width: 1200px) 100vw, 1200px\" \/><figcaption id=\"caption-attachment-13753\" class=\"wp-caption-text\">Gesto de Solidariedade &#8211; Imagem: Internet\/Reprodu\u00e7\u00e3o<\/figcaption><\/figure>\n<p>Todos os anos, o dinheiro arrecadado na Coleta da Solidariedade realizada no Domingo de Ramos em todas as Igrejas no Brasil, bem como na Diocese de Teixeira de Freitas\/Caravelas, este ano no dia 10 de abril, e administrado pelo Fundo Nacional de Solidariedade da Confer\u00eancia Nacional dos Bispos do Brasil (CNBB), tem destina\u00e7\u00e3o certa: apoiar pequenos projetos que combatam a exclus\u00e3o social a partir da promo\u00e7\u00e3o da organiza\u00e7\u00e3o dos grupos de pessoas exclu\u00eddas, refor\u00e7ando os la\u00e7os de solidariedade entre os agentes de pastoral e entre pastorais e organiza\u00e7\u00f5es sociais comprometidas com a promo\u00e7\u00e3o humana e as transforma\u00e7\u00f5es sociais.<\/p>\n<p>Para gerir essas coletas foi criado o Fundo de Solidariedade, que nasceu na 36\u00aa Assembleia Geral da Confer\u00eancia Nacional dos Bispos do Brasil (CNBB), em 1998. Sendo em dois \u00e2mbitos: nacional e diocesano.<\/p>\n<h3><b>O que \u00e9 o FNS?<\/b><\/h3>\n<p>O<b>\u00a0Fundo Nacional de Solidariedade (FNS)<\/b>\u00a0\u00e9 formado, anualmente, na\u00a0<b>Coleta Nacional da Solidariedade<\/b>, realizada no\u00a0<b>Domingo de Ramos.<\/b>\u00a0Quando se trata de uma\u00a0campanha ecum\u00eanica, as igrejas membro do CONIC tamb\u00e9m realizam a coleta e participam da gest\u00e3o dos recursos adquiridos<b>.<\/b> Os recursos tem apoiado projetos sociais em diferentes regi\u00f5es do pa\u00eds.<\/p>\n<h3><b>O que \u00e9 o FDS?<\/b><\/h3>\n<p>No \u00e2mbito diocesano, chama-se <strong>Fundo Diocesano de Solidariedade (FDS)<\/strong> e conta com a participa\u00e7\u00e3o efetiva das par\u00f3quias, quase par\u00f3quias, \u00e1reas pastorais e comunidades. O Fundo Diocesano de Solidariedade \u00e9 gerido, conforme o Diret\u00f3rio Administrativo, p\u00e1g. 112, 3.2.4. Em nossa diocese, os recursos tem ajudado pequenas pastorais e organiza\u00e7\u00f5es sociais ligadas \u00e0 promo\u00e7\u00e3o humana.<\/p>\n<p>Neste sentindo, a Diocese de Teixeira de Freitas\/Caravelas, vem a p\u00fablico divulgar a presta\u00e7\u00e3o de contas das coletas realizadas nas Campanha da Fraternidades, dos per\u00edodos de 2020 e 2021, a seguir:<\/p>\n<table>\n<tbody>\n<tr>\n<td style=\"text-align: center;\" width=\"53\">ANO<\/td>\n<td width=\"156\">TOTAL ARRECADADO NA CAMPANHA<\/td>\n<td width=\"170\">TOTAL DESTINADO AO FUNDO NACIONAL DE SOLIDARIEDADE<\/td>\n<td width=\"189\">TOTAL DESTINADO AO FUNDO DIOCESANO DE SOLIDARIEDADE<\/td>\n<\/tr>\n<tr>\n<td style=\"text-align: center;\" width=\"53\">2020<\/td>\n<td style=\"text-align: center;\" width=\"156\">R$ 5.553,05<\/td>\n<td style=\"text-align: center;\" width=\"170\">R$ 2.221,22<\/td>\n<td style=\"text-align: center;\" width=\"189\">R$ 3.331,83<\/td>\n<\/tr>\n<tr>\n<td style=\"text-align: center;\" width=\"53\">2021<\/td>\n<td style=\"text-align: center;\" width=\"156\">R$ 14.417,40<\/td>\n<td style=\"text-align: center;\" width=\"170\">R$ 7.417,40<\/td>\n<td style=\"text-align: center;\" width=\"189\">R$ 7.417,40<\/td>\n<\/tr>\n<tr>\n<td style=\"text-align: center;\" width=\"53\">TOTAL<\/td>\n<td style=\"text-align: center;\" width=\"156\">R$ 19.970,45<\/td>\n<td style=\"text-align: center;\" width=\"170\">R$ 9.859,62<\/td>\n<td style=\"text-align: center;\" width=\"189\">R$ 10.749,23<\/td>\n<\/tr>\n<\/tbody>\n<\/table>\n<p>Em 2020 dos R$ 5.553,05 que entrou, foi enviado 40% para o Fundo Nacional de Solidariedade e o restante (60%), para o Fundo Diocesano de Solidariedade.<\/p>\n<p>J\u00e1 em 2021 entrou R$ 14.417,40 e deste montante foi enviado 50% para o Fundo Nacional de Solidariedade e os outros 50% para o Fundo Diocesano de Solidariedade.<\/p>\n<p>Assim sendo, os gestores, abaixo assinado, resolveram destinar a parte que coube ao Fundo Diocesano de Solidariedade para as seguintes institui\u00e7\u00f5es no \u00e2mbito diocesano:<\/p>\n<ol>\n<li><strong>Lar dos Idosos Frei Elias Hooij em Alcoba\u00e7a:<\/strong> R$ 7.349,23 (sete mil e trezentos e quarenta e nove reais e vinte e tr\u00eas centavos)<\/li>\n<li><strong>Associa\u00e7\u00e3o Terap\u00eautica Levanta-te:<\/strong> R$ 1.900,00 (um mil e novecentos reais)<\/li>\n<li><strong>Pastoral Carcer\u00e1ria (colaborando com a campanha do cobertor para os internos do pres\u00eddio de Teixeira de Freitas):<\/strong> R$ 1.500,00 (um mil e quinhentos reais)<\/li>\n<\/ol>\n<p>Nosso gesto solid\u00e1rio pode fazer a diferen\u00e7a na vida de muitas pessoas. Que a nossa contribui\u00e7\u00e3o seja cada vez mais generosa, para que possamos juntos ajudar os nossos irm\u00e3os mais necessitados na certeza de que toda vez que fazemos ao nosso irm\u00e3o \u00e9 ao pr\u00f3prio Cristo que estamos fazendo.<\/p>\n<p>A nossa gratid\u00e3o! Com a nossa ben\u00e7\u00e3o sacerdotal,<\/p>\n<p>&nbsp;<\/p>\n<p style=\"text-align: center;\">Pe. Met\u00f3dio Macedo Santos<br \/>\n<strong>Presidente da C\u00e1ritas Diocesana<\/strong><\/p>\n<p>&nbsp;<\/p>\n<p style=\"text-align: center;\">Pe. Ronaldo Cardoso de Oliveira<br \/>\n<strong>Ec\u00f4nomo Diocesano<\/strong><\/p>\n<p>&nbsp;<\/p>\n<p>Disponibilizamos o relat\u00f3rio com a presta\u00e7\u00e3o de contas: [su_button url=&#8221;https:\/\/dioceseteixeiradefreitas.com.br\/wp-content\/uploads\/2021\/06\/presta\u00e7\u00e3o-de-contas-coleta-da-fraternidade-2020-e-2021-scaled.jpg&#8221; target=&#8221;blank&#8221;]Baixar[\/su_button]<\/p>\n","protected":false},"excerpt":{"rendered":"<p>Todos os anos, o dinheiro arrecadado na Coleta da Solidariedade realizada no Domingo de Ramos em todas as Igrejas no Brasil, bem como na Diocese de Teixeira de Freitas\/Caravelas, este ano no dia 10 de abril, e administrado pelo Fundo Nacional de Solidariedade da Confer\u00eancia Nacional dos Bispos do Brasil (CNBB), tem destina\u00e7\u00e3o certa: apoiar &hellip;<\/p>\n","protected":false},"author":1,"featured_media":13753,"comment_status":"closed","ping_status":"closed","sticky":false,"template":"","format":"standard","meta":{"footnotes":""},"categories":[100],"tags":[542,787,875,873,872,874],"class_list":["post-13746","post","type-post","status-publish","format-standard","has-post-thumbnail","hentry","category-noticias-diocesanas","tag-542","tag-787","tag-coletas-da-campanha-da-fraternidade","tag-fds","tag-fundo-de-solidariedade","tag-prestacao-de-contas"],"_links":{"self":[{"href":"https:\/\/dioceseteixeiradefreitas.com.br\/index.php?rest_route=\/wp\/v2\/posts\/13746","targetHints":{"allow":["GET"]}}],"collection":[{"href":"https:\/\/dioceseteixeiradefreitas.com.br\/index.php?rest_route=\/wp\/v2\/posts"}],"about":[{"href":"https:\/\/dioceseteixeiradefreitas.com.br\/index.php?rest_route=\/wp\/v2\/types\/post"}],"author":[{"embeddable":true,"href":"https:\/\/dioceseteixeiradefreitas.com.br\/index.php?rest_route=\/wp\/v2\/users\/1"}],"replies":[{"embeddable":true,"href":"https:\/\/dioceseteixeiradefreitas.com.br\/index.php?rest_route=%2Fwp%2Fv2%2Fcomments&post=13746"}],"version-history":[{"count":9,"href":"https:\/\/dioceseteixeiradefreitas.com.br\/index.php?rest_route=\/wp\/v2\/posts\/13746\/revisions"}],"predecessor-version":[{"id":13757,"href":"https:\/\/dioceseteixeiradefreitas.com.br\/index.php?rest_route=\/wp\/v2\/posts\/13746\/revisions\/13757"}],"wp:featuredmedia":[{"embeddable":true,"href":"https:\/\/dioceseteixeiradefreitas.com.br\/index.php?rest_route=\/wp\/v2\/media\/13753"}],"wp:attachment":[{"href":"https:\/\/dioceseteixeiradefreitas.com.br\/index.php?rest_route=%2Fwp%2Fv2%2Fmedia&parent=13746"}],"wp:term":[{"taxonomy":"category","embeddable":true,"href":"https:\/\/dioceseteixeiradefreitas.com.br\/index.php?rest_route=%2Fwp%2Fv2%2Fcategories&post=13746"},{"taxonomy":"post_tag","embeddable":true,"href":"https:\/\/dioceseteixeiradefreitas.com.br\/index.php?rest_route=%2Fwp%2Fv2%2Ftags&post=13746"}],"curies":[{"name":"wp","href":"https:\/\/api.w.org\/{rel}","templated":true}]}}