{"id":13774,"date":"2021-06-19T10:39:32","date_gmt":"2021-06-19T13:39:32","guid":{"rendered":"https:\/\/dioceseteixeiradefreitas.com.br\/?p=13774"},"modified":"2021-06-20T09:40:29","modified_gmt":"2021-06-20T12:40:29","slug":"novenario-e-festa-em-honra-ao-glorioso-sao-pedro","status":"publish","type":"post","link":"https:\/\/dioceseteixeiradefreitas.com.br\/?p=13774","title":{"rendered":"Noven\u00e1rio e Festa em Honra ao Glorioso S\u00e3o Pedro"},"content":{"rendered":"<figure id=\"attachment_13776\" aria-describedby=\"caption-attachment-13776\" style=\"width: 1125px\" class=\"wp-caption aligncenter\"><a href=\"https:\/\/dioceseteixeiradefreitas.com.br\/wp-content\/uploads\/2021\/06\/Festa_SaoPedro_2021-1.jpeg\"><img loading=\"lazy\" decoding=\"async\" class=\"wp-image-13776 size-full\" src=\"https:\/\/dioceseteixeiradefreitas.com.br\/wp-content\/uploads\/2021\/06\/Festa_SaoPedro_2021-1.jpeg\" alt=\"\" width=\"1125\" height=\"1122\" srcset=\"https:\/\/dioceseteixeiradefreitas.com.br\/wp-content\/uploads\/2021\/06\/Festa_SaoPedro_2021-1.jpeg 1125w, https:\/\/dioceseteixeiradefreitas.com.br\/wp-content\/uploads\/2021\/06\/Festa_SaoPedro_2021-1-300x300.jpeg 300w, https:\/\/dioceseteixeiradefreitas.com.br\/wp-content\/uploads\/2021\/06\/Festa_SaoPedro_2021-1-1024x1021.jpeg 1024w, https:\/\/dioceseteixeiradefreitas.com.br\/wp-content\/uploads\/2021\/06\/Festa_SaoPedro_2021-1-150x150.jpeg 150w, https:\/\/dioceseteixeiradefreitas.com.br\/wp-content\/uploads\/2021\/06\/Festa_SaoPedro_2021-1-768x766.jpeg 768w\" sizes=\"auto, (max-width: 1125px) 100vw, 1125px\" \/><\/a><figcaption id=\"caption-attachment-13776\" class=\"wp-caption-text\">Foto: Card da Festa de S\u00e3o Pedro 2021 &#8211; PASCOM S\u00e3o Pedro\/Reprodu\u00e7\u00e3o<\/figcaption><\/figure>\n<p>Inicia amanh\u00e3, dia 20 de Junho de 2021, o tradicional noven\u00e1rio em Honra ao Glorioso S\u00e3o Pedro, padroeiro da Catedral S\u00e3o Pedro, da Diocese e da cidade de Teixeira de Freitas.<\/p>\n<p>Em virtude da pandemia de Covid19, que ainda estamos vivenciando, neste ano de 2021 o noven\u00e1rio ser\u00e1 diferente, seguindo todas as normas e protocolos de sa\u00fade para combate \u00e0 Covid19, como uso de m\u00e1scara e \u00e1lcool em gel, assim como, n\u00famero reduzido de fi\u00e9is e venda de alimentos no formato drive thru.<\/p>\n<p>Iniciando as festividades, acontecer\u00e1 neste domingo, 20 de Junho de 2021, o tradicional Churrasco da Catedral, na modalidade drive thru, tanto para carros quanto para pedestres.<\/p>\n<p>As Celebra\u00e7\u00f5es Eucar\u00edsticas, aos <strong>domingos<\/strong> ser\u00e1 \u00e0s <strong>18h:00min<\/strong>, e de <strong>segunda a s\u00e1bado<\/strong>, \u00e0s <strong>19h:00min<\/strong>. A programa\u00e7\u00e3o do dia <strong>29 de Junho<\/strong>, celebrando a <strong>Festa de S\u00e3o Pedro<\/strong>, come\u00e7ar\u00e1 \u00e0s <strong>07h:00min<\/strong> com a <strong>Santa Missa<\/strong>. \u00c0s <strong>10h:00min<\/strong> teremos a tradicional <strong>carreata<\/strong>. \u00c0s <strong>15h:00min<\/strong> a <strong>Santa Missa<\/strong>. \u00c9 \u00e0s <strong>18h:00min<\/strong> a <strong>Santa Missa Solene<\/strong> em honra ao <strong>Glorioso S\u00e3o Pedro<\/strong>.<\/p>\n<p>Convidamos os fi\u00e9is para <strong>participarem<\/strong> do noven\u00e1rio e festa em honra ao Glorioso S\u00e3o Pedro, pedindo a intercess\u00e3o dele, pela nossa cidade e nossa Diocese.<\/p>\n","protected":false},"excerpt":{"rendered":"<p>Inicia amanh\u00e3, dia 20 de Junho de 2021, o tradicional noven\u00e1rio em Honra ao Glorioso S\u00e3o Pedro, padroeiro da Catedral S\u00e3o Pedro, da Diocese e da cidade de Teixeira de Freitas. Em virtude da pandemia de Covid19, que ainda estamos vivenciando, neste ano de 2021 o noven\u00e1rio ser\u00e1 diferente, seguindo todas as normas e protocolos &hellip;<\/p>\n","protected":false},"author":24,"featured_media":13776,"comment_status":"closed","ping_status":"closed","sticky":false,"template":"","format":"standard","meta":{"footnotes":""},"categories":[100,310],"tags":[879,207,878],"class_list":["post-13774","post","type-post","status-publish","format-standard","has-post-thumbnail","hentry","category-noticias-diocesanas","category-noticias-paroquiais","tag-festa-em-honra-ao-glorioso-sao-pedro","tag-novenario","tag-sao-pedro"],"_links":{"self":[{"href":"https:\/\/dioceseteixeiradefreitas.com.br\/index.php?rest_route=\/wp\/v2\/posts\/13774","targetHints":{"allow":["GET"]}}],"collection":[{"href":"https:\/\/dioceseteixeiradefreitas.com.br\/index.php?rest_route=\/wp\/v2\/posts"}],"about":[{"href":"https:\/\/dioceseteixeiradefreitas.com.br\/index.php?rest_route=\/wp\/v2\/types\/post"}],"author":[{"embeddable":true,"href":"https:\/\/dioceseteixeiradefreitas.com.br\/index.php?rest_route=\/wp\/v2\/users\/24"}],"replies":[{"embeddable":true,"href":"https:\/\/dioceseteixeiradefreitas.com.br\/index.php?rest_route=%2Fwp%2Fv2%2Fcomments&post=13774"}],"version-history":[{"count":3,"href":"https:\/\/dioceseteixeiradefreitas.com.br\/index.php?rest_route=\/wp\/v2\/posts\/13774\/revisions"}],"predecessor-version":[{"id":13787,"href":"https:\/\/dioceseteixeiradefreitas.com.br\/index.php?rest_route=\/wp\/v2\/posts\/13774\/revisions\/13787"}],"wp:featuredmedia":[{"embeddable":true,"href":"https:\/\/dioceseteixeiradefreitas.com.br\/index.php?rest_route=\/wp\/v2\/media\/13776"}],"wp:attachment":[{"href":"https:\/\/dioceseteixeiradefreitas.com.br\/index.php?rest_route=%2Fwp%2Fv2%2Fmedia&parent=13774"}],"wp:term":[{"taxonomy":"category","embeddable":true,"href":"https:\/\/dioceseteixeiradefreitas.com.br\/index.php?rest_route=%2Fwp%2Fv2%2Fcategories&post=13774"},{"taxonomy":"post_tag","embeddable":true,"href":"https:\/\/dioceseteixeiradefreitas.com.br\/index.php?rest_route=%2Fwp%2Fv2%2Ftags&post=13774"}],"curies":[{"name":"wp","href":"https:\/\/api.w.org\/{rel}","templated":true}]}}