{"id":13778,"date":"2021-06-19T13:05:34","date_gmt":"2021-06-19T16:05:34","guid":{"rendered":"https:\/\/dioceseteixeiradefreitas.com.br\/?p=13778"},"modified":"2021-06-19T13:05:34","modified_gmt":"2021-06-19T16:05:34","slug":"toda-vida-importa-neste-sabado-19-de-junho-igreja-reza-pelas-500-mil-vitimas-do-novo-coronavirus","status":"publish","type":"post","link":"https:\/\/dioceseteixeiradefreitas.com.br\/?p=13778","title":{"rendered":"TODA VIDA IMPORTA: NESTE S\u00c1BADO, 19 DE JUNHO, IGREJA REZA PELAS 500 MIL V\u00cdTIMAS DO NOVO CORONAV\u00cdRUS"},"content":{"rendered":"<figure id=\"attachment_13779\" aria-describedby=\"caption-attachment-13779\" style=\"width: 1204px\" class=\"wp-caption aligncenter\"><img loading=\"lazy\" decoding=\"async\" class=\"wp-image-13779 size-full\" src=\"https:\/\/dioceseteixeiradefreitas.com.br\/wp-content\/uploads\/2021\/06\/4-Destaque-Site.jpg\" alt=\"\" width=\"1204\" height=\"637\" srcset=\"https:\/\/dioceseteixeiradefreitas.com.br\/wp-content\/uploads\/2021\/06\/4-Destaque-Site.jpg 1204w, https:\/\/dioceseteixeiradefreitas.com.br\/wp-content\/uploads\/2021\/06\/4-Destaque-Site-300x159.jpg 300w, https:\/\/dioceseteixeiradefreitas.com.br\/wp-content\/uploads\/2021\/06\/4-Destaque-Site-1024x542.jpg 1024w, https:\/\/dioceseteixeiradefreitas.com.br\/wp-content\/uploads\/2021\/06\/4-Destaque-Site-768x406.jpg 768w\" sizes=\"auto, (max-width: 1204px) 100vw, 1204px\" \/><figcaption id=\"caption-attachment-13779\" class=\"wp-caption-text\">Toda Vida Importa &#8211; Imagem: CNBB\/Reprodu\u00e7\u00e3o<\/figcaption><\/figure>\n<p>O Brasil se aproxima da lament\u00e1vel marca de 500 mil pessoas v\u00edtimas do novo coronav\u00edrus, esse n\u00famero deve ser atingindo neste s\u00e1bado (19). Nesse contexto de luto, perdas e necessidade de esperan\u00e7a e consolo, a Confer\u00eancia Nacional dos Bispos do Brasil (CNBB) prepara ora\u00e7\u00f5es, homenagens e mobiliza\u00e7\u00f5es sociais para fazer mem\u00f3ria de tantos brasileiros e brasileiras que partiram e para ressaltar a mensagem de que \u201ctoda vida importa\u201d.<\/p>\n<p>Dessa forma, a CNBB escolheu a data para a promo\u00e7\u00e3o de atividades de sensibiliza\u00e7\u00e3o.<\/p>\n<h3>PROGRAMA\u00c7\u00c3O NACIONAL<\/h3>\n<p>O arcebispo de Belo Horizonte (MG) e presidente da CNBB, dom Walmor Oliveira de Azevedo, preside a Santa Missa na inten\u00e7\u00e3o das 500 mil v\u00edtimas da Covid-19 no Brasil, no s\u00e1bado, \u00e0s 15h.\u00a0A celebra\u00e7\u00e3o ser\u00e1 no Santu\u00e1rio Nossa Senhora da Piedade, em Caet\u00e9 (MG), com transmiss\u00e3o pelas redes sociais da CNBB e por emissoras de TV de inspira\u00e7\u00e3o cat\u00f3lica.<\/p>\n<h3>HOMENAGEM PELA DIOCESE<\/h3>\n<p>O bispo Dom Jailton DECRETA que em nossa Diocese, em todas as Missas neste dia, 19\/06\/2021, os 500 mil mortos pela COVID-19, sejam lembrados. Nas Igrejas onde n\u00e3o tiver a Celebra\u00e7\u00e3o Eucar\u00edstica seja feito, das 18h \u00e0s 19h, Adora\u00e7\u00e3o Eucar\u00edstica pelo descanso eterno destes nossos irm\u00e3os.<\/p>\n<div>Oremos pelas dores e perdas dos nossos irm\u00e3os.<\/div>\n<div><img loading=\"lazy\" decoding=\"async\" class=\"aligncenter wp-image-13781 size-large\" src=\"https:\/\/dioceseteixeiradefreitas.com.br\/wp-content\/uploads\/2021\/06\/Toda-vida-importa-1-725x1024.jpg\" alt=\"\" width=\"708\" height=\"1000\" srcset=\"https:\/\/dioceseteixeiradefreitas.com.br\/wp-content\/uploads\/2021\/06\/Toda-vida-importa-1-725x1024.jpg 725w, https:\/\/dioceseteixeiradefreitas.com.br\/wp-content\/uploads\/2021\/06\/Toda-vida-importa-1-212x300.jpg 212w, https:\/\/dioceseteixeiradefreitas.com.br\/wp-content\/uploads\/2021\/06\/Toda-vida-importa-1-768x1085.jpg 768w, https:\/\/dioceseteixeiradefreitas.com.br\/wp-content\/uploads\/2021\/06\/Toda-vida-importa-1-1087x1536.jpg 1087w, https:\/\/dioceseteixeiradefreitas.com.br\/wp-content\/uploads\/2021\/06\/Toda-vida-importa-1-1449x2048.jpg 1449w, https:\/\/dioceseteixeiradefreitas.com.br\/wp-content\/uploads\/2021\/06\/Toda-vida-importa-1-scaled.jpg 1812w\" sizes=\"auto, (max-width: 708px) 100vw, 708px\" \/><\/div>\n<p>&nbsp;<\/p>\n","protected":false},"excerpt":{"rendered":"<p>O Brasil se aproxima da lament\u00e1vel marca de 500 mil pessoas v\u00edtimas do novo coronav\u00edrus, esse n\u00famero deve ser atingindo neste s\u00e1bado (19). Nesse contexto de luto, perdas e necessidade de esperan\u00e7a e consolo, a Confer\u00eancia Nacional dos Bispos do Brasil (CNBB) prepara ora\u00e7\u00f5es, homenagens e mobiliza\u00e7\u00f5es sociais para fazer mem\u00f3ria de tantos brasileiros e &hellip;<\/p>\n","protected":false},"author":1,"featured_media":13779,"comment_status":"closed","ping_status":"closed","sticky":false,"template":"","format":"standard","meta":{"footnotes":""},"categories":[100],"tags":[191,125,60,880],"class_list":["post-13778","post","type-post","status-publish","format-standard","has-post-thumbnail","hentry","category-noticias-diocesanas","tag-cnbb","tag-diocese","tag-dom-jailton","tag-toda-a-vida-importa"],"_links":{"self":[{"href":"https:\/\/dioceseteixeiradefreitas.com.br\/index.php?rest_route=\/wp\/v2\/posts\/13778","targetHints":{"allow":["GET"]}}],"collection":[{"href":"https:\/\/dioceseteixeiradefreitas.com.br\/index.php?rest_route=\/wp\/v2\/posts"}],"about":[{"href":"https:\/\/dioceseteixeiradefreitas.com.br\/index.php?rest_route=\/wp\/v2\/types\/post"}],"author":[{"embeddable":true,"href":"https:\/\/dioceseteixeiradefreitas.com.br\/index.php?rest_route=\/wp\/v2\/users\/1"}],"replies":[{"embeddable":true,"href":"https:\/\/dioceseteixeiradefreitas.com.br\/index.php?rest_route=%2Fwp%2Fv2%2Fcomments&post=13778"}],"version-history":[{"count":1,"href":"https:\/\/dioceseteixeiradefreitas.com.br\/index.php?rest_route=\/wp\/v2\/posts\/13778\/revisions"}],"predecessor-version":[{"id":13782,"href":"https:\/\/dioceseteixeiradefreitas.com.br\/index.php?rest_route=\/wp\/v2\/posts\/13778\/revisions\/13782"}],"wp:featuredmedia":[{"embeddable":true,"href":"https:\/\/dioceseteixeiradefreitas.com.br\/index.php?rest_route=\/wp\/v2\/media\/13779"}],"wp:attachment":[{"href":"https:\/\/dioceseteixeiradefreitas.com.br\/index.php?rest_route=%2Fwp%2Fv2%2Fmedia&parent=13778"}],"wp:term":[{"taxonomy":"category","embeddable":true,"href":"https:\/\/dioceseteixeiradefreitas.com.br\/index.php?rest_route=%2Fwp%2Fv2%2Fcategories&post=13778"},{"taxonomy":"post_tag","embeddable":true,"href":"https:\/\/dioceseteixeiradefreitas.com.br\/index.php?rest_route=%2Fwp%2Fv2%2Ftags&post=13778"}],"curies":[{"name":"wp","href":"https:\/\/api.w.org\/{rel}","templated":true}]}}