{"id":13848,"date":"2021-06-30T15:34:46","date_gmt":"2021-06-30T18:34:46","guid":{"rendered":"https:\/\/dioceseteixeiradefreitas.com.br\/?p=13848"},"modified":"2021-06-30T16:48:39","modified_gmt":"2021-06-30T19:48:39","slug":"participe-da-campanha-de-arrecadacao-de-alimentos","status":"publish","type":"post","link":"https:\/\/dioceseteixeiradefreitas.com.br\/?p=13848","title":{"rendered":"Participe da Campanha de Arrecada\u00e7\u00e3o de Alimentos"},"content":{"rendered":"<figure id=\"attachment_13849\" aria-describedby=\"caption-attachment-13849\" style=\"width: 1146px\" class=\"wp-caption aligncenter\"><img loading=\"lazy\" decoding=\"async\" class=\"wp-image-13849 size-full\" src=\"https:\/\/dioceseteixeiradefreitas.com.br\/wp-content\/uploads\/2021\/06\/4e3a28a0-24af-4419-8a14-79ccf6d89cd3.jpg\" alt=\"\" width=\"1146\" height=\"1280\" srcset=\"https:\/\/dioceseteixeiradefreitas.com.br\/wp-content\/uploads\/2021\/06\/4e3a28a0-24af-4419-8a14-79ccf6d89cd3.jpg 1146w, https:\/\/dioceseteixeiradefreitas.com.br\/wp-content\/uploads\/2021\/06\/4e3a28a0-24af-4419-8a14-79ccf6d89cd3-269x300.jpg 269w, https:\/\/dioceseteixeiradefreitas.com.br\/wp-content\/uploads\/2021\/06\/4e3a28a0-24af-4419-8a14-79ccf6d89cd3-917x1024.jpg 917w, https:\/\/dioceseteixeiradefreitas.com.br\/wp-content\/uploads\/2021\/06\/4e3a28a0-24af-4419-8a14-79ccf6d89cd3-768x858.jpg 768w\" sizes=\"auto, (max-width: 1146px) 100vw, 1146px\" \/><figcaption id=\"caption-attachment-13849\" class=\"wp-caption-text\">Card da Campanha de Arrecada\u00e7\u00e3o 2021 &#8211; Imagem: Lipetral\/Reprodu\u00e7\u00e3o<\/figcaption><\/figure>\n<p>Uma campanha organizada pela LIPETRAL, filial da John Deere em Teixeira de Freitas, visa arrecadar alimentos para atender fam\u00edlias necessitadas que sofrem os efeitos da pandemia da Covid-19. A campanha tem o apoio da Diocese de Teixeira de Freitas\/Caravelas, que incentiva os fi\u00e9is de Teixeira de Freitas a fazerem este ato de caridade para com os irm\u00e3os e irm\u00e3s que tanto necessitam.<\/p>\n<p><strong>A\u00c7\u00c3O QUE MULTIPLICA<\/strong><\/p>\n<p>A cada 1kg de alimento n\u00e3o perec\u00edvel deixado em uma de nossas par\u00f3quias da Forania S\u00e3o Pedro, a Lipetral vai doar mais 1kg e a John Deere vai dobrar. Portanto, voc\u00ea faz uma doa\u00e7\u00e3o e ela se torna quatro. Os dias de arrecada\u00e7\u00e3o ser\u00e3o aos domingos (04 e 11 de julho), em uma das celebra\u00e7\u00f5es nas par\u00f3quias, mas nada impede que os fi\u00e9is fa\u00e7am a sua doa\u00e7\u00e3o durante os demais dias da semana, em hor\u00e1rio comercial.<\/p>\n<p>Esta causa envolve al\u00e9m da Diocese outras entidades e associa\u00e7\u00f5es como o Rotary Club de Teixeira de Freitas, Associa\u00e7\u00e3o Beneficente de Recupera\u00e7\u00e3o e Aux\u00edlio &#8211; ABRA, Igreja Presbiteriana do Brasil, Igreja Batista Memorial e Igreja Batista Castelinho.<\/p>\n<p>A sua participa\u00e7\u00e3o \u00e9 muito importante!<\/p>\n<p>&nbsp;<\/p>\n","protected":false},"excerpt":{"rendered":"<p>Uma campanha organizada pela LIPETRAL, filial da John Deere em Teixeira de Freitas, visa arrecadar alimentos para atender fam\u00edlias necessitadas que sofrem os efeitos da pandemia da Covid-19. A campanha tem o apoio da Diocese de Teixeira de Freitas\/Caravelas, que incentiva os fi\u00e9is de Teixeira de Freitas a fazerem este ato de caridade para com &hellip;<\/p>\n","protected":false},"author":1,"featured_media":13849,"comment_status":"closed","ping_status":"closed","sticky":false,"template":"","format":"standard","meta":{"footnotes":""},"categories":[100],"tags":[257,890,125,114,653],"class_list":["post-13848","post","type-post","status-publish","format-standard","has-post-thumbnail","hentry","category-noticias-diocesanas","tag-campanha","tag-campanha-de-arrecadacao-de-alimentos","tag-diocese","tag-paroquias","tag-solidariedade"],"_links":{"self":[{"href":"https:\/\/dioceseteixeiradefreitas.com.br\/index.php?rest_route=\/wp\/v2\/posts\/13848","targetHints":{"allow":["GET"]}}],"collection":[{"href":"https:\/\/dioceseteixeiradefreitas.com.br\/index.php?rest_route=\/wp\/v2\/posts"}],"about":[{"href":"https:\/\/dioceseteixeiradefreitas.com.br\/index.php?rest_route=\/wp\/v2\/types\/post"}],"author":[{"embeddable":true,"href":"https:\/\/dioceseteixeiradefreitas.com.br\/index.php?rest_route=\/wp\/v2\/users\/1"}],"replies":[{"embeddable":true,"href":"https:\/\/dioceseteixeiradefreitas.com.br\/index.php?rest_route=%2Fwp%2Fv2%2Fcomments&post=13848"}],"version-history":[{"count":2,"href":"https:\/\/dioceseteixeiradefreitas.com.br\/index.php?rest_route=\/wp\/v2\/posts\/13848\/revisions"}],"predecessor-version":[{"id":13851,"href":"https:\/\/dioceseteixeiradefreitas.com.br\/index.php?rest_route=\/wp\/v2\/posts\/13848\/revisions\/13851"}],"wp:featuredmedia":[{"embeddable":true,"href":"https:\/\/dioceseteixeiradefreitas.com.br\/index.php?rest_route=\/wp\/v2\/media\/13849"}],"wp:attachment":[{"href":"https:\/\/dioceseteixeiradefreitas.com.br\/index.php?rest_route=%2Fwp%2Fv2%2Fmedia&parent=13848"}],"wp:term":[{"taxonomy":"category","embeddable":true,"href":"https:\/\/dioceseteixeiradefreitas.com.br\/index.php?rest_route=%2Fwp%2Fv2%2Fcategories&post=13848"},{"taxonomy":"post_tag","embeddable":true,"href":"https:\/\/dioceseteixeiradefreitas.com.br\/index.php?rest_route=%2Fwp%2Fv2%2Ftags&post=13848"}],"curies":[{"name":"wp","href":"https:\/\/api.w.org\/{rel}","templated":true}]}}