{"id":14117,"date":"2021-07-28T10:34:18","date_gmt":"2021-07-28T13:34:18","guid":{"rendered":"https:\/\/dioceseteixeiradefreitas.com.br\/?p=14117"},"modified":"2021-07-28T10:35:36","modified_gmt":"2021-07-28T13:35:36","slug":"seminaristas-da-diocese-participam-de-retiro-anual","status":"publish","type":"post","link":"https:\/\/dioceseteixeiradefreitas.com.br\/?p=14117","title":{"rendered":"Seminaristas da diocese participam de retiro anual"},"content":{"rendered":"<figure id=\"attachment_14118\" aria-describedby=\"caption-attachment-14118\" style=\"width: 1080px\" class=\"wp-caption aligncenter\"><img loading=\"lazy\" decoding=\"async\" class=\"wp-image-14118 size-full\" src=\"https:\/\/dioceseteixeiradefreitas.com.br\/wp-content\/uploads\/2021\/07\/2.png\" alt=\"\" width=\"1080\" height=\"1080\" srcset=\"https:\/\/dioceseteixeiradefreitas.com.br\/wp-content\/uploads\/2021\/07\/2.png 1080w, https:\/\/dioceseteixeiradefreitas.com.br\/wp-content\/uploads\/2021\/07\/2-300x300.png 300w, https:\/\/dioceseteixeiradefreitas.com.br\/wp-content\/uploads\/2021\/07\/2-1024x1024.png 1024w, https:\/\/dioceseteixeiradefreitas.com.br\/wp-content\/uploads\/2021\/07\/2-150x150.png 150w, https:\/\/dioceseteixeiradefreitas.com.br\/wp-content\/uploads\/2021\/07\/2-768x768.png 768w\" sizes=\"auto, (max-width: 1080px) 100vw, 1080px\" \/><figcaption id=\"caption-attachment-14118\" class=\"wp-caption-text\">Seminaristas do Semin\u00e1rio Maior Santo Agostinho de Hipona &#8211; Foto: Donun Dei Fotografia Religiosa\/Reprodu\u00e7\u00e3o (imagem: PASCOM)<\/figcaption><\/figure>\n<p>De 27 de julho at\u00e9 o dia 01 de agosto, os trinta e um seminaristas de nossa diocese estar\u00e3o em retiro anual, que acontece nas depend\u00eancias do Semin\u00e1rio Proped\u00eautico Bom Pastor, em Teixeira de Freitas. O retiro est\u00e1 sendo assessorado pelo Bispo Diocesano, Dom Jailton de Oliveira Lino, psdp.<\/p>\n<p>Apesar do bom n\u00famero de ingressantes nos tr\u00eas semin\u00e1rios, existe uma cont\u00ednua necessidade por novas e boas voca\u00e7\u00f5es. Dom Jailton tem o desejo de criar novas par\u00f3quias, quase-par\u00f3quias e comunidades em breve para atender melhor os fi\u00e9is. O processo formativo \u00e9 longo, no geral, s\u00e3o necess\u00e1rios oito anos, em m\u00e9dia, de estudos para completar a forma\u00e7\u00e3o exigida para a ordena\u00e7\u00e3o de um padre. Dentro dos estudos existe tamb\u00e9m a fase de est\u00e1gio pastoral, onde o candidato aos finais de semana \u00e9 acolhido em uma par\u00f3quia pelo tempo necess\u00e1rio. Nesse tempo o seminarista entra em contato com a realidade da par\u00f3quia e de seus paroquianos, conhece de perto o trabalho do padre em seus afazeres paroquiais, e pode participar e se envolver com o trabalho das in\u00fameras pastorais atuantes da Igreja. No in\u00edcio de cada est\u00e1gio pastoral os seminaristas, juntamente com os padres, ao observarem a realidade da par\u00f3quia e as necessidades espec\u00edficas de cada campo de miss\u00e3o definem um programa a ser seguido, com os trabalhos que ser\u00e3o realizados e as experi\u00eancias que o seminarista ir\u00e1 realizar. O est\u00e1gio \u00e9 sempre acompanhado e orientado pelo padre respons\u00e1vel pela par\u00f3quia, que se torna, neste per\u00edodo, correspons\u00e1vel pela forma\u00e7\u00e3o daquele jovem.<\/p>\n<p>\u201co Semin\u00e1rio se qualifica como caminho que educa os candidatos a avaliar todas suas a\u00e7\u00f5es com refer\u00eancia a Cristo e a considerar a perten\u00e7a ao \u00fanico presbit\u00e9rio como dimens\u00e3o pr\u00e9via do agir pastoral e testemunho de comunh\u00e3o, indispens\u00e1veis para servir de modo eficiente o mist\u00e9rio da Igreja e a sua miss\u00e3o no mundo\u201d, diz o Papa em uma mensagem dita em um encontro com seminaristas em 2019.<\/p>\n<p>Atualmente h\u00e1 dois seminaristas no Semin\u00e1rio Proped\u00eautico Bom Pastor, dez no Semin\u00e1rio de Filosofia (Santo Agostinho de Hipona) e dezenove no Semin\u00e1rio de Teologia (S\u00e3o Jo\u00e3o Paulo II), os dois \u00faltimos localizados em Salvador-BA.<\/p>\n<p>Rezemos por nossos seminaristas que est\u00e3o em retiro anual. Pe\u00e7amos a intercess\u00e3o de S\u00e3o Lu\u00eds Gonzaga e que nossas ora\u00e7\u00f5es subam aos C\u00e9us em a\u00e7\u00e3o de gra\u00e7as por esses jovens que entregam suas vidas em prepara\u00e7\u00e3o ao sacerd\u00f3cio.<\/p>\n<p>Por PASCOM DIOCESANA<\/p>\n","protected":false},"excerpt":{"rendered":"<p>De 27 de julho at\u00e9 o dia 01 de agosto, os trinta e um seminaristas de nossa diocese estar\u00e3o em retiro anual, que acontece nas depend\u00eancias do Semin\u00e1rio Proped\u00eautico Bom Pastor, em Teixeira de Freitas. O retiro est\u00e1 sendo assessorado pelo Bispo Diocesano, Dom Jailton de Oliveira Lino, psdp. Apesar do bom n\u00famero de ingressantes &hellip;<\/p>\n","protected":false},"author":1,"featured_media":14118,"comment_status":"closed","ping_status":"closed","sticky":false,"template":"","format":"standard","meta":{"footnotes":""},"categories":[100,101],"tags":[889,904,905,160],"class_list":["post-14117","post","type-post","status-publish","format-standard","has-post-thumbnail","hentry","category-noticias-diocesanas","category-noticias-do-seminario","tag-diocese-de-teixeira-de-freitas","tag-retro-anual","tag-seminarios","tag-seminaristas"],"_links":{"self":[{"href":"https:\/\/dioceseteixeiradefreitas.com.br\/index.php?rest_route=\/wp\/v2\/posts\/14117","targetHints":{"allow":["GET"]}}],"collection":[{"href":"https:\/\/dioceseteixeiradefreitas.com.br\/index.php?rest_route=\/wp\/v2\/posts"}],"about":[{"href":"https:\/\/dioceseteixeiradefreitas.com.br\/index.php?rest_route=\/wp\/v2\/types\/post"}],"author":[{"embeddable":true,"href":"https:\/\/dioceseteixeiradefreitas.com.br\/index.php?rest_route=\/wp\/v2\/users\/1"}],"replies":[{"embeddable":true,"href":"https:\/\/dioceseteixeiradefreitas.com.br\/index.php?rest_route=%2Fwp%2Fv2%2Fcomments&post=14117"}],"version-history":[{"count":3,"href":"https:\/\/dioceseteixeiradefreitas.com.br\/index.php?rest_route=\/wp\/v2\/posts\/14117\/revisions"}],"predecessor-version":[{"id":14121,"href":"https:\/\/dioceseteixeiradefreitas.com.br\/index.php?rest_route=\/wp\/v2\/posts\/14117\/revisions\/14121"}],"wp:featuredmedia":[{"embeddable":true,"href":"https:\/\/dioceseteixeiradefreitas.com.br\/index.php?rest_route=\/wp\/v2\/media\/14118"}],"wp:attachment":[{"href":"https:\/\/dioceseteixeiradefreitas.com.br\/index.php?rest_route=%2Fwp%2Fv2%2Fmedia&parent=14117"}],"wp:term":[{"taxonomy":"category","embeddable":true,"href":"https:\/\/dioceseteixeiradefreitas.com.br\/index.php?rest_route=%2Fwp%2Fv2%2Fcategories&post=14117"},{"taxonomy":"post_tag","embeddable":true,"href":"https:\/\/dioceseteixeiradefreitas.com.br\/index.php?rest_route=%2Fwp%2Fv2%2Ftags&post=14117"}],"curies":[{"name":"wp","href":"https:\/\/api.w.org\/{rel}","templated":true}]}}