{"id":14162,"date":"2021-08-03T10:53:14","date_gmt":"2021-08-03T13:53:14","guid":{"rendered":"https:\/\/dioceseteixeiradefreitas.com.br\/?p=14162"},"modified":"2021-08-03T10:53:14","modified_gmt":"2021-08-03T13:53:14","slug":"religiosas-realizam-retiro-anual","status":"publish","type":"post","link":"https:\/\/dioceseteixeiradefreitas.com.br\/?p=14162","title":{"rendered":"Religiosas realizam retiro anual"},"content":{"rendered":"<figure id=\"attachment_14163\" aria-describedby=\"caption-attachment-14163\" style=\"width: 1650px\" class=\"wp-caption aligncenter\"><img loading=\"lazy\" decoding=\"async\" class=\"wp-image-14163 size-full\" src=\"https:\/\/dioceseteixeiradefreitas.com.br\/wp-content\/uploads\/2021\/08\/Retiro-dos-Religiosos-de-2021-defintivo.jpg\" alt=\"\" width=\"1650\" height=\"801\" srcset=\"https:\/\/dioceseteixeiradefreitas.com.br\/wp-content\/uploads\/2021\/08\/Retiro-dos-Religiosos-de-2021-defintivo.jpg 1650w, https:\/\/dioceseteixeiradefreitas.com.br\/wp-content\/uploads\/2021\/08\/Retiro-dos-Religiosos-de-2021-defintivo-300x146.jpg 300w, https:\/\/dioceseteixeiradefreitas.com.br\/wp-content\/uploads\/2021\/08\/Retiro-dos-Religiosos-de-2021-defintivo-1024x497.jpg 1024w, https:\/\/dioceseteixeiradefreitas.com.br\/wp-content\/uploads\/2021\/08\/Retiro-dos-Religiosos-de-2021-defintivo-768x373.jpg 768w, https:\/\/dioceseteixeiradefreitas.com.br\/wp-content\/uploads\/2021\/08\/Retiro-dos-Religiosos-de-2021-defintivo-1536x746.jpg 1536w\" sizes=\"auto, (max-width: 1650px) 100vw, 1650px\" \/><figcaption id=\"caption-attachment-14163\" class=\"wp-caption-text\">Retiro da Vida Consagrada &#8211; Imagem: CRB\/Reprodu\u00e7\u00e3o<\/figcaption><\/figure>\n<p>Acontece de 02 a 07 de agosto de 2021, o retiro das religiosas de nossa diocese, organizada pela coordenadora Irm\u00e3 M. Noemia Schneider, da Confer\u00eancia dos Religiosos do Brasil &#8211; CRB da diocese.<\/p>\n<p>Com o tema: &#8220;Profetismo da Vida Religiosa Consagrada e desafios para nossa pr\u00e1tica, a partir da palavra&#8221;, o\u00a0encontro est\u00e1 sendo realizando virtualmente, por meio de aplicativo de videoconfer\u00eancia e sendo assessorado pelo bispo diocesano, Dom Jailton de Oliveira Lino, psdp. O encerramento ser\u00e1 com a Santa Missa, \u00e0s 10h, na Capela do Instituto Francisco de Assis &#8211; IFA.<\/p>\n<blockquote><p>Com certeza \u00e9 um tempo de gra\u00e7a; um tempo de cultivo, de ora\u00e7\u00e3o, de experi\u00eancia intensa com Deus, com os outros, conosco mesmos e com a natureza&#8221;, diz a Irm\u00e3 Noemia.<\/p><\/blockquote>\n<p>Animar a voca\u00e7\u00e3o na diocese, promovendo a comunh\u00e3o entre os membros dos diversos Institutos Religiosos \u00e9 uma das miss\u00f5es da CRB.<\/p>\n<p>Rezemos por todos religiosos e religiosas\u00a0 para que se preparem com muita intensidade para estes dias de renova\u00e7\u00e3o da Vida Consagrada.<\/p>\n<p>&nbsp;<\/p>\n","protected":false},"excerpt":{"rendered":"<p>Acontece de 02 a 07 de agosto de 2021, o retiro das religiosas de nossa diocese, organizada pela coordenadora Irm\u00e3 M. Noemia Schneider, da Confer\u00eancia dos Religiosos do Brasil &#8211; CRB da diocese. Com o tema: &#8220;Profetismo da Vida Religiosa Consagrada e desafios para nossa pr\u00e1tica, a partir da palavra&#8221;, o\u00a0encontro est\u00e1 sendo realizando virtualmente, &hellip;<\/p>\n","protected":false},"author":1,"featured_media":14163,"comment_status":"closed","ping_status":"closed","sticky":false,"template":"","format":"standard","meta":{"footnotes":""},"categories":[100],"tags":[586,451,906,907,588,229],"class_list":["post-14162","post","type-post","status-publish","format-standard","has-post-thumbnail","hentry","category-noticias-diocesanas","tag-crb","tag-diocese-de-teixeira-de-freitas-caravelas","tag-religiosas","tag-religiosos","tag-retiro","tag-vida-consagrada"],"_links":{"self":[{"href":"https:\/\/dioceseteixeiradefreitas.com.br\/index.php?rest_route=\/wp\/v2\/posts\/14162","targetHints":{"allow":["GET"]}}],"collection":[{"href":"https:\/\/dioceseteixeiradefreitas.com.br\/index.php?rest_route=\/wp\/v2\/posts"}],"about":[{"href":"https:\/\/dioceseteixeiradefreitas.com.br\/index.php?rest_route=\/wp\/v2\/types\/post"}],"author":[{"embeddable":true,"href":"https:\/\/dioceseteixeiradefreitas.com.br\/index.php?rest_route=\/wp\/v2\/users\/1"}],"replies":[{"embeddable":true,"href":"https:\/\/dioceseteixeiradefreitas.com.br\/index.php?rest_route=%2Fwp%2Fv2%2Fcomments&post=14162"}],"version-history":[{"count":1,"href":"https:\/\/dioceseteixeiradefreitas.com.br\/index.php?rest_route=\/wp\/v2\/posts\/14162\/revisions"}],"predecessor-version":[{"id":14164,"href":"https:\/\/dioceseteixeiradefreitas.com.br\/index.php?rest_route=\/wp\/v2\/posts\/14162\/revisions\/14164"}],"wp:featuredmedia":[{"embeddable":true,"href":"https:\/\/dioceseteixeiradefreitas.com.br\/index.php?rest_route=\/wp\/v2\/media\/14163"}],"wp:attachment":[{"href":"https:\/\/dioceseteixeiradefreitas.com.br\/index.php?rest_route=%2Fwp%2Fv2%2Fmedia&parent=14162"}],"wp:term":[{"taxonomy":"category","embeddable":true,"href":"https:\/\/dioceseteixeiradefreitas.com.br\/index.php?rest_route=%2Fwp%2Fv2%2Fcategories&post=14162"},{"taxonomy":"post_tag","embeddable":true,"href":"https:\/\/dioceseteixeiradefreitas.com.br\/index.php?rest_route=%2Fwp%2Fv2%2Ftags&post=14162"}],"curies":[{"name":"wp","href":"https:\/\/api.w.org\/{rel}","templated":true}]}}