{"id":14172,"date":"2021-08-09T22:04:50","date_gmt":"2021-08-10T01:04:50","guid":{"rendered":"https:\/\/dioceseteixeiradefreitas.com.br\/?p=14172"},"modified":"2021-08-09T22:28:04","modified_gmt":"2021-08-10T01:28:04","slug":"celebracao-marca-o-encerramento-do-retiro-das-religiosas-na-diocese","status":"publish","type":"post","link":"https:\/\/dioceseteixeiradefreitas.com.br\/?p=14172","title":{"rendered":"Celebra\u00e7\u00e3o marca o encerramento do retiro das Religiosas na Diocese"},"content":{"rendered":"<figure id=\"attachment_14176\" aria-describedby=\"caption-attachment-14176\" style=\"width: 1024px\" class=\"wp-caption aligncenter\"><img loading=\"lazy\" decoding=\"async\" class=\"wp-image-14176 size-full\" src=\"https:\/\/dioceseteixeiradefreitas.com.br\/wp-content\/uploads\/2021\/08\/IMG_0902.jpg\" alt=\"\" width=\"1024\" height=\"683\" srcset=\"https:\/\/dioceseteixeiradefreitas.com.br\/wp-content\/uploads\/2021\/08\/IMG_0902.jpg 1024w, https:\/\/dioceseteixeiradefreitas.com.br\/wp-content\/uploads\/2021\/08\/IMG_0902-300x200.jpg 300w, https:\/\/dioceseteixeiradefreitas.com.br\/wp-content\/uploads\/2021\/08\/IMG_0902-768x512.jpg 768w\" sizes=\"auto, (max-width: 1024px) 100vw, 1024px\" \/><figcaption id=\"caption-attachment-14176\" class=\"wp-caption-text\">Religiosas participam de celebra\u00e7\u00e3o de encerramento do retiro anual &#8211; Foto: PASCOM\/Divulga\u00e7\u00e3o<\/figcaption><\/figure>\n<p>Foi encerrado neste s\u00e1bado (07), com a Santa Missa \u00e0s 10h, o Retiro das Religiosas de nossa Diocese. A celebra\u00e7\u00e3o aconteceu na Capela do Instituto Francisco de Assis (IFA), em Teixeira de Freitas. Presidida por Dom Jailton de Oliveira Lino, psdp e concelebrada pelo Pe. Le\u00f4nidas Cardoso Reis J\u00fanior, Coordenador Diocesano de Pastoral.<\/p>\n<p>Sete congrega\u00e7\u00f5es e tr\u00eas institutos religiosos participaram de toda programa\u00e7\u00e3o, que teve in\u00edcio no dia 02 de agosto de 2021, organizado pela Irm\u00e3 M. Noemia Schneider, da Confer\u00eancia dos Religiosos do Brasil &#8211; CRB da diocese.<\/p>\n<p>Na homilia, Dom Jailton agradeceu as religiosas por se dedicarem \u00e0 Vida Consagrada e ao pr\u00f3ximo em nossa diocese. Ap\u00f3s, as irm\u00e3s fizeram a renova\u00e7\u00e3o dos votos religiosos.<\/p>\n<figure id=\"attachment_14182\" aria-describedby=\"caption-attachment-14182\" style=\"width: 1357px\" class=\"wp-caption aligncenter\"><img loading=\"lazy\" decoding=\"async\" class=\"wp-image-14182 size-full\" src=\"https:\/\/dioceseteixeiradefreitas.com.br\/wp-content\/uploads\/2021\/08\/1.png\" alt=\"\" width=\"1357\" height=\"615\" srcset=\"https:\/\/dioceseteixeiradefreitas.com.br\/wp-content\/uploads\/2021\/08\/1.png 1357w, https:\/\/dioceseteixeiradefreitas.com.br\/wp-content\/uploads\/2021\/08\/1-300x136.png 300w, https:\/\/dioceseteixeiradefreitas.com.br\/wp-content\/uploads\/2021\/08\/1-1024x464.png 1024w, https:\/\/dioceseteixeiradefreitas.com.br\/wp-content\/uploads\/2021\/08\/1-768x348.png 768w\" sizes=\"auto, (max-width: 1357px) 100vw, 1357px\" \/><figcaption id=\"caption-attachment-14182\" class=\"wp-caption-text\">Religiosas participando do retiro por meio de app. &#8211; Imagem: Google Meet\/Reprodu\u00e7\u00e3o<\/figcaption><\/figure>\n<p>Com o tema: \u201cProfetismo da Vida Religiosa Consagrada e desafios para nossa pr\u00e1tica, a partir da palavra\u201d, o retiro foi realizando virtualmente, por meio de aplicativo de videoconfer\u00eancia e sendo assessorado pelo bispo diocesano, Dom Jailton.<\/p>\n<p>[su_note note_color=&#8221;#f3d318&#8243; text_color=&#8221;#ffffff&#8221;]Veja a galeria:[\/su_note]<\/p>\n<p>[Best_Wordpress_Gallery id=&#8221;9&#8243; gal_title=&#8221;religiosas&#8221;]<\/p>\n<p>&nbsp;<\/p>\n","protected":false},"excerpt":{"rendered":"<p>Foi encerrado neste s\u00e1bado (07), com a Santa Missa \u00e0s 10h, o Retiro das Religiosas de nossa Diocese. A celebra\u00e7\u00e3o aconteceu na Capela do Instituto Francisco de Assis (IFA), em Teixeira de Freitas. Presidida por Dom Jailton de Oliveira Lino, psdp e concelebrada pelo Pe. Le\u00f4nidas Cardoso Reis J\u00fanior, Coordenador Diocesano de Pastoral. Sete congrega\u00e7\u00f5es &hellip;<\/p>\n","protected":false},"author":1,"featured_media":14175,"comment_status":"closed","ping_status":"closed","sticky":false,"template":"","format":"standard","meta":{"footnotes":""},"categories":[100],"tags":[586,906,588,229],"class_list":["post-14172","post","type-post","status-publish","format-standard","has-post-thumbnail","hentry","category-noticias-diocesanas","tag-crb","tag-religiosas","tag-retiro","tag-vida-consagrada"],"_links":{"self":[{"href":"https:\/\/dioceseteixeiradefreitas.com.br\/index.php?rest_route=\/wp\/v2\/posts\/14172","targetHints":{"allow":["GET"]}}],"collection":[{"href":"https:\/\/dioceseteixeiradefreitas.com.br\/index.php?rest_route=\/wp\/v2\/posts"}],"about":[{"href":"https:\/\/dioceseteixeiradefreitas.com.br\/index.php?rest_route=\/wp\/v2\/types\/post"}],"author":[{"embeddable":true,"href":"https:\/\/dioceseteixeiradefreitas.com.br\/index.php?rest_route=\/wp\/v2\/users\/1"}],"replies":[{"embeddable":true,"href":"https:\/\/dioceseteixeiradefreitas.com.br\/index.php?rest_route=%2Fwp%2Fv2%2Fcomments&post=14172"}],"version-history":[{"count":6,"href":"https:\/\/dioceseteixeiradefreitas.com.br\/index.php?rest_route=\/wp\/v2\/posts\/14172\/revisions"}],"predecessor-version":[{"id":14183,"href":"https:\/\/dioceseteixeiradefreitas.com.br\/index.php?rest_route=\/wp\/v2\/posts\/14172\/revisions\/14183"}],"wp:featuredmedia":[{"embeddable":true,"href":"https:\/\/dioceseteixeiradefreitas.com.br\/index.php?rest_route=\/wp\/v2\/media\/14175"}],"wp:attachment":[{"href":"https:\/\/dioceseteixeiradefreitas.com.br\/index.php?rest_route=%2Fwp%2Fv2%2Fmedia&parent=14172"}],"wp:term":[{"taxonomy":"category","embeddable":true,"href":"https:\/\/dioceseteixeiradefreitas.com.br\/index.php?rest_route=%2Fwp%2Fv2%2Fcategories&post=14172"},{"taxonomy":"post_tag","embeddable":true,"href":"https:\/\/dioceseteixeiradefreitas.com.br\/index.php?rest_route=%2Fwp%2Fv2%2Ftags&post=14172"}],"curies":[{"name":"wp","href":"https:\/\/api.w.org\/{rel}","templated":true}]}}