{"id":14206,"date":"2021-08-13T14:08:50","date_gmt":"2021-08-13T17:08:50","guid":{"rendered":"https:\/\/dioceseteixeiradefreitas.com.br\/?p=14206"},"modified":"2021-08-14T10:33:02","modified_gmt":"2021-08-14T13:33:02","slug":"festa-de-nossa-senhora-da-guia-acontece-em-jucurucu","status":"publish","type":"post","link":"https:\/\/dioceseteixeiradefreitas.com.br\/?p=14206","title":{"rendered":"Festa de Nossa Senhora da Guia acontece em Jucuru\u00e7u"},"content":{"rendered":"<figure id=\"attachment_14207\" aria-describedby=\"caption-attachment-14207\" style=\"width: 800px\" class=\"wp-caption aligncenter\"><img loading=\"lazy\" decoding=\"async\" class=\"wp-image-14207 size-full\" src=\"https:\/\/dioceseteixeiradefreitas.com.br\/wp-content\/uploads\/2021\/08\/c5f23030-90d9-4fea-b097-a77ad672d657.png\" alt=\"\" width=\"800\" height=\"1000\" srcset=\"https:\/\/dioceseteixeiradefreitas.com.br\/wp-content\/uploads\/2021\/08\/c5f23030-90d9-4fea-b097-a77ad672d657.png 800w, https:\/\/dioceseteixeiradefreitas.com.br\/wp-content\/uploads\/2021\/08\/c5f23030-90d9-4fea-b097-a77ad672d657-240x300.png 240w, https:\/\/dioceseteixeiradefreitas.com.br\/wp-content\/uploads\/2021\/08\/c5f23030-90d9-4fea-b097-a77ad672d657-768x960.png 768w\" sizes=\"auto, (max-width: 800px) 100vw, 800px\" \/><figcaption id=\"caption-attachment-14207\" class=\"wp-caption-text\">Festa de Nossa Senhora da Guia &#8211; Imagem: Par\u00f3quia S\u00e3o Sebasti\u00e3o\/Reprodu\u00e7\u00e3o<\/figcaption><\/figure>\n<p>Nesta quinta-feira (12) ter\u00e1 in\u00edcio mais uma edi\u00e7\u00e3o do tradicional tr\u00edduo e Festa em louvor \u00e0 Nossa Senhora da Guia na Par\u00f3quia S\u00e3o Benedito em Jucuru\u00e7u. Os festejos seguem at\u00e9 o dia 15 deste m\u00eas com missas e carreata. De acordo com o padre Gilson Correia, administrador paroquial, a festa \u00e9 a mais bonita devo\u00e7\u00e3o do povo cat\u00f3lico local depois do padroeiro S\u00e3o Sebasti\u00e3o.<\/p>\n<p>A Santa Missa festiva ocorre neste domingo (15), \u00e0s 19h, na Igreja Matriz de S\u00e3o Sebasti\u00e3o.<\/p>\n<p>&#8220;\u00c9 uma alegria poder celebrar a festa mesmo diante das dificuldades. E a gente aproveita pra recorrer a ela pra vencer \u00e0 pandemia do Covid-19, sem jamais perder a f\u00e9&#8221;, declara o padre.<\/p>\n<p>Participe!<\/p>\n<p><span style=\"color: #424242;\">Nossa Senhora da Guia\u00a0<\/span><span style=\"color: #424242;\">e sua devo\u00e7\u00e3o surgiu, na verdade, na Igreja Ortodoxa, que \u00e9 reconhecida pelo Vaticano. Nossa Senhora da Guia e sua devo\u00e7\u00e3o surgiu, na verdade, na Igreja Ortodoxa, que \u00e9 reconhecida pelo Vaticano.<\/span><\/p>\n<p><strong><span style=\"color: #424242;\">Nossa Senhora realmente guia<\/span><\/strong><\/p>\n<p>O papel de Maria, M\u00e3e de Jesus, na hist\u00f3ria da salva\u00e7\u00e3o \u00e9 important\u00edssimo. Al\u00e9m do seu sim a Deus, de gerar Jesus Cristo como homem e de educ\u00e1-lo como filho, Ela guia o ser humano, conduzindo para Deus \u00e0queles que querem. Nas Bodas de Can\u00e1,\u00a0<b>Maria disse uma frase que \u00e9 emblem\u00e1tica<\/b>\u00a0desta sua miss\u00e3o de Guia da humanidade. Ela disse: &#8220;<b>Fazei tudo o que ele (Jesus) vos disser&#8221;<\/b>. Esta \u00e9 uma das grandes miss\u00f5es de Nossa Senhora:\u00a0<b>conduzir-nos at\u00e9 Jesus<\/b>.<\/p>\n<p>&nbsp;<\/p>\n","protected":false},"excerpt":{"rendered":"<p>Nesta quinta-feira (12) ter\u00e1 in\u00edcio mais uma edi\u00e7\u00e3o do tradicional tr\u00edduo e Festa em louvor \u00e0 Nossa Senhora da Guia na Par\u00f3quia S\u00e3o Benedito em Jucuru\u00e7u. Os festejos seguem at\u00e9 o dia 15 deste m\u00eas com missas e carreata. De acordo com o padre Gilson Correia, administrador paroquial, a festa \u00e9 a mais bonita devo\u00e7\u00e3o &hellip;<\/p>\n","protected":false},"author":1,"featured_media":14207,"comment_status":"closed","ping_status":"closed","sticky":false,"template":"","format":"standard","meta":{"footnotes":""},"categories":[310],"tags":[109,245,244],"class_list":["post-14206","post","type-post","status-publish","format-standard","has-post-thumbnail","hentry","category-noticias-paroquiais","tag-forania-santo-antonio","tag-jucurucu","tag-paroquia-sao-sebastiao"],"_links":{"self":[{"href":"https:\/\/dioceseteixeiradefreitas.com.br\/index.php?rest_route=\/wp\/v2\/posts\/14206","targetHints":{"allow":["GET"]}}],"collection":[{"href":"https:\/\/dioceseteixeiradefreitas.com.br\/index.php?rest_route=\/wp\/v2\/posts"}],"about":[{"href":"https:\/\/dioceseteixeiradefreitas.com.br\/index.php?rest_route=\/wp\/v2\/types\/post"}],"author":[{"embeddable":true,"href":"https:\/\/dioceseteixeiradefreitas.com.br\/index.php?rest_route=\/wp\/v2\/users\/1"}],"replies":[{"embeddable":true,"href":"https:\/\/dioceseteixeiradefreitas.com.br\/index.php?rest_route=%2Fwp%2Fv2%2Fcomments&post=14206"}],"version-history":[{"count":5,"href":"https:\/\/dioceseteixeiradefreitas.com.br\/index.php?rest_route=\/wp\/v2\/posts\/14206\/revisions"}],"predecessor-version":[{"id":14212,"href":"https:\/\/dioceseteixeiradefreitas.com.br\/index.php?rest_route=\/wp\/v2\/posts\/14206\/revisions\/14212"}],"wp:featuredmedia":[{"embeddable":true,"href":"https:\/\/dioceseteixeiradefreitas.com.br\/index.php?rest_route=\/wp\/v2\/media\/14207"}],"wp:attachment":[{"href":"https:\/\/dioceseteixeiradefreitas.com.br\/index.php?rest_route=%2Fwp%2Fv2%2Fmedia&parent=14206"}],"wp:term":[{"taxonomy":"category","embeddable":true,"href":"https:\/\/dioceseteixeiradefreitas.com.br\/index.php?rest_route=%2Fwp%2Fv2%2Fcategories&post=14206"},{"taxonomy":"post_tag","embeddable":true,"href":"https:\/\/dioceseteixeiradefreitas.com.br\/index.php?rest_route=%2Fwp%2Fv2%2Ftags&post=14206"}],"curies":[{"name":"wp","href":"https:\/\/api.w.org\/{rel}","templated":true}]}}