{"id":14219,"date":"2021-08-16T07:58:37","date_gmt":"2021-08-16T10:58:37","guid":{"rendered":"https:\/\/dioceseteixeiradefreitas.com.br\/?p=14219"},"modified":"2021-08-16T07:59:32","modified_gmt":"2021-08-16T10:59:32","slug":"mensagem-para-todos-da-vida-consagrada","status":"publish","type":"post","link":"https:\/\/dioceseteixeiradefreitas.com.br\/?p=14219","title":{"rendered":"Mensagem da Coordenadora da CRB para todos da Vida Religiosa"},"content":{"rendered":"<figure id=\"attachment_14173\" aria-describedby=\"caption-attachment-14173\" style=\"width: 1024px\" class=\"wp-caption aligncenter\"><img loading=\"lazy\" decoding=\"async\" class=\"wp-image-14173 size-full\" src=\"https:\/\/dioceseteixeiradefreitas.com.br\/wp-content\/uploads\/2021\/08\/IMG_0987.jpg\" alt=\"\" width=\"1024\" height=\"683\" srcset=\"https:\/\/dioceseteixeiradefreitas.com.br\/wp-content\/uploads\/2021\/08\/IMG_0987.jpg 1024w, https:\/\/dioceseteixeiradefreitas.com.br\/wp-content\/uploads\/2021\/08\/IMG_0987-300x200.jpg 300w, https:\/\/dioceseteixeiradefreitas.com.br\/wp-content\/uploads\/2021\/08\/IMG_0987-768x512.jpg 768w\" sizes=\"auto, (max-width: 1024px) 100vw, 1024px\" \/><figcaption id=\"caption-attachment-14173\" class=\"wp-caption-text\">Vida Religiosa Consagrada em retiro anual de agosto-2021 &#8211; Foto: PASCOM\/Divulga\u00e7\u00e3o<\/figcaption><\/figure>\n<p>AMADAS IRM\u00c3S E IRM\u00c3OS DA VIDA CONSAGRADA!<\/p>\n<p>A f\u00e9 nos d\u00e1 a certeza de que somos amadas\/os e escolhidas\/os por Deus, desde \u201co ventre materno\u201d. Deus nos escolhe, prepara, envia em miss\u00e3o e nos sustenta, dia a dia, com seu bra\u00e7o forte. Sigamos com alegria e esperan\u00e7a. Pois, sabemos \u201cem quem colocamos nossa confian\u00e7a!\u201d. Que possamos ser f\u00e9is e perseverantes buscando na PALAVRA uma vida sempre mais comprometida e prof\u00e9tica em favor da VIDA.<\/p>\n<p>PARAB\u00c9NS E FELIZ DIA DA VIDA CONSGRADA!<\/p>\n<p>Muito obrigada pela doa\u00e7\u00e3o e servi\u00e7o ao Reino! Que Deus Pai e seu Filho Jesus Cristo e a intercess\u00e3o da M\u00e3e Aparecida, aben\u00e7oe e fortale\u00e7a a todas\/os.<\/p>\n<p>Com carinho nossa ora\u00e7\u00e3o e um grande abra\u00e7o. Equipe de Coordena\u00e7\u00e3o da CRB: Irm\u00e3 Gl\u00f2ria, Irm\u00e3 Olga, Irm\u00e3 Paulete e Irm\u00e3 M. Noemia Schneider.<\/p>\n","protected":false},"excerpt":{"rendered":"<p>AMADAS IRM\u00c3S E IRM\u00c3OS DA VIDA CONSAGRADA! A f\u00e9 nos d\u00e1 a certeza de que somos amadas\/os e escolhidas\/os por Deus, desde \u201co ventre materno\u201d. Deus nos escolhe, prepara, envia em miss\u00e3o e nos sustenta, dia a dia, com seu bra\u00e7o forte. Sigamos com alegria e esperan\u00e7a. Pois, sabemos \u201cem quem colocamos nossa confian\u00e7a!\u201d. Que &hellip;<\/p>\n","protected":false},"author":1,"featured_media":14173,"comment_status":"closed","ping_status":"closed","sticky":false,"template":"","format":"standard","meta":{"footnotes":""},"categories":[100],"tags":[912,913,906,907,229],"class_list":["post-14219","post","type-post","status-publish","format-standard","has-post-thumbnail","hentry","category-noticias-diocesanas","tag-dia-da-vida-consagrada","tag-institutos","tag-religiosas","tag-religiosos","tag-vida-consagrada"],"_links":{"self":[{"href":"https:\/\/dioceseteixeiradefreitas.com.br\/index.php?rest_route=\/wp\/v2\/posts\/14219","targetHints":{"allow":["GET"]}}],"collection":[{"href":"https:\/\/dioceseteixeiradefreitas.com.br\/index.php?rest_route=\/wp\/v2\/posts"}],"about":[{"href":"https:\/\/dioceseteixeiradefreitas.com.br\/index.php?rest_route=\/wp\/v2\/types\/post"}],"author":[{"embeddable":true,"href":"https:\/\/dioceseteixeiradefreitas.com.br\/index.php?rest_route=\/wp\/v2\/users\/1"}],"replies":[{"embeddable":true,"href":"https:\/\/dioceseteixeiradefreitas.com.br\/index.php?rest_route=%2Fwp%2Fv2%2Fcomments&post=14219"}],"version-history":[{"count":3,"href":"https:\/\/dioceseteixeiradefreitas.com.br\/index.php?rest_route=\/wp\/v2\/posts\/14219\/revisions"}],"predecessor-version":[{"id":14222,"href":"https:\/\/dioceseteixeiradefreitas.com.br\/index.php?rest_route=\/wp\/v2\/posts\/14219\/revisions\/14222"}],"wp:featuredmedia":[{"embeddable":true,"href":"https:\/\/dioceseteixeiradefreitas.com.br\/index.php?rest_route=\/wp\/v2\/media\/14173"}],"wp:attachment":[{"href":"https:\/\/dioceseteixeiradefreitas.com.br\/index.php?rest_route=%2Fwp%2Fv2%2Fmedia&parent=14219"}],"wp:term":[{"taxonomy":"category","embeddable":true,"href":"https:\/\/dioceseteixeiradefreitas.com.br\/index.php?rest_route=%2Fwp%2Fv2%2Fcategories&post=14219"},{"taxonomy":"post_tag","embeddable":true,"href":"https:\/\/dioceseteixeiradefreitas.com.br\/index.php?rest_route=%2Fwp%2Fv2%2Ftags&post=14219"}],"curies":[{"name":"wp","href":"https:\/\/api.w.org\/{rel}","templated":true}]}}