{"id":14233,"date":"2021-08-19T08:07:52","date_gmt":"2021-08-19T11:07:52","guid":{"rendered":"https:\/\/dioceseteixeiradefreitas.com.br\/?p=14233"},"modified":"2021-08-19T08:08:37","modified_gmt":"2021-08-19T11:08:37","slug":"para-o-papa-francisco-vacinar-se-e-um-ato-de-amor","status":"publish","type":"post","link":"https:\/\/dioceseteixeiradefreitas.com.br\/?p=14233","title":{"rendered":"Para o Papa Francisco: vacinar-se \u00e9 um ato de amor"},"content":{"rendered":"<p><iframe loading=\"lazy\" title=\"Papa aos povos da Am\u00e9rica Latina: vacinar-se \u00e9 um ato de amor\" width=\"500\" height=\"281\" src=\"https:\/\/www.youtube.com\/embed\/S_R5w2NLmQk?feature=oembed\" frameborder=\"0\" allow=\"accelerometer; autoplay; clipboard-write; encrypted-media; gyroscope; picture-in-picture; web-share\" referrerpolicy=\"strict-origin-when-cross-origin\" allowfullscreen><\/iframe><\/p>\n<p>Numa mensagem em v\u00eddeo para os povos da Am\u00e9rica Latina, o Papa Francisco os convida a vacinar-se contra o coronav\u00edrus: um gesto simples, mas profundo, para um futuro melhor. Mensagem \u00e0 qual se somam os apelos conjuntos de prelados do continente americano: \u00e9 necess\u00e1rio ser respons\u00e1vel pelo bem comum, porque somos uma fam\u00edlia.<\/p>\n<blockquote><p>\u201cCom esp\u00edrito fraterno, uno-me a esta mensagem de esperan\u00e7a por um futuro mais luminoso. Gra\u00e7as a Deus e ao trabalho de muitos, hoje temos vacinas para nos proteger da Covid-19. Elas d\u00e3o a esperan\u00e7a de acabar com a pandemia, mas somente se elas estiverem dispon\u00edveis para todos e se colaborarmos uns com os outros.\u201d<\/p><\/blockquote>\n<p>\u00c9 o que afirma o Papa numa mensagem em v\u00eddeo aos povos latino-americanos, lan\u00e7ando um apelo \u00e0 consci\u00eancia de cada um fazendo votos de uma atitude respons\u00e1vel para enfrentar juntos a pandemia.<\/p>\n<h2>O amor \u00e9 tamb\u00e9m social e pol\u00edtico<\/h2>\n<p>\u201cVacinar-se, com vacinas autorizadas pelas autoridades competentes, \u00e9 um ato de amor. E ajudar a fazer de modo que a maioria das pessoas se vacinem \u00e9 um ato de amor. Amor por si mesmo, amor pelos familiares e amigos, amor por todos os povos. O amor tamb\u00e9m \u00e9 social e pol\u00edtico, h\u00e1 amor social e amor pol\u00edtico, \u00e9 universal, sempre transbordante de pequenos gestos de caridade pessoal capazes de transformar e melhorar as sociedades\u201d, prossegue o Papa.<\/p>\n<h2>Vacinar-se, um modo simples de promover o bem-comum<\/h2>\n<p>Francisco conclui afirmando que vacinar-se \u00e9 uma forma simples mas profunda de promover o bem comum e de cuidar uns dos outros, especialmente dos mais vulner\u00e1veis. \u201cPe\u00e7o a Deus que cada um possa contribuir com seu pequeno gr\u00e3o de areia, seu pequeno gesto de amor. Por menor que seja, o amor \u00e9 sempre grande. Contribua com estes pequenos gestos para um futuro melhor.\u201d<\/p>\n<p>Por Vatican News<\/p>\n","protected":false},"excerpt":{"rendered":"<p>Numa mensagem em v\u00eddeo para os povos da Am\u00e9rica Latina, o Papa Francisco os convida a vacinar-se contra o coronav\u00edrus: um gesto simples, mas profundo, para um futuro melhor. Mensagem \u00e0 qual se somam os apelos conjuntos de prelados do continente americano: \u00e9 necess\u00e1rio ser respons\u00e1vel pelo bem comum, porque somos uma fam\u00edlia. \u201cCom esp\u00edrito &hellip;<\/p>\n","protected":false},"author":1,"featured_media":11457,"comment_status":"closed","ping_status":"closed","sticky":false,"template":"","format":"standard","meta":{"footnotes":""},"categories":[103],"tags":[916,477,71,915,917],"class_list":["post-14233","post","type-post","status-publish","format-standard","has-post-thumbnail","hentry","category-noticias-do-vaticano","tag-convid-19","tag-coronavirus","tag-papa-francisco","tag-vacina","tag-vacinar-se"],"_links":{"self":[{"href":"https:\/\/dioceseteixeiradefreitas.com.br\/index.php?rest_route=\/wp\/v2\/posts\/14233","targetHints":{"allow":["GET"]}}],"collection":[{"href":"https:\/\/dioceseteixeiradefreitas.com.br\/index.php?rest_route=\/wp\/v2\/posts"}],"about":[{"href":"https:\/\/dioceseteixeiradefreitas.com.br\/index.php?rest_route=\/wp\/v2\/types\/post"}],"author":[{"embeddable":true,"href":"https:\/\/dioceseteixeiradefreitas.com.br\/index.php?rest_route=\/wp\/v2\/users\/1"}],"replies":[{"embeddable":true,"href":"https:\/\/dioceseteixeiradefreitas.com.br\/index.php?rest_route=%2Fwp%2Fv2%2Fcomments&post=14233"}],"version-history":[{"count":2,"href":"https:\/\/dioceseteixeiradefreitas.com.br\/index.php?rest_route=\/wp\/v2\/posts\/14233\/revisions"}],"predecessor-version":[{"id":14235,"href":"https:\/\/dioceseteixeiradefreitas.com.br\/index.php?rest_route=\/wp\/v2\/posts\/14233\/revisions\/14235"}],"wp:featuredmedia":[{"embeddable":true,"href":"https:\/\/dioceseteixeiradefreitas.com.br\/index.php?rest_route=\/wp\/v2\/media\/11457"}],"wp:attachment":[{"href":"https:\/\/dioceseteixeiradefreitas.com.br\/index.php?rest_route=%2Fwp%2Fv2%2Fmedia&parent=14233"}],"wp:term":[{"taxonomy":"category","embeddable":true,"href":"https:\/\/dioceseteixeiradefreitas.com.br\/index.php?rest_route=%2Fwp%2Fv2%2Fcategories&post=14233"},{"taxonomy":"post_tag","embeddable":true,"href":"https:\/\/dioceseteixeiradefreitas.com.br\/index.php?rest_route=%2Fwp%2Fv2%2Ftags&post=14233"}],"curies":[{"name":"wp","href":"https:\/\/api.w.org\/{rel}","templated":true}]}}