{"id":14240,"date":"2021-08-20T10:40:45","date_gmt":"2021-08-20T13:40:45","guid":{"rendered":"https:\/\/dioceseteixeiradefreitas.com.br\/?p=14240"},"modified":"2021-08-20T10:47:04","modified_gmt":"2021-08-20T13:47:04","slug":"diocese-conclama-oracao-pelo-povo-haitiano","status":"publish","type":"post","link":"https:\/\/dioceseteixeiradefreitas.com.br\/?p=14240","title":{"rendered":"Diocese conclama ora\u00e7\u00e3o pelo povo haitiano"},"content":{"rendered":"<figure id=\"attachment_14241\" aria-describedby=\"caption-attachment-14241\" style=\"width: 725px\" class=\"wp-caption aligncenter\"><img loading=\"lazy\" decoding=\"async\" class=\"wp-image-14241 size-full\" src=\"https:\/\/dioceseteixeiradefreitas.com.br\/wp-content\/uploads\/2021\/08\/haitii.jpg\" alt=\"\" width=\"725\" height=\"544\" srcset=\"https:\/\/dioceseteixeiradefreitas.com.br\/wp-content\/uploads\/2021\/08\/haitii.jpg 725w, https:\/\/dioceseteixeiradefreitas.com.br\/wp-content\/uploads\/2021\/08\/haitii-300x225.jpg 300w\" sizes=\"auto, (max-width: 725px) 100vw, 725px\" \/><figcaption id=\"caption-attachment-14241\" class=\"wp-caption-text\">Povo haitiano sofre com as consequ\u00eancias do terremoto do \u00faltimo s\u00e1bado (14) &#8211; Foto: Livre Commons\/Reprodu\u00e7\u00e3o<\/figcaption><\/figure>\n<p>O terremoto de magnitude 7,2 que atingiu o Haiti no \u00faltimo s\u00e1bado, 14, deixou pelo menos 2.200 mortos e mais de 12 mil feridos, segundo informa\u00e7\u00f5es da defesa civil do pa\u00eds, divulgadas na sexta-feira. Esses n\u00fameros tendem a aumentar.<\/p>\n<p>Ao menos 115.000 casas foram danificadas ou destru\u00eddas e quase 580.000 pessoas, ou cerca de 40% da popula\u00e7\u00e3o dos tr\u00eas departamentos atingidos, precisam de assist\u00eancia emergencial. Escolas tamb\u00e9m foram as mais prejudicadas, segundo avalia\u00e7\u00f5es, 94 das 255 escolas no Departamento Sul ficaram completamente destru\u00eddas ou sofreram danos parciais.<\/p>\n<p>E enquanto a C\u00e1ritas faz soar o alarme sobre a falta de alimentos e \u00e1gua, a <strong>Confer\u00eancia Episcopal Italiana decidiu destinar um milh\u00e3o de euros em ajuda, financiada atrav\u00e9s da taxa 8X1000<\/strong>, e convocou um dia de ora\u00e7\u00e3o em todas as par\u00f3quias italianas para o pr\u00f3ximo domingo.<\/p>\n<h2>Momento dif\u00edcil para se viver com f\u00e9<\/h2>\n<p>&#8220;\u00c9 um momento dif\u00edcil, um momento de prova\u00e7\u00e3o que temos que viver com muita f\u00e9&#8221;, disse dom Pierre Andr\u00e9 Dumas, bispo de Anse-\u00e0-Veau-Mirago\u00e2ne, uma das dioceses mais duramente atingidas no Haiti. &#8220;\u00c9 tamb\u00e9m um momento&#8221;, acrescentou o prelado, &#8220;em que temos que intervir, ficar perto e escutar as necessidades do povo&#8221;.<\/p>\n<h2>Igreja local em ajuda aos mais fracos<\/h2>\n<p>Dom Dumas disse que os padres de sua diocese, junto com as religiosas e mission\u00e1rios, est\u00e3o fazendo o melhor poss\u00edvel para ajudar os sobreviventes: &#8220;O acompanhamento de meus padres, irm\u00e3s e irm\u00e3os religiosos \u00e9 constante&#8221;, afirmou. &#8220;Momentos de solidariedade se alternam com momentos de ora\u00e7\u00e3o. Al\u00e9m disso, as poucas necessidades b\u00e1sicas que nossa Igreja local recebeu foram imediatamente compartilhadas&#8221;.<\/p>\n<h2>Metade das igrejas destru\u00eddas<\/h2>\n<p>A situa\u00e7\u00e3o das estruturas diocesanas tamb\u00e9m \u00e9 dram\u00e1tica: muitas casas can\u00f4nicas e par\u00f3quias foram literalmente arrasadas. Fizemos algumas verifica\u00e7\u00f5es&#8221;, explicou dom Dumas, &#8220;e percebemos que mais da metade das igrejas n\u00e3o est\u00e3o mais l\u00e1&#8221;. Mas, apesar de tudo, os padres est\u00e3o presentes: eles acompanham os fi\u00e9is e tentam atender \u00e0s suas necessidades. Eles est\u00e3o entre o povo para mostrar que Deus n\u00e3o abandonou seu povo&#8221;.<\/p>\n<h2>SOLIDARIEDADE DO BRASIL<\/h2>\n<p>A Confer\u00eancia Nacional do Bispos do Brasil (CNBB) j\u00e1 se manifestou atrav\u00e9s da Comiss\u00e3o Episcopal para a Anima\u00e7\u00e3o Mission\u00e1ria e a Caritas Brasileira busca caminhos de ajuda humanit\u00e1ria.<\/p>\n<h2>DIOCESE CONCLAMA ORA\u00c7\u00c3O AO POVO HAITIANO<\/h2>\n<p>O bispo Dom Jailton conclama todos os fi\u00e9is da diocese para rezarem pelo povo haitiano j\u00e1 no pr\u00f3ximo domingo, dia 22 de agosto, 21\u00ba Domingo do Tempo Comum, <strong>em favor daquele pa\u00eds e seu povo t\u00e3o sofrido<\/strong>.<\/p>\n<p>Ele indica uma sugest\u00e3o de uma prece a ser acrescentada na Ora\u00e7\u00e3o dos Fi\u00e9is:<\/p>\n<ol>\n<li><strong>Pelo povo haitiano, em mais esse momento dif\u00edcil de sua hist\u00f3ria, para que encontre for\u00e7as em Deus e solidariedade nos demais povos, rezemos ao Senhor. <\/strong><\/li>\n<\/ol>\n","protected":false},"excerpt":{"rendered":"<p>O terremoto de magnitude 7,2 que atingiu o Haiti no \u00faltimo s\u00e1bado, 14, deixou pelo menos 2.200 mortos e mais de 12 mil feridos, segundo informa\u00e7\u00f5es da defesa civil do pa\u00eds, divulgadas na sexta-feira. Esses n\u00fameros tendem a aumentar. Ao menos 115.000 casas foram danificadas ou destru\u00eddas e quase 580.000 pessoas, ou cerca de 40% &hellip;<\/p>\n","protected":false},"author":1,"featured_media":14246,"comment_status":"closed","ping_status":"closed","sticky":false,"template":"","format":"standard","meta":{"footnotes":""},"categories":[100],"tags":[787,125,919,771,918],"class_list":["post-14240","post","type-post","status-publish","format-standard","has-post-thumbnail","hentry","category-noticias-diocesanas","tag-787","tag-diocese","tag-haiti","tag-oracao","tag-terremoto"],"_links":{"self":[{"href":"https:\/\/dioceseteixeiradefreitas.com.br\/index.php?rest_route=\/wp\/v2\/posts\/14240","targetHints":{"allow":["GET"]}}],"collection":[{"href":"https:\/\/dioceseteixeiradefreitas.com.br\/index.php?rest_route=\/wp\/v2\/posts"}],"about":[{"href":"https:\/\/dioceseteixeiradefreitas.com.br\/index.php?rest_route=\/wp\/v2\/types\/post"}],"author":[{"embeddable":true,"href":"https:\/\/dioceseteixeiradefreitas.com.br\/index.php?rest_route=\/wp\/v2\/users\/1"}],"replies":[{"embeddable":true,"href":"https:\/\/dioceseteixeiradefreitas.com.br\/index.php?rest_route=%2Fwp%2Fv2%2Fcomments&post=14240"}],"version-history":[{"count":2,"href":"https:\/\/dioceseteixeiradefreitas.com.br\/index.php?rest_route=\/wp\/v2\/posts\/14240\/revisions"}],"predecessor-version":[{"id":14245,"href":"https:\/\/dioceseteixeiradefreitas.com.br\/index.php?rest_route=\/wp\/v2\/posts\/14240\/revisions\/14245"}],"wp:featuredmedia":[{"embeddable":true,"href":"https:\/\/dioceseteixeiradefreitas.com.br\/index.php?rest_route=\/wp\/v2\/media\/14246"}],"wp:attachment":[{"href":"https:\/\/dioceseteixeiradefreitas.com.br\/index.php?rest_route=%2Fwp%2Fv2%2Fmedia&parent=14240"}],"wp:term":[{"taxonomy":"category","embeddable":true,"href":"https:\/\/dioceseteixeiradefreitas.com.br\/index.php?rest_route=%2Fwp%2Fv2%2Fcategories&post=14240"},{"taxonomy":"post_tag","embeddable":true,"href":"https:\/\/dioceseteixeiradefreitas.com.br\/index.php?rest_route=%2Fwp%2Fv2%2Ftags&post=14240"}],"curies":[{"name":"wp","href":"https:\/\/api.w.org\/{rel}","templated":true}]}}