{"id":14260,"date":"2021-08-25T10:45:17","date_gmt":"2021-08-25T13:45:17","guid":{"rendered":"https:\/\/dioceseteixeiradefreitas.com.br\/?p=14260"},"modified":"2021-08-25T10:56:31","modified_gmt":"2021-08-25T13:56:31","slug":"nota-pastoral-no-09-novas-normas-e-procedimentos-em-tempos-de-coronavirus","status":"publish","type":"post","link":"https:\/\/dioceseteixeiradefreitas.com.br\/?p=14260","title":{"rendered":"NOTA PASTORAL N\u00ba 09 \u2013 Novas Normas e Procedimentos em tempos de Coronav\u00edrus"},"content":{"rendered":"<figure id=\"attachment_12559\" aria-describedby=\"caption-attachment-12559\" style=\"width: 1800px\" class=\"wp-caption aligncenter\"><img loading=\"lazy\" decoding=\"async\" class=\"wp-image-12559 size-full\" src=\"https:\/\/dioceseteixeiradefreitas.com.br\/wp-content\/uploads\/2021\/02\/ARTE-CORONAVIRUS.png\" alt=\"\" width=\"1800\" height=\"1350\" srcset=\"https:\/\/dioceseteixeiradefreitas.com.br\/wp-content\/uploads\/2021\/02\/ARTE-CORONAVIRUS.png 1800w, https:\/\/dioceseteixeiradefreitas.com.br\/wp-content\/uploads\/2021\/02\/ARTE-CORONAVIRUS-300x225.png 300w, https:\/\/dioceseteixeiradefreitas.com.br\/wp-content\/uploads\/2021\/02\/ARTE-CORONAVIRUS-1024x768.png 1024w, https:\/\/dioceseteixeiradefreitas.com.br\/wp-content\/uploads\/2021\/02\/ARTE-CORONAVIRUS-768x576.png 768w, https:\/\/dioceseteixeiradefreitas.com.br\/wp-content\/uploads\/2021\/02\/ARTE-CORONAVIRUS-1536x1152.png 1536w, https:\/\/dioceseteixeiradefreitas.com.br\/wp-content\/uploads\/2021\/02\/ARTE-CORONAVIRUS-600x450.png 600w\" sizes=\"auto, (max-width: 1800px) 100vw, 1800px\" \/><figcaption id=\"caption-attachment-12559\" class=\"wp-caption-text\">Diocese lan\u00e7a 9\u00aa Nota Pastoral \u2013 Imagem: PASCOM\/Divulga\u00e7\u00e3o<\/figcaption><\/figure>\n<h2 style=\"text-align: center;\"><strong>NOTA PASTORAL N\u00ba 09<\/strong><br \/>\n<strong>\u00a0NORMAS E PROCEDIMENTOS EM TEMPOS DE CORONAV\u00cdRUS (COVID 19)<\/strong><\/h2>\n<p style=\"text-align: right;\"><em>\u201cN\u00e3o vos angustieis!\u201d <\/em><br \/>\n<em>(Mt 6,25)<\/em><\/p>\n<p><strong>Dom Jailton de Oliveira Lino, por merc\u00ea de Deus e da Santa S\u00e9 Apost\u00f3lica, Bispo de Teixeira de Freitas\/Caravelas, aos que estas orienta\u00e7\u00f5es virem e ouvirem, sauda\u00e7\u00e3o, paz, sa\u00fade e b\u00ean\u00e7\u00e3o no Senhor. <\/strong><\/p>\n<p>Vivemos tempos muitos dif\u00edceis por conta da pandemia que ainda n\u00e3o acabou, mas com o avan\u00e7o da vacina\u00e7\u00e3o j\u00e1 percebemos que tem diminu\u00eddo e esperamos que passe completamente. Nosso interesse \u00e9 cuidar para que o nosso povo tenha vida e que esta vida seja em plenitude. \u00c9 de nosso interesse tamb\u00e9m zelar para que a pastoral seja espa\u00e7o vital para as pessoas e para as comunidades.<\/p>\n<p>Sendo assim, ap\u00f3s consultar especialistas na \u00e1rea de sa\u00fade p\u00fablica e infectologia; sendo percept\u00edvel o avan\u00e7o da vacina\u00e7\u00e3o e, com isso, a diminui\u00e7\u00e3o da contamina\u00e7\u00e3o da popula\u00e7\u00e3o e o retorno gradual das atividades sociais no territ\u00f3rio do Estado da Bahia; tendo em vista o Art. 5\u00ba, par\u00e1grafo 4, do Decreto n\u00ba. 20.585 do Governo do Estado da Bahia, de 8 de julho de 2021; considerando que s\u00e3o ainda significativos os \u00edndices de difus\u00e3o de contamina\u00e7\u00e3o e ocupa\u00e7\u00e3o do sistema de sa\u00fade, apresentamos as seguintes determina\u00e7\u00f5es pastorais a serem adotadas no territ\u00f3rio da nossa diocese.<\/p>\n<p><strong>I &#8211; <\/strong><strong>CELEBRA\u00c7\u00d5ES EUCAR\u00cdSTICAS E DA PALAVRA<\/strong><\/p>\n<p>1. As Celebra\u00e7\u00f5es Eucar\u00edsticas e da Palavra podem acontecer com at\u00e9 no m\u00e1ximo 50% da capacidade do local, cumprindo os requisitos de distanciamento, higieniza\u00e7\u00e3o e seguran\u00e7a;<\/p>\n<p>2. Mant\u00e9m-se a obrigatoriedade do uso de m\u00e1scara e \u00e1lcool 70%. Durante todo o tempo da celebra\u00e7\u00e3o todas as portas e janelas dever\u00e3o estar abertas para ventila\u00e7\u00e3o natural;<\/p>\n<p>3. O recolhimento das ofertas, durante a apresenta\u00e7\u00e3o das oferendas, seja preferencialmente realizado por meio de cestas ou outro recipiente pela equipe respons\u00e1vel, seguindo indispens\u00e1veis crit\u00e9rios de seguran\u00e7a. Algu\u00e9m da equipe leve \u00e1lcool 70% para a higieniza\u00e7\u00e3o das m\u00e3os dos ofertantes imediatamente ap\u00f3s sua colabora\u00e7\u00e3o;<\/p>\n<p>4. A distribui\u00e7\u00e3o da Sagrada Comunh\u00e3o continue sendo na m\u00e3o e com higieniza\u00e7\u00e3o com \u00e1lcool 70% antes da comunh\u00e3o, tanto por parte dos ministros como por parte dos f\u00e9is que desejam receber a Eucaristia;<\/p>\n<p>5. Mantenha-se o cuidado com a higieniza\u00e7\u00e3o do espa\u00e7o celebrativo;<\/p>\n<p>6. No que concerne aos Sacramentos do Batismo e do Matrim\u00f4nio, mant\u00e9m-se as orienta\u00e7\u00f5es que j\u00e1 foram emanadas por n\u00f3s e j\u00e1 em pr\u00e1tica nas nossas par\u00f3quias;<\/p>\n<p>7. Sobre os Sacramentos da Reconcilia\u00e7\u00e3o e da Un\u00e7\u00e3o dos Enfermos, procure-se realiza-los com muito esmero e mantendo os cuidados de distanciamento, uso de m\u00e1scara e un\u00e7\u00e3o com algod\u00e3o.<\/p>\n<p><strong>II &#8211; ATIVIDADES PASTORAIS<\/strong><\/p>\n<p>1. Em cada Par\u00f3quia, o P\u00e1roco e\/ou Administrador Paroquial com o Conselho de Pastoral Paroquial (CPP) dever\u00e3o analisar a realidade do munic\u00edpio, com \u00edndices de infec\u00e7\u00e3o, internamento e \u00f3bitos por causa do coronav\u00edrus e, levando em considera\u00e7\u00e3o os \u00edndices de vacina\u00e7\u00e3o, para efetuar a organiza\u00e7\u00e3o pastoral de retomada das atividades pastorais;<\/p>\n<p>2. Al\u00e9m da an\u00e1lise da realidade local, deve-se ter em conta a estrutura f\u00edsica e organizacional da Par\u00f3quia, a fim de que garanta um retorno seguro, respeitando os protocolos sanit\u00e1rios de cada munic\u00edpio;<\/p>\n<p>3. Em cada Par\u00f3quia sejam avaliados os seguintes itens, para a retomada das atividades pastorais:<\/p>\n<p>a) Seja um retorno gradual com 50% de participa\u00e7\u00e3o, conservando o uso de transmiss\u00e3o atrav\u00e9s das redes sociais para os que n\u00e3o podem participar presencialmente;<br \/>\nb) Espa\u00e7o f\u00edsico, que seja amplo e arejado, atendendo as exig\u00eancias m\u00ednimas de distanciamento e ventila\u00e7\u00e3o (janelas e portas);<br \/>\nc) Material de higieniza\u00e7\u00e3o em todos os espa\u00e7os, para o uso pessoal;<br \/>\nd) Definir a quantidade de participantes por reuni\u00e3o e por espa\u00e7o, devendo se atentar ao n\u00famero permitido em cada munic\u00edpio;<br \/>\ne) Estabelecer hor\u00e1rios para acolher de forma segura a cada grupo. Mantenha-se o necess\u00e1rio tempo, entre as reuni\u00f5es, para realizar limpeza do ambiente antes de ser novamente utilizado;<br \/>\nf) As reuni\u00f5es, com pessoas do grupo de risco redobrem-se o cuidado, e se poss\u00edvel, fiquem em casa.<\/p>\n<p>4. Os Grupos e Movimentos oracionais (Grupos de Ora\u00e7\u00e3o, Ter\u00e7o dos Homens, M\u00e3es que oram pelos filhos&#8230;), sigam o que j\u00e1 foi dito para a Celebra\u00e7\u00e3o Eucar\u00edstica, nesta e nas outras notas pastorais;<\/p>\n<p>5. A Catequese infantil, com adolescentes, jovens e adultos pode ser retomada desde que:<\/p>\n<p>a) As aulas presenciais nas escolas tenham sido liberadas no munic\u00edpio;<br \/>\nb) As turmas sejam pequenas, no m\u00e1ximo 20 catequizandos;<br \/>\nc) Os catequistas tenham sido vacinados com as duas doses da vacina;<br \/>\nd) Haja autoriza\u00e7\u00e3o escrita dos pais dos catequizandos.<\/p>\n<p>6. Se o munic\u00edpio exigir normas mais restritivas, de distanciamento e dura\u00e7\u00e3o das atividades, seguir as orienta\u00e7\u00f5es locais.<\/p>\n<p>Que Deus aben\u00e7oe a todos e nos ajude a vencer com coragem e f\u00e9 este tempo de pandemia.<\/p>\n<p>Dado e passado na C\u00faria Diocesana de Teixeira de Freitas aos 24 de agosto de 2021.<\/p>\n<p>&nbsp;<\/p>\n<p style=\"text-align: center;\">Dom Jailton de Oliveira Lino, psdp<br \/>\n<strong>Bispo Diocesano<\/strong><\/p>\n<p style=\"text-align: center;\">Pe. Roberto Pereira da Silva<br \/>\n<strong>Chanceler do bispado<\/strong><\/p>\n<p>&nbsp;<\/p>\n<h3 style=\"text-align: center;\"><span class=\"cb-justified-justify\"><b>Confira a nota na \u00edntegra:<\/b><\/span><\/h3>\n<div class=\"XzvDs _208Ie tFDi5 blog-post-text-font blog-post-text-color _2QAo- _25MYV _6RI6N tFDi5\" style=\"text-align: center;\">\n<h2 class=\"XzvDs _208Ie tFDi5 blog-post-text-font blog-post-text-color _2QAo- _25MYV _6RI6N tFDi5\"><a href=\"https:\/\/dioceseteixeiradefreitas.com.br\/wp-content\/uploads\/2021\/08\/Nota-Pastoral-09-Diocese-de-Teixeira-de-Freitas-Caravelas.pdf\" target=\"_blank\" rel=\"noopener noreferrer\"><strong>Clique Aqui<\/strong><\/a><\/h2>\n<\/div>\n<p style=\"text-align: center;\"><strong>As mudan\u00e7as devem ser cumpridas at\u00e9 segunda ordem.<\/strong><\/p>\n","protected":false},"excerpt":{"rendered":"<p>NOTA PASTORAL N\u00ba 09 \u00a0NORMAS E PROCEDIMENTOS EM TEMPOS DE CORONAV\u00cdRUS (COVID 19) \u201cN\u00e3o vos angustieis!\u201d (Mt 6,25) Dom Jailton de Oliveira Lino, por merc\u00ea de Deus e da Santa S\u00e9 Apost\u00f3lica, Bispo de Teixeira de Freitas\/Caravelas, aos que estas orienta\u00e7\u00f5es virem e ouvirem, sauda\u00e7\u00e3o, paz, sa\u00fade e b\u00ean\u00e7\u00e3o no Senhor. Vivemos tempos muitos dif\u00edceis &hellip;<\/p>\n","protected":false},"author":1,"featured_media":12559,"comment_status":"closed","ping_status":"closed","sticky":false,"template":"","format":"standard","meta":{"footnotes":""},"categories":[51],"tags":[787,198,477,524,451,550,686,920],"class_list":["post-14260","post","type-post","status-publish","format-standard","has-post-thumbnail","hentry","category-notas","tag-787","tag-agosto","tag-coronavirus","tag-covid-19","tag-diocese-de-teixeira-de-freitas-caravelas","tag-dom-jailton-de-oliveira-lino","tag-nota","tag-nota-pastoral-09"],"_links":{"self":[{"href":"https:\/\/dioceseteixeiradefreitas.com.br\/index.php?rest_route=\/wp\/v2\/posts\/14260","targetHints":{"allow":["GET"]}}],"collection":[{"href":"https:\/\/dioceseteixeiradefreitas.com.br\/index.php?rest_route=\/wp\/v2\/posts"}],"about":[{"href":"https:\/\/dioceseteixeiradefreitas.com.br\/index.php?rest_route=\/wp\/v2\/types\/post"}],"author":[{"embeddable":true,"href":"https:\/\/dioceseteixeiradefreitas.com.br\/index.php?rest_route=\/wp\/v2\/users\/1"}],"replies":[{"embeddable":true,"href":"https:\/\/dioceseteixeiradefreitas.com.br\/index.php?rest_route=%2Fwp%2Fv2%2Fcomments&post=14260"}],"version-history":[{"count":1,"href":"https:\/\/dioceseteixeiradefreitas.com.br\/index.php?rest_route=\/wp\/v2\/posts\/14260\/revisions"}],"predecessor-version":[{"id":14263,"href":"https:\/\/dioceseteixeiradefreitas.com.br\/index.php?rest_route=\/wp\/v2\/posts\/14260\/revisions\/14263"}],"wp:featuredmedia":[{"embeddable":true,"href":"https:\/\/dioceseteixeiradefreitas.com.br\/index.php?rest_route=\/wp\/v2\/media\/12559"}],"wp:attachment":[{"href":"https:\/\/dioceseteixeiradefreitas.com.br\/index.php?rest_route=%2Fwp%2Fv2%2Fmedia&parent=14260"}],"wp:term":[{"taxonomy":"category","embeddable":true,"href":"https:\/\/dioceseteixeiradefreitas.com.br\/index.php?rest_route=%2Fwp%2Fv2%2Fcategories&post=14260"},{"taxonomy":"post_tag","embeddable":true,"href":"https:\/\/dioceseteixeiradefreitas.com.br\/index.php?rest_route=%2Fwp%2Fv2%2Ftags&post=14260"}],"curies":[{"name":"wp","href":"https:\/\/api.w.org\/{rel}","templated":true}]}}