{"id":14337,"date":"2021-09-09T19:39:22","date_gmt":"2021-09-09T22:39:22","guid":{"rendered":"https:\/\/dioceseteixeiradefreitas.com.br\/?p=14337"},"modified":"2021-09-10T11:25:34","modified_gmt":"2021-09-10T14:25:34","slug":"vii-encontro-vocacional-e-realizado-na-diocese","status":"publish","type":"post","link":"https:\/\/dioceseteixeiradefreitas.com.br\/?p=14337","title":{"rendered":"VII Encontro Vocacional \u00e9 realizado na Diocese"},"content":{"rendered":"<figure id=\"attachment_14342\" aria-describedby=\"caption-attachment-14342\" style=\"width: 1024px\" class=\"wp-caption aligncenter\"><img loading=\"lazy\" decoding=\"async\" class=\"wp-image-14342 size-full\" src=\"https:\/\/dioceseteixeiradefreitas.com.br\/wp-content\/uploads\/2021\/09\/WhatsApp-Image-2021-09-09-at-15.38.42.jpeg\" alt=\"\" width=\"1024\" height=\"643\" srcset=\"https:\/\/dioceseteixeiradefreitas.com.br\/wp-content\/uploads\/2021\/09\/WhatsApp-Image-2021-09-09-at-15.38.42.jpeg 1024w, https:\/\/dioceseteixeiradefreitas.com.br\/wp-content\/uploads\/2021\/09\/WhatsApp-Image-2021-09-09-at-15.38.42-300x188.jpeg 300w, https:\/\/dioceseteixeiradefreitas.com.br\/wp-content\/uploads\/2021\/09\/WhatsApp-Image-2021-09-09-at-15.38.42-768x482.jpeg 768w\" sizes=\"auto, (max-width: 1024px) 100vw, 1024px\" \/><figcaption id=\"caption-attachment-14342\" class=\"wp-caption-text\">Jovens participando do VII Vocare &#8211; Foto: PASCOM\/Divulga\u00e7\u00e3o<\/figcaption><\/figure>\n<p>No domingo, 05 de setembro, aconteceu o VII Encontro Vocacional para Jovens Rapazes de 15 a 17 anos, realizado pela Pastoral Vocacional no Semin\u00e1rio Proped\u00eautico Bom Pastor, em Teixeira de Freitas. No encontro, estiveram presentes 12 jovens rapazes de diferentes par\u00f3quias da nossa diocese.<\/p>\n<p>Voltado para jovens que est\u00e3o concluindo ou que j\u00e1 tenham conclu\u00eddo o ensino m\u00e9dio, o encontro \u00e9 um m\u00e9todo de discernimento e acompanhamento vocacional.<\/p>\n<figure id=\"attachment_14345\" aria-describedby=\"caption-attachment-14345\" style=\"width: 1024px\" class=\"wp-caption aligncenter\"><img loading=\"lazy\" decoding=\"async\" class=\"wp-image-14345 size-full\" src=\"https:\/\/dioceseteixeiradefreitas.com.br\/wp-content\/uploads\/2021\/09\/IMG_1330.jpg\" alt=\"\" width=\"1024\" height=\"683\" srcset=\"https:\/\/dioceseteixeiradefreitas.com.br\/wp-content\/uploads\/2021\/09\/IMG_1330.jpg 1024w, https:\/\/dioceseteixeiradefreitas.com.br\/wp-content\/uploads\/2021\/09\/IMG_1330-300x200.jpg 300w, https:\/\/dioceseteixeiradefreitas.com.br\/wp-content\/uploads\/2021\/09\/IMG_1330-768x512.jpg 768w\" sizes=\"auto, (max-width: 1024px) 100vw, 1024px\" \/><figcaption id=\"caption-attachment-14345\" class=\"wp-caption-text\">Participante ouvindo palestra &#8211; Foto: PASCOM\/Divulga\u00e7\u00e3o<\/figcaption><\/figure>\n<p>A programa\u00e7\u00e3o teve in\u00edcio com as Laudes. Logo ap\u00f3s, o seminarista Mathaus Sampaio fez a 1\u00aa prega\u00e7\u00e3o, em seguida, o seminarista Paulo Thadeu. Depois, \u00e0s 11h15, a programa\u00e7\u00e3o teve continuidade com a celebra\u00e7\u00e3o da Santa Missa presidida pelo Reverend\u00edssimo Dom Jailton, e concelebrada pelo padre Roberto, Reitor do Semin\u00e1rio e Assessor Diocesano da Pastoral Vocacional. A tarde, os jovens ainda participaram do almo\u00e7o, rodada de din\u00e2micas e esportes livres.<\/p>\n<p>Segundo o Pe. Roberto, o pr\u00f3ximo encontro que acontece em outubro deste ano ser\u00e1 reservado a alguns vocacionados. Por\u00e9m, ele explica que em novembro, o \u00faltimo Vocare de 2021 voltar\u00e1 a ser aberto a todos.<\/p>\n<p>Deus seja louvado por esses jovens que est\u00e3o no processo de discernimento vocacional em nossa diocese e suscite mais voca\u00e7\u00f5es para o servi\u00e7o da Santa Igreja!<\/p>\n<p>Por PASCOM DIOCESANA<\/p>\n<p>[su_note note_color=&#8221;#f3d318&#8243; text_color=&#8221;#ffffff&#8221;]Veja a galeria:[\/su_note]<\/p>\n<p>[Best_Wordpress_Gallery id=&#8221;17&#8243; gal_title=&#8221;VII Vocare&#8221;]<\/p>\n","protected":false},"excerpt":{"rendered":"<p>No domingo, 05 de setembro, aconteceu o VII Encontro Vocacional para Jovens Rapazes de 15 a 17 anos, realizado pela Pastoral Vocacional no Semin\u00e1rio Proped\u00eautico Bom Pastor, em Teixeira de Freitas. No encontro, estiveram presentes 12 jovens rapazes de diferentes par\u00f3quias da nossa diocese. Voltado para jovens que est\u00e3o concluindo ou que j\u00e1 tenham conclu\u00eddo &hellip;<\/p>\n","protected":false},"author":1,"featured_media":14342,"comment_status":"closed","ping_status":"closed","sticky":false,"template":"","format":"standard","meta":{"footnotes":""},"categories":[100],"tags":[787,64,150,72,930,317],"class_list":["post-14337","post","type-post","status-publish","format-standard","has-post-thumbnail","hentry","category-noticias-diocesanas","tag-787","tag-encontro-vocacional","tag-pastoral-vocacional","tag-seminario-propedeutico-bom-pastor","tag-vii-vocare","tag-vocare"],"_links":{"self":[{"href":"https:\/\/dioceseteixeiradefreitas.com.br\/index.php?rest_route=\/wp\/v2\/posts\/14337","targetHints":{"allow":["GET"]}}],"collection":[{"href":"https:\/\/dioceseteixeiradefreitas.com.br\/index.php?rest_route=\/wp\/v2\/posts"}],"about":[{"href":"https:\/\/dioceseteixeiradefreitas.com.br\/index.php?rest_route=\/wp\/v2\/types\/post"}],"author":[{"embeddable":true,"href":"https:\/\/dioceseteixeiradefreitas.com.br\/index.php?rest_route=\/wp\/v2\/users\/1"}],"replies":[{"embeddable":true,"href":"https:\/\/dioceseteixeiradefreitas.com.br\/index.php?rest_route=%2Fwp%2Fv2%2Fcomments&post=14337"}],"version-history":[{"count":8,"href":"https:\/\/dioceseteixeiradefreitas.com.br\/index.php?rest_route=\/wp\/v2\/posts\/14337\/revisions"}],"predecessor-version":[{"id":14348,"href":"https:\/\/dioceseteixeiradefreitas.com.br\/index.php?rest_route=\/wp\/v2\/posts\/14337\/revisions\/14348"}],"wp:featuredmedia":[{"embeddable":true,"href":"https:\/\/dioceseteixeiradefreitas.com.br\/index.php?rest_route=\/wp\/v2\/media\/14342"}],"wp:attachment":[{"href":"https:\/\/dioceseteixeiradefreitas.com.br\/index.php?rest_route=%2Fwp%2Fv2%2Fmedia&parent=14337"}],"wp:term":[{"taxonomy":"category","embeddable":true,"href":"https:\/\/dioceseteixeiradefreitas.com.br\/index.php?rest_route=%2Fwp%2Fv2%2Fcategories&post=14337"},{"taxonomy":"post_tag","embeddable":true,"href":"https:\/\/dioceseteixeiradefreitas.com.br\/index.php?rest_route=%2Fwp%2Fv2%2Ftags&post=14337"}],"curies":[{"name":"wp","href":"https:\/\/api.w.org\/{rel}","templated":true}]}}