{"id":14392,"date":"2021-09-18T10:44:40","date_gmt":"2021-09-18T13:44:40","guid":{"rendered":"https:\/\/dioceseteixeiradefreitas.com.br\/?p=14392"},"modified":"2021-09-18T11:36:27","modified_gmt":"2021-09-18T14:36:27","slug":"dom-jailton-participa-de-reuniao-com-liderancas-em-guarani-para-planejar-a-criacao-da-paroquia-sao-jose","status":"publish","type":"post","link":"https:\/\/dioceseteixeiradefreitas.com.br\/?p=14392","title":{"rendered":"Dom Jailton participa de reuni\u00e3o com lideran\u00e7as em Guarani para planejar a cria\u00e7\u00e3o da Par\u00f3quia S\u00e3o Jos\u00e9"},"content":{"rendered":"<figure id=\"attachment_14393\" aria-describedby=\"caption-attachment-14393\" style=\"width: 1280px\" class=\"wp-caption aligncenter\"><img loading=\"lazy\" decoding=\"async\" class=\"wp-image-14393 size-full\" src=\"https:\/\/dioceseteixeiradefreitas.com.br\/wp-content\/uploads\/2021\/09\/WhatsApp-Image-2021-09-11-at-11.20.06-PM.jpeg\" alt=\"\" width=\"1280\" height=\"1280\" srcset=\"https:\/\/dioceseteixeiradefreitas.com.br\/wp-content\/uploads\/2021\/09\/WhatsApp-Image-2021-09-11-at-11.20.06-PM.jpeg 1280w, https:\/\/dioceseteixeiradefreitas.com.br\/wp-content\/uploads\/2021\/09\/WhatsApp-Image-2021-09-11-at-11.20.06-PM-300x300.jpeg 300w, https:\/\/dioceseteixeiradefreitas.com.br\/wp-content\/uploads\/2021\/09\/WhatsApp-Image-2021-09-11-at-11.20.06-PM-1024x1024.jpeg 1024w, https:\/\/dioceseteixeiradefreitas.com.br\/wp-content\/uploads\/2021\/09\/WhatsApp-Image-2021-09-11-at-11.20.06-PM-150x150.jpeg 150w, https:\/\/dioceseteixeiradefreitas.com.br\/wp-content\/uploads\/2021\/09\/WhatsApp-Image-2021-09-11-at-11.20.06-PM-768x768.jpeg 768w\" sizes=\"auto, (max-width: 1280px) 100vw, 1280px\" \/><figcaption id=\"caption-attachment-14393\" class=\"wp-caption-text\">Dom Jailton no momento de fala na reuni\u00e3o &#8211; Foto: PASCOM Guarani\/Divulga\u00e7\u00e3o<\/figcaption><\/figure>\n<p>Aconteceu no dia 11 de setembro, \u00e0s 09h, na Quase-Par\u00f3quia S\u00e3o Jos\u00e9 Esposo, a Assembleia com os membros do Conselho de Pastoral Paroquial, presidida pelo bispo Dom Jailton de Oliveira Lino e com a participa\u00e7\u00e3o dos padres Le\u00f4nidas Cardoso Reis J\u00fanior e Jailton de Sousa Sapucaia, Coordenador Diocesano de Pastoral e vig\u00e1rio paroquial, al\u00e9m de coordenadores de pastorais e movimentos da quase-par\u00f3quia.<\/p>\n<p>Segundo um dos coordenadores de pastorais, o momento foi de encontro para apresenta\u00e7\u00e3o do Plano Paroquial, al\u00e9m da troca de informa\u00e7\u00f5es e coopera\u00e7\u00e3o m\u00fatua entre as pastorais, para darmos in\u00edcio a caminhada paroquial.<\/p>\n<p>Dom Jailton colocou em pauta a eleva\u00e7\u00e3o da Quase-Par\u00f3quia, tendo a possibilidade de se tornar Par\u00f3quia S\u00e3o Jos\u00e9 em breve. Ele definiu o termo \u201cPar\u00f3quia\u201d. Tendo como objetivo principal, incentivar e trabalhar no grande projeto de Jesus Cristo que \u00e9 o projeto da igreja e a evangeliza\u00e7\u00e3o. Por isso todos n\u00f3s somos convidados a se doar nesse projeto evangelizador. &#8220;<em>uma determinada comunidade de fi\u00e9is, constitu\u00edda estavelmente na Igreja particular [diocese ou arquidiocese], e seu cuidado \u00e9 confiado ao p\u00e1roco, como seu pastor pr\u00f3prio, sob a autoridade do bispo diocesano<\/em>\u201d, techo retirado do C\u00f3digo de Direito Can\u00f4nico.<\/p>\n<figure id=\"attachment_14394\" aria-describedby=\"caption-attachment-14394\" style=\"width: 1280px\" class=\"wp-caption aligncenter\"><img loading=\"lazy\" decoding=\"async\" class=\"wp-image-14394 size-full\" src=\"https:\/\/dioceseteixeiradefreitas.com.br\/wp-content\/uploads\/2021\/09\/WhatsApp-Image-2021-09-11-at-11.20.03-PM.jpeg\" alt=\"\" width=\"1280\" height=\"1280\" srcset=\"https:\/\/dioceseteixeiradefreitas.com.br\/wp-content\/uploads\/2021\/09\/WhatsApp-Image-2021-09-11-at-11.20.03-PM.jpeg 1280w, https:\/\/dioceseteixeiradefreitas.com.br\/wp-content\/uploads\/2021\/09\/WhatsApp-Image-2021-09-11-at-11.20.03-PM-300x300.jpeg 300w, https:\/\/dioceseteixeiradefreitas.com.br\/wp-content\/uploads\/2021\/09\/WhatsApp-Image-2021-09-11-at-11.20.03-PM-1024x1024.jpeg 1024w, https:\/\/dioceseteixeiradefreitas.com.br\/wp-content\/uploads\/2021\/09\/WhatsApp-Image-2021-09-11-at-11.20.03-PM-150x150.jpeg 150w, https:\/\/dioceseteixeiradefreitas.com.br\/wp-content\/uploads\/2021\/09\/WhatsApp-Image-2021-09-11-at-11.20.03-PM-768x768.jpeg 768w\" sizes=\"auto, (max-width: 1280px) 100vw, 1280px\" \/><figcaption id=\"caption-attachment-14394\" class=\"wp-caption-text\">lideran\u00e7as participando da reuni\u00e3o &#8211; Foto: PASCOM Guarani\/Divulga\u00e7\u00e3o<\/figcaption><\/figure>\n<p>Na reuni\u00e3o, tamb\u00e9m foi colocado a import\u00e2ncia das comunidades trabalharem unidas ao esp\u00edrito Paroquial, fazendo como que trabalhem em comunh\u00e3o com a Diocese, possibilitando assim leigos mais bem instru\u00eddos. O Pe Le\u00f4nidas, completou dizendo aos participantes as miss\u00f5es da igreja, pontuando como uma de suas maiores miss\u00f5es, a de traduzir a palavra de Deus limpa e pura, fazendo como que as pessoas se pare\u00e7am como Jesus.<\/p>\n<p>Ao final da assembleia, ficou definido que no dia 04 de dezembro acontecer\u00e1 mais uma reuni\u00e3o, para avalia\u00e7\u00e3o e defini\u00e7\u00e3o da caminhada e possibilidade do processo da eleva\u00e7\u00e3o da Quase-Par\u00f3quia para Par\u00f3quia durante a festa de S\u00e3o Jos\u00e9, em Mar\u00e7o de 2022, ressaltando assim tamb\u00e9m o momento pand\u00eamico.<\/p>\n<p>Fotos e texto: Cassidiones S\u00e9rgio do Esp\u00edrito Santo e Matheus Kretli dos Santos Suave (PASCOM Guarani)<\/p>\n<p>[su_note note_color=&#8221;#f3d318&#8243; text_color=&#8221;#ffffff&#8221;]Veja a galeria:[\/su_note]<\/p>\n<div id='gallery-1' class='gallery galleryid-14392 gallery-columns-5 gallery-size-thumbnail'><figure class='gallery-item'>\n\t\t\t<div class='gallery-icon landscape'>\n\t\t\t\t<a href='https:\/\/dioceseteixeiradefreitas.com.br\/wp-content\/uploads\/2021\/09\/WhatsApp-Image-2021-09-11-at-11.20.04-PM.jpeg'><img loading=\"lazy\" decoding=\"async\" width=\"150\" height=\"150\" src=\"https:\/\/dioceseteixeiradefreitas.com.br\/wp-content\/uploads\/2021\/09\/WhatsApp-Image-2021-09-11-at-11.20.04-PM-150x150.jpeg\" class=\"attachment-thumbnail size-thumbnail\" alt=\"\" srcset=\"https:\/\/dioceseteixeiradefreitas.com.br\/wp-content\/uploads\/2021\/09\/WhatsApp-Image-2021-09-11-at-11.20.04-PM-150x150.jpeg 150w, https:\/\/dioceseteixeiradefreitas.com.br\/wp-content\/uploads\/2021\/09\/WhatsApp-Image-2021-09-11-at-11.20.04-PM-300x300.jpeg 300w, https:\/\/dioceseteixeiradefreitas.com.br\/wp-content\/uploads\/2021\/09\/WhatsApp-Image-2021-09-11-at-11.20.04-PM-1024x1024.jpeg 1024w, https:\/\/dioceseteixeiradefreitas.com.br\/wp-content\/uploads\/2021\/09\/WhatsApp-Image-2021-09-11-at-11.20.04-PM-768x768.jpeg 768w, https:\/\/dioceseteixeiradefreitas.com.br\/wp-content\/uploads\/2021\/09\/WhatsApp-Image-2021-09-11-at-11.20.04-PM.jpeg 1280w\" sizes=\"auto, (max-width: 150px) 100vw, 150px\" \/><\/a>\n\t\t\t<\/div><\/figure><figure class='gallery-item'>\n\t\t\t<div class='gallery-icon landscape'>\n\t\t\t\t<a href='https:\/\/dioceseteixeiradefreitas.com.br\/wp-content\/uploads\/2021\/09\/WhatsApp-Image-2021-09-11-at-11.20.05-PM.jpeg'><img loading=\"lazy\" decoding=\"async\" width=\"150\" height=\"150\" src=\"https:\/\/dioceseteixeiradefreitas.com.br\/wp-content\/uploads\/2021\/09\/WhatsApp-Image-2021-09-11-at-11.20.05-PM-150x150.jpeg\" class=\"attachment-thumbnail size-thumbnail\" alt=\"\" srcset=\"https:\/\/dioceseteixeiradefreitas.com.br\/wp-content\/uploads\/2021\/09\/WhatsApp-Image-2021-09-11-at-11.20.05-PM-150x150.jpeg 150w, https:\/\/dioceseteixeiradefreitas.com.br\/wp-content\/uploads\/2021\/09\/WhatsApp-Image-2021-09-11-at-11.20.05-PM-300x300.jpeg 300w, https:\/\/dioceseteixeiradefreitas.com.br\/wp-content\/uploads\/2021\/09\/WhatsApp-Image-2021-09-11-at-11.20.05-PM-1024x1024.jpeg 1024w, https:\/\/dioceseteixeiradefreitas.com.br\/wp-content\/uploads\/2021\/09\/WhatsApp-Image-2021-09-11-at-11.20.05-PM-768x768.jpeg 768w, https:\/\/dioceseteixeiradefreitas.com.br\/wp-content\/uploads\/2021\/09\/WhatsApp-Image-2021-09-11-at-11.20.05-PM.jpeg 1280w\" sizes=\"auto, (max-width: 150px) 100vw, 150px\" \/><\/a>\n\t\t\t<\/div><\/figure><figure class='gallery-item'>\n\t\t\t<div class='gallery-icon landscape'>\n\t\t\t\t<a href='https:\/\/dioceseteixeiradefreitas.com.br\/wp-content\/uploads\/2021\/09\/WhatsApp-Image-2021-09-11-at-11.20.06-PM-1.jpeg'><img loading=\"lazy\" decoding=\"async\" width=\"150\" height=\"150\" src=\"https:\/\/dioceseteixeiradefreitas.com.br\/wp-content\/uploads\/2021\/09\/WhatsApp-Image-2021-09-11-at-11.20.06-PM-1-150x150.jpeg\" class=\"attachment-thumbnail size-thumbnail\" alt=\"\" srcset=\"https:\/\/dioceseteixeiradefreitas.com.br\/wp-content\/uploads\/2021\/09\/WhatsApp-Image-2021-09-11-at-11.20.06-PM-1-150x150.jpeg 150w, https:\/\/dioceseteixeiradefreitas.com.br\/wp-content\/uploads\/2021\/09\/WhatsApp-Image-2021-09-11-at-11.20.06-PM-1-300x300.jpeg 300w, https:\/\/dioceseteixeiradefreitas.com.br\/wp-content\/uploads\/2021\/09\/WhatsApp-Image-2021-09-11-at-11.20.06-PM-1-1024x1024.jpeg 1024w, https:\/\/dioceseteixeiradefreitas.com.br\/wp-content\/uploads\/2021\/09\/WhatsApp-Image-2021-09-11-at-11.20.06-PM-1-768x768.jpeg 768w, https:\/\/dioceseteixeiradefreitas.com.br\/wp-content\/uploads\/2021\/09\/WhatsApp-Image-2021-09-11-at-11.20.06-PM-1.jpeg 1280w\" sizes=\"auto, (max-width: 150px) 100vw, 150px\" \/><\/a>\n\t\t\t<\/div><\/figure><figure class='gallery-item'>\n\t\t\t<div class='gallery-icon landscape'>\n\t\t\t\t<a href='https:\/\/dioceseteixeiradefreitas.com.br\/wp-content\/uploads\/2021\/09\/WhatsApp-Image-2021-09-11-at-11.20.06-PM-2.jpeg'><img loading=\"lazy\" decoding=\"async\" width=\"150\" height=\"150\" src=\"https:\/\/dioceseteixeiradefreitas.com.br\/wp-content\/uploads\/2021\/09\/WhatsApp-Image-2021-09-11-at-11.20.06-PM-2-150x150.jpeg\" class=\"attachment-thumbnail size-thumbnail\" alt=\"\" srcset=\"https:\/\/dioceseteixeiradefreitas.com.br\/wp-content\/uploads\/2021\/09\/WhatsApp-Image-2021-09-11-at-11.20.06-PM-2-150x150.jpeg 150w, https:\/\/dioceseteixeiradefreitas.com.br\/wp-content\/uploads\/2021\/09\/WhatsApp-Image-2021-09-11-at-11.20.06-PM-2-300x300.jpeg 300w, https:\/\/dioceseteixeiradefreitas.com.br\/wp-content\/uploads\/2021\/09\/WhatsApp-Image-2021-09-11-at-11.20.06-PM-2-1024x1024.jpeg 1024w, https:\/\/dioceseteixeiradefreitas.com.br\/wp-content\/uploads\/2021\/09\/WhatsApp-Image-2021-09-11-at-11.20.06-PM-2-768x768.jpeg 768w, https:\/\/dioceseteixeiradefreitas.com.br\/wp-content\/uploads\/2021\/09\/WhatsApp-Image-2021-09-11-at-11.20.06-PM-2.jpeg 1280w\" sizes=\"auto, (max-width: 150px) 100vw, 150px\" \/><\/a>\n\t\t\t<\/div><\/figure><figure class='gallery-item'>\n\t\t\t<div class='gallery-icon landscape'>\n\t\t\t\t<a href='https:\/\/dioceseteixeiradefreitas.com.br\/wp-content\/uploads\/2021\/09\/WhatsApp-Image-2021-09-11-at-11.20.08-PM.jpeg'><img loading=\"lazy\" decoding=\"async\" width=\"150\" height=\"150\" src=\"https:\/\/dioceseteixeiradefreitas.com.br\/wp-content\/uploads\/2021\/09\/WhatsApp-Image-2021-09-11-at-11.20.08-PM-150x150.jpeg\" class=\"attachment-thumbnail size-thumbnail\" alt=\"\" srcset=\"https:\/\/dioceseteixeiradefreitas.com.br\/wp-content\/uploads\/2021\/09\/WhatsApp-Image-2021-09-11-at-11.20.08-PM-150x150.jpeg 150w, https:\/\/dioceseteixeiradefreitas.com.br\/wp-content\/uploads\/2021\/09\/WhatsApp-Image-2021-09-11-at-11.20.08-PM-300x300.jpeg 300w, https:\/\/dioceseteixeiradefreitas.com.br\/wp-content\/uploads\/2021\/09\/WhatsApp-Image-2021-09-11-at-11.20.08-PM-1024x1024.jpeg 1024w, https:\/\/dioceseteixeiradefreitas.com.br\/wp-content\/uploads\/2021\/09\/WhatsApp-Image-2021-09-11-at-11.20.08-PM-768x768.jpeg 768w, https:\/\/dioceseteixeiradefreitas.com.br\/wp-content\/uploads\/2021\/09\/WhatsApp-Image-2021-09-11-at-11.20.08-PM.jpeg 1280w\" sizes=\"auto, (max-width: 150px) 100vw, 150px\" \/><\/a>\n\t\t\t<\/div><\/figure>\n\t\t<\/div>\n\n","protected":false},"excerpt":{"rendered":"<p>Aconteceu no dia 11 de setembro, \u00e0s 09h, na Quase-Par\u00f3quia S\u00e3o Jos\u00e9 Esposo, a Assembleia com os membros do Conselho de Pastoral Paroquial, presidida pelo bispo Dom Jailton de Oliveira Lino e com a participa\u00e7\u00e3o dos padres Le\u00f4nidas Cardoso Reis J\u00fanior e Jailton de Sousa Sapucaia, Coordenador Diocesano de Pastoral e vig\u00e1rio paroquial, al\u00e9m de &hellip;<\/p>\n","protected":false},"author":1,"featured_media":14393,"comment_status":"closed","ping_status":"closed","sticky":false,"template":"","format":"standard","meta":{"footnotes":""},"categories":[310],"tags":[109,936,301,935],"class_list":["post-14392","post","type-post","status-publish","format-standard","has-post-thumbnail","hentry","category-noticias-paroquiais","tag-forania-santo-antonio","tag-guarani","tag-prado","tag-quase-paroquia-sao-jose-esposo"],"_links":{"self":[{"href":"https:\/\/dioceseteixeiradefreitas.com.br\/index.php?rest_route=\/wp\/v2\/posts\/14392","targetHints":{"allow":["GET"]}}],"collection":[{"href":"https:\/\/dioceseteixeiradefreitas.com.br\/index.php?rest_route=\/wp\/v2\/posts"}],"about":[{"href":"https:\/\/dioceseteixeiradefreitas.com.br\/index.php?rest_route=\/wp\/v2\/types\/post"}],"author":[{"embeddable":true,"href":"https:\/\/dioceseteixeiradefreitas.com.br\/index.php?rest_route=\/wp\/v2\/users\/1"}],"replies":[{"embeddable":true,"href":"https:\/\/dioceseteixeiradefreitas.com.br\/index.php?rest_route=%2Fwp%2Fv2%2Fcomments&post=14392"}],"version-history":[{"count":5,"href":"https:\/\/dioceseteixeiradefreitas.com.br\/index.php?rest_route=\/wp\/v2\/posts\/14392\/revisions"}],"predecessor-version":[{"id":14404,"href":"https:\/\/dioceseteixeiradefreitas.com.br\/index.php?rest_route=\/wp\/v2\/posts\/14392\/revisions\/14404"}],"wp:featuredmedia":[{"embeddable":true,"href":"https:\/\/dioceseteixeiradefreitas.com.br\/index.php?rest_route=\/wp\/v2\/media\/14393"}],"wp:attachment":[{"href":"https:\/\/dioceseteixeiradefreitas.com.br\/index.php?rest_route=%2Fwp%2Fv2%2Fmedia&parent=14392"}],"wp:term":[{"taxonomy":"category","embeddable":true,"href":"https:\/\/dioceseteixeiradefreitas.com.br\/index.php?rest_route=%2Fwp%2Fv2%2Fcategories&post=14392"},{"taxonomy":"post_tag","embeddable":true,"href":"https:\/\/dioceseteixeiradefreitas.com.br\/index.php?rest_route=%2Fwp%2Fv2%2Ftags&post=14392"}],"curies":[{"name":"wp","href":"https:\/\/api.w.org\/{rel}","templated":true}]}}