{"id":14531,"date":"2021-10-11T20:47:23","date_gmt":"2021-10-11T23:47:23","guid":{"rendered":"https:\/\/dioceseteixeiradefreitas.com.br\/?p=14531"},"modified":"2021-10-12T08:42:00","modified_gmt":"2021-10-12T11:42:00","slug":"dia-da-padroeira-confira-os-horarios-de-missas-nas-paroquias-de-nossa-diocese","status":"publish","type":"post","link":"https:\/\/dioceseteixeiradefreitas.com.br\/?p=14531","title":{"rendered":"Dia da padroeira do Brasil: Confira os hor\u00e1rios de Missas nas par\u00f3quias de nossa Diocese"},"content":{"rendered":"<p><img loading=\"lazy\" decoding=\"async\" class=\"aligncenter size-full wp-image-14533\" src=\"https:\/\/dioceseteixeiradefreitas.com.br\/wp-content\/uploads\/2021\/10\/Catolico-44.png\" alt=\"\" width=\"1000\" height=\"1000\" srcset=\"https:\/\/dioceseteixeiradefreitas.com.br\/wp-content\/uploads\/2021\/10\/Catolico-44.png 1000w, https:\/\/dioceseteixeiradefreitas.com.br\/wp-content\/uploads\/2021\/10\/Catolico-44-300x300.png 300w, https:\/\/dioceseteixeiradefreitas.com.br\/wp-content\/uploads\/2021\/10\/Catolico-44-150x150.png 150w, https:\/\/dioceseteixeiradefreitas.com.br\/wp-content\/uploads\/2021\/10\/Catolico-44-768x768.png 768w\" sizes=\"auto, (max-width: 1000px) 100vw, 1000px\" \/><\/p>\n<p>Os brasileiros festejam nesta ter\u00e7a-feira, dia 12 de outubro, Nossa Senhora Aparecida, Rainha e Padroeira do Brasil. Os devotos poder\u00e3o participar das Missas em honra\u00a0 \u00a0\u00e0 padroeira em diferentes par\u00f3quias de nossa Diocese.\u00a0 A\u00a0 PASCOM\u00a0 vem infomar a todos os fi\u00e9is os hor\u00e1rios de Missas\u00a0 nas par\u00f3quias:<\/p>\n<p>Catedral S\u00e3o Pedro: 19h<br \/>\nCo-catedral Santo Ant\u00f4nio (Caravelas): 19h<br \/>\nCom. Nossa Senhora Aparecida (Catedral S\u00e3o Pedro):\u00a0 09h<br \/>\nIgreja Matriz de\u00a0 S\u00e3o Francisco de Assis:\u00a0 08h<br \/>\nIgreja Matriz de Santo Ant\u00f4nio de P\u00e1dua (Distrito &#8211; Pe. Paulo C\u00e9sar):\u00a0 07h<br \/>\nIgreja Matriz de Nossa Senhora D&#8217;Ajuda (Itanh\u00e9m):\u00a0 19h<br \/>\nIgreja Matriz de S\u00e3o Miguel Arcanjo: 19h30<br \/>\n\u00c1rea Pastoral Cristo Rei (Itamaraju): 08h<br \/>\nIgreja Matriz de Nossa Senhora de F\u00e1tima (Itamaraju): 07h<br \/>\nIgreja Matriz S\u00e3o Paulo Ap\u00f3stolo: 07h e 19h<br \/>\nIgreja Matriz\u00a0 de Santo Ant\u00f4nio (Bela Vista &#8211; Pe. Ricardo): 19h30<br \/>\nIgreja Matriz de Santa Rita: 19h<br \/>\nIgreja Matriz de Nossa Senhora das Gra\u00e7as: 08h<br \/>\nIgreja Matriz S\u00e3o Jos\u00e9 Oper\u00e1rio (Itabat\u00e3): 19h<br \/>\nIgreja Matriz S\u00e3o Jos\u00e9 Oper\u00e1rio (Teixeira de Freitas &#8211; Pe. Rog\u00e9rio): 10h<\/p>\n<p>Salientamos que \u00e9 necess\u00e1rio o uso obrigat\u00f3rio de m\u00e1scara para participar das celebra\u00e7\u00f5es, bem como\u00a0 seguir os protocolos de higiene, seguran\u00e7a e distanciamento social.\u00a0 Participe com sua fam\u00edlia.<\/p>\n<h2>+ DE 300 ANOS DO ENCONTRO DA IMAGEM<\/h2>\n<p>Na manh\u00e3 de 12 de outubro de 1717, tr\u00eas pescadores lan\u00e7aram seus barcos no Rio Para\u00edba, que escorria at\u00e9 \u00e0 sua cidade. Eles tinham sido encarregados de trazer peixes para o banquete, que se realizaria no dia seguinte, na cidade de Guaratinguet\u00e1, por ocasi\u00e3o da visita do conde Assumar, Dom Pedro de Almeida Portugal, governante da capitania de S\u00e3o Paulo e Minas Gerais, durante uma viagem a Vila Rica. Os tr\u00eas pescadores, Domingos Garcia, Jo\u00e3o Alves e Filipe Pedroso, pareciam n\u00e3o ter sorte naquela manh\u00e3: ap\u00f3s v\u00e1rias tentativas infrut\u00edferas, tinham quase desistido, quando Jo\u00e3o Alves tentou novamente. Ele jogou sua rede nas \u00e1guas do rio e, lentamente, a puxou para cima. Havia pescado alguma coisa, mas n\u00e3o era peixe&#8230; parecia uma esp\u00e9cie de madeira. Quando tirou da rede, o peda\u00e7o de madeira parecia fazer parte de uma est\u00e1tua da Virgem Maria, infelizmente sem cabe\u00e7a. Ao lan\u00e7ar novamente a rede, esta vez Jo\u00e3o Alves encontrou nas malhas outro peda\u00e7o de madeira, de forma arredondada, que parecia precisamente a cabe\u00e7a da mesma est\u00e1tua: tentou ajuntar os dois peda\u00e7os e percebeu que se encaixavam perfeitamente. Como que atra\u00eddo por um impulso, Jo\u00e3o Alves lan\u00e7ou, outra vez, a rede nas \u00e1guas, mas ela tinha ficado t\u00e3o pesada, que n\u00e3o conseguia tir\u00e1-la, por estar lotada de peixes. Ent\u00e3o, seus companheiros lan\u00e7aram tamb\u00e9m suas redes nas \u00e1guas e a pesca daquele dia foi realmente abundante.<\/p>\n<p>No dia seguinte, os tr\u00eas pescadores juntaram os dois peda\u00e7os da est\u00e1tua, limparam-nos dos detritos do rio e Filipe Pedroso a colocou na sua humilde casa. Em pouco tempo, a not\u00edcia da pesca milagrosa se difundiu pelas cidades vizinhas e, todas as noites, um grupo cada vez maior de simples pescadores come\u00e7ou a ir prestar homenagem \u00e0 Virgem Maria e rezar o ter\u00e7o. Eles deram-lhe o nome de \u201cAparecida\u201d, que apareceu. Com o passar do tempo, a multid\u00e3o tornou-se t\u00e3o numerosa que a casa do pescador n\u00e3o a podia conter mais. Por isso, foi constru\u00edda um primeiro orat\u00f3rio e, depois, em 1737, uma Capela maior. Foram muitos os testemunhos de gra\u00e7as e milagres alcan\u00e7ados naquele pequeno santu\u00e1rio. Em 1834, foi iniciada a constru\u00e7\u00e3o de uma igreja maior &#8211; a atual Bas\u00edlica Velha, &#8211; conclu\u00edda em 1888 e a est\u00e1tua foi transferida. Em 1904, a imagem foi coroada a pedido do Papa Pio X. Em 1908, a igreja recebeu o t\u00edtulo de Bas\u00edlica Menor, sagrada em 1909. Em 1930, o Papa Pio XI a elevou a Bas\u00edlica, declarando Nossa Senhora Aparecida Padroeira do Brasil. Papa Jo\u00e3o Paulo II foi o primeiro Papa a visitar o Santu\u00e1rio de Aparecida, em julho de 1980. Durante a sua Peregrina\u00e7\u00e3o Apost\u00f3lica, disse: \u201cO que buscavam os antigos romeiros? O que buscam os peregrinos de hoje? Aquilo mesmo que buscavam no dia, mais ou menos remoto, do Batismo: a f\u00e9, e os meios de aliment\u00e1-la. Buscam os sacramentos da Igreja, sobretudo a reconcilia\u00e7\u00e3o com Deus e o alimento eucar\u00edstico. E voltam revigorados e agradecidos \u00e0 Senhora, M\u00e3e de Deus e nossa\u201d.<\/p>\n<p>Nossa Senhora da Concei\u00e7\u00e3o Aparecida, Rogai por n\u00f3s, filhos e filhas e por nossa na\u00e7\u00e3o brasileira\u00a0 agora e para sempre. Am\u00e9m!<\/p>\n","protected":false},"excerpt":{"rendered":"<p>Os brasileiros festejam nesta ter\u00e7a-feira, dia 12 de outubro, Nossa Senhora Aparecida, Rainha e Padroeira do Brasil. Os devotos poder\u00e3o participar das Missas em honra\u00a0 \u00a0\u00e0 padroeira em diferentes par\u00f3quias de nossa Diocese.\u00a0 A\u00a0 PASCOM\u00a0 vem infomar a todos os fi\u00e9is os hor\u00e1rios de Missas\u00a0 nas par\u00f3quias: Catedral S\u00e3o Pedro: 19h Co-catedral Santo Ant\u00f4nio (Caravelas): &hellip;<\/p>\n","protected":false},"author":1,"featured_media":14532,"comment_status":"closed","ping_status":"closed","sticky":false,"template":"","format":"standard","meta":{"footnotes":""},"categories":[100],"tags":[949,319,486,488,950],"class_list":["post-14531","post","type-post","status-publish","format-standard","has-post-thumbnail","hentry","category-noticias-diocesanas","tag-12-de-outubro","tag-dia-de-nossa-senhora-aparecida","tag-horarios-de-missas","tag-missas","tag-padroeira-do-brasil"],"_links":{"self":[{"href":"https:\/\/dioceseteixeiradefreitas.com.br\/index.php?rest_route=\/wp\/v2\/posts\/14531","targetHints":{"allow":["GET"]}}],"collection":[{"href":"https:\/\/dioceseteixeiradefreitas.com.br\/index.php?rest_route=\/wp\/v2\/posts"}],"about":[{"href":"https:\/\/dioceseteixeiradefreitas.com.br\/index.php?rest_route=\/wp\/v2\/types\/post"}],"author":[{"embeddable":true,"href":"https:\/\/dioceseteixeiradefreitas.com.br\/index.php?rest_route=\/wp\/v2\/users\/1"}],"replies":[{"embeddable":true,"href":"https:\/\/dioceseteixeiradefreitas.com.br\/index.php?rest_route=%2Fwp%2Fv2%2Fcomments&post=14531"}],"version-history":[{"count":6,"href":"https:\/\/dioceseteixeiradefreitas.com.br\/index.php?rest_route=\/wp\/v2\/posts\/14531\/revisions"}],"predecessor-version":[{"id":14539,"href":"https:\/\/dioceseteixeiradefreitas.com.br\/index.php?rest_route=\/wp\/v2\/posts\/14531\/revisions\/14539"}],"wp:featuredmedia":[{"embeddable":true,"href":"https:\/\/dioceseteixeiradefreitas.com.br\/index.php?rest_route=\/wp\/v2\/media\/14532"}],"wp:attachment":[{"href":"https:\/\/dioceseteixeiradefreitas.com.br\/index.php?rest_route=%2Fwp%2Fv2%2Fmedia&parent=14531"}],"wp:term":[{"taxonomy":"category","embeddable":true,"href":"https:\/\/dioceseteixeiradefreitas.com.br\/index.php?rest_route=%2Fwp%2Fv2%2Fcategories&post=14531"},{"taxonomy":"post_tag","embeddable":true,"href":"https:\/\/dioceseteixeiradefreitas.com.br\/index.php?rest_route=%2Fwp%2Fv2%2Ftags&post=14531"}],"curies":[{"name":"wp","href":"https:\/\/api.w.org\/{rel}","templated":true}]}}