{"id":14576,"date":"2021-10-18T18:33:12","date_gmt":"2021-10-18T21:33:12","guid":{"rendered":"https:\/\/dioceseteixeiradefreitas.com.br\/?p=14576"},"modified":"2021-10-18T18:33:12","modified_gmt":"2021-10-18T21:33:12","slug":"nota-de-solidariedade-a-dom-orlando-brandes-a-cnbb-e-ao-papa-francisco","status":"publish","type":"post","link":"https:\/\/dioceseteixeiradefreitas.com.br\/?p=14576","title":{"rendered":"Nota de solidariedade a Dom Orlando Brandes, \u00e0 CNBB e ao Papa Francisco"},"content":{"rendered":"<figure id=\"attachment_14577\" aria-describedby=\"caption-attachment-14577\" style=\"width: 768px\" class=\"wp-caption aligncenter\"><img loading=\"lazy\" decoding=\"async\" class=\"wp-image-14577 size-full\" src=\"https:\/\/dioceseteixeiradefreitas.com.br\/wp-content\/uploads\/2021\/10\/NOTA-DE-SOLIDARIEDADE.png\" alt=\"\" width=\"768\" height=\"499\" srcset=\"https:\/\/dioceseteixeiradefreitas.com.br\/wp-content\/uploads\/2021\/10\/NOTA-DE-SOLIDARIEDADE.png 768w, https:\/\/dioceseteixeiradefreitas.com.br\/wp-content\/uploads\/2021\/10\/NOTA-DE-SOLIDARIEDADE-300x195.png 300w\" sizes=\"auto, (max-width: 768px) 100vw, 768px\" \/><figcaption id=\"caption-attachment-14577\" class=\"wp-caption-text\">Nota de Solidariedade &#8211; Imagem: PASCOM\/Divulga\u00e7\u00e3o<\/figcaption><\/figure>\n<p>A Diocese de Teixeira de Freitas\/Caravelas vem a p\u00fablico prestar sua mais profunda solidariedade ao irm\u00e3o Dom Orlando Brandes, Arcebispo de Aparecida, \u00e0 Confer\u00eancia Nacional dos Bispos do Brasil (CNBB) e ao Papa Francisco, que, nos \u00faltimos dias, t\u00eam sido v\u00edtimas de ataques de \u00f3dio descontrolado. Acreditamos que jamais os discursos de amor ao pr\u00f3ximo, como nos ensinou Nosso senhor Jesus Cristo, podem ser calados por palavras que pregam a morte e a destrui\u00e7\u00e3o. A mensagem de Jesus \u00e9 Luz e nos leva a sermos agentes da paz.<\/p>\n<p>Como crist\u00e3os, acreditamos na vida, no amor, na fraternidade, na constru\u00e7\u00e3o de pontes em vez de muros, como o Papa Francisco tem nos insistido desde o in\u00edcio do seu minist\u00e9rio petrino. Precisamos urgentemente ser contraponto ao discurso que naturaliza a morte e a viol\u00eancia, como se fossem a sa\u00edda para a constru\u00e7\u00e3o de uma sociedade democr\u00e1tica.<\/p>\n<p>Somos conscientes de que uma sociedade justa e fraterna, que respeita as diferen\u00e7as, \u00e9 a \u00fanica base em que a democracia pode estar assentada! N\u00e3o podemos tomar caminhos esp\u00farios.<\/p>\n<p>Queremos, portanto, chamar a aten\u00e7\u00e3o de todos os nossos irm\u00e3os diocesanos para n\u00e3o se deixarem seduzir por discursos que, sem o m\u00ednimo respeito, atacam os pastores que conduzem nossa Igreja no Brasil e no mundo. Nenhuma diverg\u00eancia de ideias pode justificar insultos a homens que d\u00e3o a sua vida por amor ao Evangelho de Jesus e ao povo santo de Deus.<\/p>\n<p>Queridos irm\u00e3os e irm\u00e3s, o bem comum n\u00e3o se harmoniza com discursos violentos e extremistas, mas s\u00f3 pode ser alcan\u00e7ado pelo di\u00e1logo e pelo respeito m\u00fatuo. Somos disc\u00edpulos mission\u00e1rios de Nosso Senhor Jesus Cristo, que foi enviado a n\u00f3s pelo Pai para nos ensinar a amar, e assim daremos continuidade \u00e0 nossa miss\u00e3o de sermos construtores de uma sociedade fundamentada na justi\u00e7a e paz.<\/p>\n<p>Como Diocese de Teixeira de Freitas\/Caravelas expressamos nossa solidariedade, respeito, carinho e obedi\u00eancia ao Santo Padre, o Papa Francisco, \u00e0 CNBB e a Dom Orlando Brandes. Que continuemos sendo o ideal de Jesus Cristo de sermos luz do mundo, mesmo onde o \u00f3dio e a persegui\u00e7\u00e3o aos pastores da Igreja tendem a prosperar.<\/p>\n<p>&nbsp;<\/p>\n<p style=\"text-align: right;\"><em>Teixeira de Freitas, 18 de outubro de 2021<\/em><\/p>\n<p style=\"text-align: center;\">Dom Jailton de Oliveira Lino, psdp<br \/>\n<strong>Bispo Diocesano<\/strong><\/p>\n<p>[su_note note_color=&#8221;#f3d318&#8243; text_color=&#8221;#ffffff&#8221;]Confira o documento: <a href=\"https:\/\/dioceseteixeiradefreitas.com.br\/wp-content\/uploads\/2021\/10\/NOTA-DE-SOLIDARIEDADE.pdf\">CLIQUE AQUI<\/a>[\/su_note]<\/p>\n","protected":false},"excerpt":{"rendered":"<p>A Diocese de Teixeira de Freitas\/Caravelas vem a p\u00fablico prestar sua mais profunda solidariedade ao irm\u00e3o Dom Orlando Brandes, Arcebispo de Aparecida, \u00e0 Confer\u00eancia Nacional dos Bispos do Brasil (CNBB) e ao Papa Francisco, que, nos \u00faltimos dias, t\u00eam sido v\u00edtimas de ataques de \u00f3dio descontrolado. Acreditamos que jamais os discursos de amor ao pr\u00f3ximo, &hellip;<\/p>\n","protected":false},"author":1,"featured_media":14577,"comment_status":"closed","ping_status":"closed","sticky":false,"template":"","format":"standard","meta":{"footnotes":""},"categories":[51],"tags":[451,550,686,956],"class_list":["post-14576","post","type-post","status-publish","format-standard","has-post-thumbnail","hentry","category-notas","tag-diocese-de-teixeira-de-freitas-caravelas","tag-dom-jailton-de-oliveira-lino","tag-nota","tag-nota-de-solidariedade"],"_links":{"self":[{"href":"https:\/\/dioceseteixeiradefreitas.com.br\/index.php?rest_route=\/wp\/v2\/posts\/14576","targetHints":{"allow":["GET"]}}],"collection":[{"href":"https:\/\/dioceseteixeiradefreitas.com.br\/index.php?rest_route=\/wp\/v2\/posts"}],"about":[{"href":"https:\/\/dioceseteixeiradefreitas.com.br\/index.php?rest_route=\/wp\/v2\/types\/post"}],"author":[{"embeddable":true,"href":"https:\/\/dioceseteixeiradefreitas.com.br\/index.php?rest_route=\/wp\/v2\/users\/1"}],"replies":[{"embeddable":true,"href":"https:\/\/dioceseteixeiradefreitas.com.br\/index.php?rest_route=%2Fwp%2Fv2%2Fcomments&post=14576"}],"version-history":[{"count":1,"href":"https:\/\/dioceseteixeiradefreitas.com.br\/index.php?rest_route=\/wp\/v2\/posts\/14576\/revisions"}],"predecessor-version":[{"id":14579,"href":"https:\/\/dioceseteixeiradefreitas.com.br\/index.php?rest_route=\/wp\/v2\/posts\/14576\/revisions\/14579"}],"wp:featuredmedia":[{"embeddable":true,"href":"https:\/\/dioceseteixeiradefreitas.com.br\/index.php?rest_route=\/wp\/v2\/media\/14577"}],"wp:attachment":[{"href":"https:\/\/dioceseteixeiradefreitas.com.br\/index.php?rest_route=%2Fwp%2Fv2%2Fmedia&parent=14576"}],"wp:term":[{"taxonomy":"category","embeddable":true,"href":"https:\/\/dioceseteixeiradefreitas.com.br\/index.php?rest_route=%2Fwp%2Fv2%2Fcategories&post=14576"},{"taxonomy":"post_tag","embeddable":true,"href":"https:\/\/dioceseteixeiradefreitas.com.br\/index.php?rest_route=%2Fwp%2Fv2%2Ftags&post=14576"}],"curies":[{"name":"wp","href":"https:\/\/api.w.org\/{rel}","templated":true}]}}