{"id":14592,"date":"2021-10-20T13:48:31","date_gmt":"2021-10-20T16:48:31","guid":{"rendered":"https:\/\/dioceseteixeiradefreitas.com.br\/?p=14592"},"modified":"2021-10-20T13:48:58","modified_gmt":"2021-10-20T16:48:58","slug":"coleta-missionaria-sera-realizada-neste-final-de-semana-nas-dioceses-de-todos-os-paises","status":"publish","type":"post","link":"https:\/\/dioceseteixeiradefreitas.com.br\/?p=14592","title":{"rendered":"Coleta Mission\u00e1ria ser\u00e1 realizada neste final de semana nas par\u00f3quias de todos os pa\u00edses"},"content":{"rendered":"<figure style=\"width: 768px\" class=\"wp-caption alignnone\"><img loading=\"lazy\" decoding=\"async\" src=\"https:\/\/i0.wp.com\/www.pom.org.br\/wp-content\/uploads\/2021\/10\/Card-Coleta-Missionaria-2021-768x768.jpg\" alt=\"\" width=\"768\" height=\"768\" \/><figcaption class=\"wp-caption-text\">Card da Coleta Mission\u00e1ria &#8211; Imagem: POM\/Reprodu\u00e7\u00e3o<\/figcaption><\/figure>\n<p>No pr\u00f3ximo final de semana, dias 23 e 24 de outubro, a Igreja do Brasil realiza a <strong>Coleta Mission\u00e1ria durante as celebra\u00e7\u00f5es em todas as par\u00f3quias.<\/strong>\u00a0As contribui\u00e7\u00f5es arrecadadas beneficiam centenas de projetos para milhares de pessoas ligadas a institui\u00e7\u00f5es mantidas nos pa\u00edses mais pobres do mundo, atrav\u00e9s do Fundo Mundial de Solidariedade.<\/p>\n<p>A Coleta Mission\u00e1ria quer despertar a sensibilidade para poder ajudar tantas regi\u00f5es necessitadas de mission\u00e1rios e de recursos. O Dia Mundial das Miss\u00f5es foi institu\u00eddo pelo papa Pio XI em 1926, como um dia de ora\u00e7\u00e3o e ofertas em favor da evangeliza\u00e7\u00e3o dos povos. A inspira\u00e7\u00e3o vem do mandado de Jesus para anunciar a Boa Nova entre todas as na\u00e7\u00f5es. Al\u00e9m das ofertas, a Campanha Mission\u00e1ria nos convida a rezar e a refletir sobre a nossa miss\u00e3o no mundo.<\/p>\n<p>Em 2020, o Fundo Mundial de Solidariedade distribuiu aos projetos mission\u00e1rio mais de R$ 680 milh\u00f5es. As dioceses do Brasil puderam colaborar com um total de\u00a0 R$ 5.005.994,86.<\/p>\n<p>Ao destacar o tema da Campanha, Pe. Maur\u00edcio Jardim, diretor nacional das POM, recordou que a miss\u00e3o se faz com os joelhos que rezam, com as m\u00e3os que partilham e com os p\u00e9s que levam ao caminho para lugares distantes.<\/p>\n<p><iframe loading=\"lazy\" title=\"Dia Mundial das Miss\u00f5es | Coleta Mission\u00e1ria 2021\" width=\"500\" height=\"281\" src=\"https:\/\/www.youtube.com\/embed\/w8dz5wYo0iM?feature=oembed\" frameborder=\"0\" allow=\"accelerometer; autoplay; clipboard-write; encrypted-media; gyroscope; picture-in-picture; web-share\" referrerpolicy=\"strict-origin-when-cross-origin\" allowfullscreen><\/iframe><\/p>\n<h3><b>Como Doar<\/b><\/h3>\n<p>A ajuda material pode ser feita atrav\u00e9s dos envelopes distribu\u00eddos nas par\u00f3quias durante o m\u00eas mission\u00e1rio. A coleta mission\u00e1ria \u00e9 uma forma de lembrarmos da import\u00e2ncia de nossa participa\u00e7\u00e3o com a miss\u00e3o no mundo.<\/p>\n<p>Neste ano, para aqueles que desejarem fazer a sua doa\u00e7\u00e3o sem sair de casa, as POM disponibiliza a transfer\u00eancia por PIX, tornando mais f\u00e1cil o acesso.<\/p>\n<h3><strong>Saiba como acontece a Coleta Mission\u00e1ria<\/strong><\/h3>\n<p>No m\u00eas de outubro, em especial no Dia Mundial das Miss\u00f5es, as comunidades e par\u00f3quias recebem dos crist\u00e3os as ofertas por meio da coleta para as miss\u00f5es. Essas ofertas s\u00e3o enviadas para as dioceses que recolhem toda a arrecada\u00e7\u00e3o de suas comunidades e par\u00f3quias. A colabora\u00e7\u00e3o do Dia Mundial das Miss\u00f5es tem como finalidade a Evangeliza\u00e7\u00e3o, Anima\u00e7\u00e3o e Coopera\u00e7\u00e3o Mission\u00e1ria. Desta coleta, 80% s\u00e3o destinados para auxiliar atualmente 1.050 dioceses pobres nos \u201cterrit\u00f3rios de miss\u00e3o\u201d e diversos projetos na \u00c1frica, \u00c1sia, Oceania e Am\u00e9rica Latina. Os outros 20% s\u00e3o para a a\u00e7\u00e3o mission\u00e1ria no Brasil.<\/p>\n<p>At\u00e9 o final do ano, as dioceses repassam o valor total das ofertas para a dire\u00e7\u00e3o nacional das Pontif\u00edcias Obras Mission\u00e1rias (POM) em Bras\u00edlia (DF). A dire\u00e7\u00e3o nacional das POM comunica a Congrega\u00e7\u00e3o para a Propaga\u00e7\u00e3o da F\u00e9, em Roma, o valor arrecadado, e repassa os valores para o Fundo Mundial de Solidariedade. A Assembleia Geral das POM, no m\u00eas de maio, avalia, aprova e destina os recursos para os Projetos nos cinco continentes. Os principais projetos s\u00e3o: Trabalhos de promo\u00e7\u00e3o humana, catequese e evangeliza\u00e7\u00e3o; Forma\u00e7\u00e3o dos futuros sacerdotes e religiosos(as); Manuten\u00e7\u00e3o de mission\u00e1rios e igrejas em terras de miss\u00e3o; Meios de comunica\u00e7\u00e3o social e de transportes; Apoio e ajuda a centros de educa\u00e7\u00e3o e sa\u00fade, casas de portadores de defici\u00eancias f\u00edsicas; Constru\u00e7\u00f5es de capelas, igrejas, semin\u00e1rios e hospitais; Casas para idosos, orfanatos, creches, centros de reeduca\u00e7\u00e3o social e dependentes qu\u00edmicos; e Subs\u00eddios de urg\u00eancias em situa\u00e7\u00f5es de desastres e calamidades p\u00fablicas.<\/p>\n<p>&nbsp;<\/p>\n","protected":false},"excerpt":{"rendered":"<p>No pr\u00f3ximo final de semana, dias 23 e 24 de outubro, a Igreja do Brasil realiza a Coleta Mission\u00e1ria durante as celebra\u00e7\u00f5es em todas as par\u00f3quias.\u00a0As contribui\u00e7\u00f5es arrecadadas beneficiam centenas de projetos para milhares de pessoas ligadas a institui\u00e7\u00f5es mantidas nos pa\u00edses mais pobres do mundo, atrav\u00e9s do Fundo Mundial de Solidariedade. A Coleta Mission\u00e1ria &hellip;<\/p>\n","protected":false},"author":1,"featured_media":14593,"comment_status":"closed","ping_status":"closed","sticky":false,"template":"","format":"standard","meta":{"footnotes":""},"categories":[100],"tags":[958,253,959],"class_list":["post-14592","post","type-post","status-publish","format-standard","has-post-thumbnail","hentry","category-noticias-diocesanas","tag-coleta-missionaria","tag-mes-missionario","tag-pom"],"_links":{"self":[{"href":"https:\/\/dioceseteixeiradefreitas.com.br\/index.php?rest_route=\/wp\/v2\/posts\/14592","targetHints":{"allow":["GET"]}}],"collection":[{"href":"https:\/\/dioceseteixeiradefreitas.com.br\/index.php?rest_route=\/wp\/v2\/posts"}],"about":[{"href":"https:\/\/dioceseteixeiradefreitas.com.br\/index.php?rest_route=\/wp\/v2\/types\/post"}],"author":[{"embeddable":true,"href":"https:\/\/dioceseteixeiradefreitas.com.br\/index.php?rest_route=\/wp\/v2\/users\/1"}],"replies":[{"embeddable":true,"href":"https:\/\/dioceseteixeiradefreitas.com.br\/index.php?rest_route=%2Fwp%2Fv2%2Fcomments&post=14592"}],"version-history":[{"count":2,"href":"https:\/\/dioceseteixeiradefreitas.com.br\/index.php?rest_route=\/wp\/v2\/posts\/14592\/revisions"}],"predecessor-version":[{"id":14596,"href":"https:\/\/dioceseteixeiradefreitas.com.br\/index.php?rest_route=\/wp\/v2\/posts\/14592\/revisions\/14596"}],"wp:featuredmedia":[{"embeddable":true,"href":"https:\/\/dioceseteixeiradefreitas.com.br\/index.php?rest_route=\/wp\/v2\/media\/14593"}],"wp:attachment":[{"href":"https:\/\/dioceseteixeiradefreitas.com.br\/index.php?rest_route=%2Fwp%2Fv2%2Fmedia&parent=14592"}],"wp:term":[{"taxonomy":"category","embeddable":true,"href":"https:\/\/dioceseteixeiradefreitas.com.br\/index.php?rest_route=%2Fwp%2Fv2%2Fcategories&post=14592"},{"taxonomy":"post_tag","embeddable":true,"href":"https:\/\/dioceseteixeiradefreitas.com.br\/index.php?rest_route=%2Fwp%2Fv2%2Ftags&post=14592"}],"curies":[{"name":"wp","href":"https:\/\/api.w.org\/{rel}","templated":true}]}}