{"id":14626,"date":"2021-10-24T08:44:57","date_gmt":"2021-10-24T11:44:57","guid":{"rendered":"https:\/\/dioceseteixeiradefreitas.com.br\/?p=14626"},"modified":"2021-10-24T08:44:57","modified_gmt":"2021-10-24T11:44:57","slug":"papa-francisco-envia-mensagem-para-o-dia-mundial-das-missoes-2021","status":"publish","type":"post","link":"https:\/\/dioceseteixeiradefreitas.com.br\/?p=14626","title":{"rendered":"Papa Francisco envia mensagem para o Dia Mundial das Miss\u00f5es 2021"},"content":{"rendered":"<figure id=\"attachment_11457\" aria-describedby=\"caption-attachment-11457\" style=\"width: 750px\" class=\"wp-caption aligncenter\"><img loading=\"lazy\" decoding=\"async\" class=\"wp-image-11457 size-full\" src=\"https:\/\/dioceseteixeiradefreitas.com.br\/wp-content\/uploads\/2020\/10\/papa-francisco.jpeg\" alt=\"\" width=\"750\" height=\"422\" srcset=\"https:\/\/dioceseteixeiradefreitas.com.br\/wp-content\/uploads\/2020\/10\/papa-francisco.jpeg 750w, https:\/\/dioceseteixeiradefreitas.com.br\/wp-content\/uploads\/2020\/10\/papa-francisco-300x169.jpeg 300w, https:\/\/dioceseteixeiradefreitas.com.br\/wp-content\/uploads\/2020\/10\/papa-francisco-390x220.jpeg 390w, https:\/\/dioceseteixeiradefreitas.com.br\/wp-content\/uploads\/2020\/10\/papa-francisco-600x338.jpeg 600w\" sizes=\"auto, (max-width: 750px) 100vw, 750px\" \/><figcaption id=\"caption-attachment-11457\" class=\"wp-caption-text\">Papa Francisco envia mensagem ao Dia Mundial das Miss\u00f5es &#8211; Imagem: Internet\/Reprodu\u00e7\u00e3o<\/figcaption><\/figure>\n<p>\u201cNo Dia Mundial das Miss\u00f5es, celebrado anualmente no pen\u00faltimo domingo de outubro, recordamos com gratid\u00e3o todas as pessoas que, com o seu testemunho de vida, ajudam-nos a renovar o nosso compromisso batismal de sermos ap\u00f3stolos generosos e jubilosos do Evangelho. Lembramos especialmente aqueles que foram capazes de partir, deixar terra e fam\u00edlia para que o Evangelho alcance, sem demora e sem medo, lugares e povos onde tantas vidas estejam carentes de b\u00ean\u00e7\u00e3os&#8221;, disse o Papa Francisco.<\/p>\n<p>Junto \u00e0 mensagem do Sumo Pont\u00edfice para o Dia Mundial das Miss\u00f5es, apresentamos o detalhamento dos valores do Fundo Mundial de Solidariedade, destinado pela Pontif\u00edcia Obra da Propaga\u00e7\u00e3o da F\u00e9, Pontif\u00edcia Obra da Inf\u00e2ncia e Adolesc\u00eancia Mission\u00e1ria e Pontif\u00edcia Obra de S\u00e3o Pedro Ap\u00f3stolo. Atrav\u00e9s de gr\u00e1ficos, pode-se ter conhecimento das \u00e1reas que receberam recursos, colaborando com educa\u00e7\u00e3o, obras sociais, prote\u00e7\u00e3o das crian\u00e7as, catequese, entre outros.<\/p>\n<p>Em 2020, o Fundo Mundial de Solidariedade distribuiu<strong><span style=\"color: #000080;\"> mais de R$ 680 milh\u00f5es nos cinco continentes<\/span><\/strong>. A contribui\u00e7\u00e3o do Brasil para este fundo foi de <strong><span style=\"color: #000080;\">R$ 5.005.994,86<\/span><\/strong>. As POM s\u00e3o uma rede mundial de ora\u00e7\u00e3o e solidariedade \u00e0 servi\u00e7o do Papa e colaboram com 1.050 dioceses pobres que dependem da Congrega\u00e7\u00e3o para a Evangeliza\u00e7\u00e3o dos Povos. S\u00e3o Igrejas jovens nos \u201cterrit\u00f3rios de miss\u00e3o\u201d.<\/p>\n<p>[su_note note_color=&#8221;#f3d318&#8243; text_color=&#8221;#ffffff&#8221;]<a href=\"https:\/\/www.pom.org.br\/wp-content\/uploads\/2021\/05\/Mensagem-do-papa-2021.pdf\">Confira a Mensagem do Papa na \u00edntegra<\/a>:[\/su_note]<\/p>\n","protected":false},"excerpt":{"rendered":"<p>\u201cNo Dia Mundial das Miss\u00f5es, celebrado anualmente no pen\u00faltimo domingo de outubro, recordamos com gratid\u00e3o todas as pessoas que, com o seu testemunho de vida, ajudam-nos a renovar o nosso compromisso batismal de sermos ap\u00f3stolos generosos e jubilosos do Evangelho. Lembramos especialmente aqueles que foram capazes de partir, deixar terra e fam\u00edlia para que o &hellip;<\/p>\n","protected":false},"author":1,"featured_media":11457,"comment_status":"closed","ping_status":"closed","sticky":false,"template":"","format":"standard","meta":{"footnotes":""},"categories":[103],"tags":[962,754,71,959],"class_list":["post-14626","post","type-post","status-publish","format-standard","has-post-thumbnail","hentry","category-noticias-do-vaticano","tag-dia-mundial-das-missoes","tag-mensagem-do-papa","tag-papa-francisco","tag-pom"],"_links":{"self":[{"href":"https:\/\/dioceseteixeiradefreitas.com.br\/index.php?rest_route=\/wp\/v2\/posts\/14626","targetHints":{"allow":["GET"]}}],"collection":[{"href":"https:\/\/dioceseteixeiradefreitas.com.br\/index.php?rest_route=\/wp\/v2\/posts"}],"about":[{"href":"https:\/\/dioceseteixeiradefreitas.com.br\/index.php?rest_route=\/wp\/v2\/types\/post"}],"author":[{"embeddable":true,"href":"https:\/\/dioceseteixeiradefreitas.com.br\/index.php?rest_route=\/wp\/v2\/users\/1"}],"replies":[{"embeddable":true,"href":"https:\/\/dioceseteixeiradefreitas.com.br\/index.php?rest_route=%2Fwp%2Fv2%2Fcomments&post=14626"}],"version-history":[{"count":1,"href":"https:\/\/dioceseteixeiradefreitas.com.br\/index.php?rest_route=\/wp\/v2\/posts\/14626\/revisions"}],"predecessor-version":[{"id":14627,"href":"https:\/\/dioceseteixeiradefreitas.com.br\/index.php?rest_route=\/wp\/v2\/posts\/14626\/revisions\/14627"}],"wp:featuredmedia":[{"embeddable":true,"href":"https:\/\/dioceseteixeiradefreitas.com.br\/index.php?rest_route=\/wp\/v2\/media\/11457"}],"wp:attachment":[{"href":"https:\/\/dioceseteixeiradefreitas.com.br\/index.php?rest_route=%2Fwp%2Fv2%2Fmedia&parent=14626"}],"wp:term":[{"taxonomy":"category","embeddable":true,"href":"https:\/\/dioceseteixeiradefreitas.com.br\/index.php?rest_route=%2Fwp%2Fv2%2Fcategories&post=14626"},{"taxonomy":"post_tag","embeddable":true,"href":"https:\/\/dioceseteixeiradefreitas.com.br\/index.php?rest_route=%2Fwp%2Fv2%2Ftags&post=14626"}],"curies":[{"name":"wp","href":"https:\/\/api.w.org\/{rel}","templated":true}]}}