{"id":14686,"date":"2021-11-13T16:35:33","date_gmt":"2021-11-13T19:35:33","guid":{"rendered":"https:\/\/dioceseteixeiradefreitas.com.br\/?p=14686"},"modified":"2021-11-13T16:37:26","modified_gmt":"2021-11-13T19:37:26","slug":"irmas-servas-adoradoras-da-misericordia-promove-encontro-vocacional","status":"publish","type":"post","link":"https:\/\/dioceseteixeiradefreitas.com.br\/?p=14686","title":{"rendered":"Irm\u00e3s Servas Adoradoras da Miseric\u00f3rdia promovem Encontro Vocacional"},"content":{"rendered":"<figure id=\"attachment_14742\" aria-describedby=\"caption-attachment-14742\" style=\"width: 1080px\" class=\"wp-caption aligncenter\"><img loading=\"lazy\" decoding=\"async\" class=\"wp-image-14742 size-full\" src=\"https:\/\/dioceseteixeiradefreitas.com.br\/wp-content\/uploads\/2021\/11\/WhatsApp-Image-2021-11-11-at-22.40.52.jpeg\" alt=\"\" width=\"1080\" height=\"1080\" srcset=\"https:\/\/dioceseteixeiradefreitas.com.br\/wp-content\/uploads\/2021\/11\/WhatsApp-Image-2021-11-11-at-22.40.52.jpeg 1080w, https:\/\/dioceseteixeiradefreitas.com.br\/wp-content\/uploads\/2021\/11\/WhatsApp-Image-2021-11-11-at-22.40.52-300x300.jpeg 300w, https:\/\/dioceseteixeiradefreitas.com.br\/wp-content\/uploads\/2021\/11\/WhatsApp-Image-2021-11-11-at-22.40.52-1024x1024.jpeg 1024w, https:\/\/dioceseteixeiradefreitas.com.br\/wp-content\/uploads\/2021\/11\/WhatsApp-Image-2021-11-11-at-22.40.52-150x150.jpeg 150w, https:\/\/dioceseteixeiradefreitas.com.br\/wp-content\/uploads\/2021\/11\/WhatsApp-Image-2021-11-11-at-22.40.52-768x768.jpeg 768w\" sizes=\"auto, (max-width: 1080px) 100vw, 1080px\" \/><figcaption id=\"caption-attachment-14742\" class=\"wp-caption-text\">Encontro Vocacional &#8220;Voca\u00e7\u00e3o: chamado de F\u00e9&#8221; &#8211; Imagem: Irm\u00e3s\/Reprodu\u00e7\u00e3o<\/figcaption><\/figure>\n<p>&#8220;Voca\u00e7\u00e3o: chamado de f\u00e9&#8221;, \u00e9 o tema do pr\u00f3ximo encontro vocacional promovido pelas Irm\u00e3s Servas Adoradoras da\u00a0 Miseric\u00f3rdia, que acontece neste domingo (14), a partir das 08h, na casa das Irm\u00e3s religiosas. O convite \u00e9 para mo\u00e7as que desejam discernir qual o chamado de Deus em suas vidas e para compreender melhor qual a sua voca\u00e7\u00e3o no mundo atual.<\/p>\n<p>Para participar, as interessadas dever\u00e3o fazer o agendamento pr\u00e9vio atrav\u00e9s do <strong>telefone: (49) 99943-4848<\/strong>.<\/p>\n<p>Participe!<\/p>\n","protected":false},"excerpt":{"rendered":"<p>&#8220;Voca\u00e7\u00e3o: chamado de f\u00e9&#8221;, \u00e9 o tema do pr\u00f3ximo encontro vocacional promovido pelas Irm\u00e3s Servas Adoradoras da\u00a0 Miseric\u00f3rdia, que acontece neste domingo (14), a partir das 08h, na casa das Irm\u00e3s religiosas. O convite \u00e9 para mo\u00e7as que desejam discernir qual o chamado de Deus em suas vidas e para compreender melhor qual a sua &hellip;<\/p>\n","protected":false},"author":1,"featured_media":14742,"comment_status":"closed","ping_status":"closed","sticky":false,"template":"","format":"standard","meta":{"footnotes":""},"categories":[100],"tags":[787,64,479,704],"class_list":["post-14686","post","type-post","status-publish","format-standard","has-post-thumbnail","hentry","category-noticias-diocesanas","tag-787","tag-encontro-vocacional","tag-encontro-vocacional-feminino","tag-irmas-servas-adoradoras-da-misericordia"],"_links":{"self":[{"href":"https:\/\/dioceseteixeiradefreitas.com.br\/index.php?rest_route=\/wp\/v2\/posts\/14686","targetHints":{"allow":["GET"]}}],"collection":[{"href":"https:\/\/dioceseteixeiradefreitas.com.br\/index.php?rest_route=\/wp\/v2\/posts"}],"about":[{"href":"https:\/\/dioceseteixeiradefreitas.com.br\/index.php?rest_route=\/wp\/v2\/types\/post"}],"author":[{"embeddable":true,"href":"https:\/\/dioceseteixeiradefreitas.com.br\/index.php?rest_route=\/wp\/v2\/users\/1"}],"replies":[{"embeddable":true,"href":"https:\/\/dioceseteixeiradefreitas.com.br\/index.php?rest_route=%2Fwp%2Fv2%2Fcomments&post=14686"}],"version-history":[{"count":2,"href":"https:\/\/dioceseteixeiradefreitas.com.br\/index.php?rest_route=\/wp\/v2\/posts\/14686\/revisions"}],"predecessor-version":[{"id":14744,"href":"https:\/\/dioceseteixeiradefreitas.com.br\/index.php?rest_route=\/wp\/v2\/posts\/14686\/revisions\/14744"}],"wp:featuredmedia":[{"embeddable":true,"href":"https:\/\/dioceseteixeiradefreitas.com.br\/index.php?rest_route=\/wp\/v2\/media\/14742"}],"wp:attachment":[{"href":"https:\/\/dioceseteixeiradefreitas.com.br\/index.php?rest_route=%2Fwp%2Fv2%2Fmedia&parent=14686"}],"wp:term":[{"taxonomy":"category","embeddable":true,"href":"https:\/\/dioceseteixeiradefreitas.com.br\/index.php?rest_route=%2Fwp%2Fv2%2Fcategories&post=14686"},{"taxonomy":"post_tag","embeddable":true,"href":"https:\/\/dioceseteixeiradefreitas.com.br\/index.php?rest_route=%2Fwp%2Fv2%2Ftags&post=14686"}],"curies":[{"name":"wp","href":"https:\/\/api.w.org\/{rel}","templated":true}]}}