{"id":14710,"date":"2021-11-07T12:08:09","date_gmt":"2021-11-07T15:08:09","guid":{"rendered":"https:\/\/dioceseteixeiradefreitas.com.br\/?p=14710"},"modified":"2021-11-07T14:38:58","modified_gmt":"2021-11-07T17:38:58","slug":"pastoral-da-comunicacao-promove-encontro-diocesano","status":"publish","type":"post","link":"https:\/\/dioceseteixeiradefreitas.com.br\/?p=14710","title":{"rendered":"Pastoral da Comunica\u00e7\u00e3o promove encontro diocesano"},"content":{"rendered":"<figure id=\"attachment_14711\" aria-describedby=\"caption-attachment-14711\" style=\"width: 1280px\" class=\"wp-caption aligncenter\"><img loading=\"lazy\" decoding=\"async\" class=\"wp-image-14711 size-full\" src=\"https:\/\/dioceseteixeiradefreitas.com.br\/wp-content\/uploads\/2021\/11\/WhatsApp-Image-2021-11-07-at-13.58.22.jpeg\" alt=\"\" width=\"1280\" height=\"1280\" srcset=\"https:\/\/dioceseteixeiradefreitas.com.br\/wp-content\/uploads\/2021\/11\/WhatsApp-Image-2021-11-07-at-13.58.22.jpeg 1280w, https:\/\/dioceseteixeiradefreitas.com.br\/wp-content\/uploads\/2021\/11\/WhatsApp-Image-2021-11-07-at-13.58.22-300x300.jpeg 300w, https:\/\/dioceseteixeiradefreitas.com.br\/wp-content\/uploads\/2021\/11\/WhatsApp-Image-2021-11-07-at-13.58.22-1024x1024.jpeg 1024w, https:\/\/dioceseteixeiradefreitas.com.br\/wp-content\/uploads\/2021\/11\/WhatsApp-Image-2021-11-07-at-13.58.22-150x150.jpeg 150w, https:\/\/dioceseteixeiradefreitas.com.br\/wp-content\/uploads\/2021\/11\/WhatsApp-Image-2021-11-07-at-13.58.22-768x768.jpeg 768w\" sizes=\"auto, (max-width: 1280px) 100vw, 1280px\" \/><figcaption id=\"caption-attachment-14711\" class=\"wp-caption-text\">Card do Encontro Diocesano da PASCOM (ENDICOM) 2021 &#8211; Imagem: PASCOM\/Divulga\u00e7\u00e3o<\/figcaption><\/figure>\n<p>A Pastoral da Comunica\u00e7\u00e3o Diocesana promove no pr\u00f3ximo dia 20 de novembro (S\u00e1bado), de forma presencial a partir das 13h, no Sal\u00e3o da Igreja Matriz de S\u00e3o Francisco de Assis em Teixeira de Freitas, o Encontro de Diocesano de Comunica\u00e7\u00e3o &#8211; ENDICOM. O encontro que ter\u00e1 como base o tema da Carta do Papa Francisco para o 55\u00b0 Dia Mundial das Comunica\u00e7\u00f5es Sociais, <b><i>\u201cVem e ver\u00e1s\u201d\u00a0 <\/i>(Jo\u00a01, 46)<\/b><strong>: <b><i>Comunicar encontrando as pessoas onde est\u00e3o e como s\u00e3o<\/i><\/b>.\u00a0<\/strong><\/p>\n<p>A mensagem deste ano nos convida a sair do comodismo, do tudo que \u00e9 sabido para ir e ver. &#8220;\u00e9 necess\u00e1rio sair da presun\u00e7\u00e3o do comodismo do \u00abj\u00e1 sabido\u00bb e mover-se, ir ver, estar com as pessoas, ouvi-las, recolher as sugest\u00f5es da realidade, que nunca deixar\u00e1 de nos surpreender em algum dos seus aspetos.<\/p>\n<p>O encontro ser\u00e1 assessorado por Pe. Ricardo de Pinho Menezes, assessor diocesano da PASCOM, que trar\u00e1 reflex\u00e3o da Carta do Papa Francisco para o 55\u00ba Dia Mundial das Comunica\u00e7\u00f5es Sociais, da Advogada especialista em Direito Civil, Dr\u00aa Jairene Botelho, que abordar\u00e1 a nova Lei Geral de Prote\u00e7\u00e3o de Dados, \u00e0s consequ\u00eancias jur\u00eddicas para a PASCOM e\u00a0 as par\u00f3quias, al\u00e9m de demais convidados, que ser\u00e3o divulgados em breve.<\/p>\n<p>Este encontro est\u00e1 voltado inicialmente para comunicadores e agentes da PASTORAL DA COMUNICA\u00c7\u00c3O das par\u00f3quias da Diocese, por\u00e9m todos que desejarem s\u00e3o convidados a participar deste momento de estudo, mediante inscri\u00e7\u00e3o pelo formul\u00e1rio a seguir: <a href=\"https:\/\/forms.gle\/gmBcFFMKQLCy2sEj9\" target=\"_blank\" rel=\"noopener\">INSCRI\u00c7\u00c3O AQUI<\/a>.<\/p>\n","protected":false},"excerpt":{"rendered":"<p>A Pastoral da Comunica\u00e7\u00e3o Diocesana promove no pr\u00f3ximo dia 20 de novembro (S\u00e1bado), de forma presencial a partir das 13h, no Sal\u00e3o da Igreja Matriz de S\u00e3o Francisco de Assis em Teixeira de Freitas, o Encontro de Diocesano de Comunica\u00e7\u00e3o &#8211; ENDICOM. O encontro que ter\u00e1 como base o tema da Carta do Papa Francisco &hellip;<\/p>\n","protected":false},"author":1,"featured_media":14711,"comment_status":"closed","ping_status":"closed","sticky":false,"template":"","format":"standard","meta":{"footnotes":""},"categories":[100],"tags":[787,969,545,30,280,945],"class_list":["post-14710","post","type-post","status-publish","format-standard","has-post-thumbnail","hentry","category-noticias-diocesanas","tag-787","tag-endicom","tag-formacao-diocesana-da-pascom","tag-pascom-2","tag-pastoral-da-comunicacao","tag-pe-ricardo-de-pinho-menezes"],"_links":{"self":[{"href":"https:\/\/dioceseteixeiradefreitas.com.br\/index.php?rest_route=\/wp\/v2\/posts\/14710","targetHints":{"allow":["GET"]}}],"collection":[{"href":"https:\/\/dioceseteixeiradefreitas.com.br\/index.php?rest_route=\/wp\/v2\/posts"}],"about":[{"href":"https:\/\/dioceseteixeiradefreitas.com.br\/index.php?rest_route=\/wp\/v2\/types\/post"}],"author":[{"embeddable":true,"href":"https:\/\/dioceseteixeiradefreitas.com.br\/index.php?rest_route=\/wp\/v2\/users\/1"}],"replies":[{"embeddable":true,"href":"https:\/\/dioceseteixeiradefreitas.com.br\/index.php?rest_route=%2Fwp%2Fv2%2Fcomments&post=14710"}],"version-history":[{"count":3,"href":"https:\/\/dioceseteixeiradefreitas.com.br\/index.php?rest_route=\/wp\/v2\/posts\/14710\/revisions"}],"predecessor-version":[{"id":14714,"href":"https:\/\/dioceseteixeiradefreitas.com.br\/index.php?rest_route=\/wp\/v2\/posts\/14710\/revisions\/14714"}],"wp:featuredmedia":[{"embeddable":true,"href":"https:\/\/dioceseteixeiradefreitas.com.br\/index.php?rest_route=\/wp\/v2\/media\/14711"}],"wp:attachment":[{"href":"https:\/\/dioceseteixeiradefreitas.com.br\/index.php?rest_route=%2Fwp%2Fv2%2Fmedia&parent=14710"}],"wp:term":[{"taxonomy":"category","embeddable":true,"href":"https:\/\/dioceseteixeiradefreitas.com.br\/index.php?rest_route=%2Fwp%2Fv2%2Fcategories&post=14710"},{"taxonomy":"post_tag","embeddable":true,"href":"https:\/\/dioceseteixeiradefreitas.com.br\/index.php?rest_route=%2Fwp%2Fv2%2Ftags&post=14710"}],"curies":[{"name":"wp","href":"https:\/\/api.w.org\/{rel}","templated":true}]}}