{"id":14763,"date":"2021-11-23T16:29:08","date_gmt":"2021-11-23T19:29:08","guid":{"rendered":"https:\/\/dioceseteixeiradefreitas.com.br\/?p=14763"},"modified":"2021-11-23T19:56:10","modified_gmt":"2021-11-23T22:56:10","slug":"pasconeiros-de-varias-paroquias-da-diocese-participam-do-endicom-2021","status":"publish","type":"post","link":"https:\/\/dioceseteixeiradefreitas.com.br\/?p=14763","title":{"rendered":"Pasconeiros de v\u00e1rias par\u00f3quias da Diocese participam do ENDICOM 2021"},"content":{"rendered":"<figure id=\"attachment_14764\" aria-describedby=\"caption-attachment-14764\" style=\"width: 1024px\" class=\"wp-caption aligncenter\"><img loading=\"lazy\" decoding=\"async\" class=\"wp-image-14764 size-full\" src=\"https:\/\/dioceseteixeiradefreitas.com.br\/wp-content\/uploads\/2021\/11\/IMG_3856.jpg\" alt=\"\" width=\"1024\" height=\"683\" srcset=\"https:\/\/dioceseteixeiradefreitas.com.br\/wp-content\/uploads\/2021\/11\/IMG_3856.jpg 1024w, https:\/\/dioceseteixeiradefreitas.com.br\/wp-content\/uploads\/2021\/11\/IMG_3856-300x200.jpg 300w, https:\/\/dioceseteixeiradefreitas.com.br\/wp-content\/uploads\/2021\/11\/IMG_3856-768x512.jpg 768w\" sizes=\"auto, (max-width: 1024px) 100vw, 1024px\" \/><figcaption id=\"caption-attachment-14764\" class=\"wp-caption-text\">Agentes da PASCOM de v\u00e1rias par\u00f3quias participam do ENDICOM 2021 &#8211; Foto: PASCOM Diocesana\/Divulga\u00e7\u00e3o<\/figcaption><\/figure>\n<p>A Diocese de Teixeira de Freitas\/Caravelas, atrav\u00e9s da Pastoral da Comunica\u00e7\u00e3o, realizou no s\u00e1bado, 20 de novembro, \u00e0s 13h, o Encontro Diocesano de Comunica\u00e7\u00e3o (ENDICOM), edi\u00e7\u00e3o 2021. O encontro contou com a participa\u00e7\u00e3o de mais de 50 pasconeiros advindos de v\u00e1rias par\u00f3quias de nossa diocese, tendo ainda a participa\u00e7\u00e3o de religiosas.<\/p>\n<p>Este ano, de forma presencial, os\u00a0 participantes\u00a0 foram motivados pelo \u00a0tema da Carta do Papa Francisco para o 55\u00b0 Dia Mundial das Comunica\u00e7\u00f5es Sociais, <b><i>\u201cVem e ver\u00e1s\u201d\u00a0 \u00a0<\/i>(Jo\u00a01, 46)<\/b><strong>:\u00a0<b><i>Comunicar encontrando as pessoas onde est\u00e3o e como s\u00e3o<\/i><\/b>.\u00a0<\/strong><\/p>\n<p>O evento aconteceu no sal\u00e3o da\u00a0 Par\u00f3quia S\u00e3o Francisco de Assis em Teixeira de Freitas, durante toda a tarde, com momentos\u00a0 formativos, anima\u00e7\u00e3o, momentos de ora\u00e7\u00e3o, interatividade e espiritualidade.<\/p>\n<figure id=\"attachment_14779\" aria-describedby=\"caption-attachment-14779\" style=\"width: 1024px\" class=\"wp-caption aligncenter\"><img loading=\"lazy\" decoding=\"async\" class=\"wp-image-14779 size-full\" src=\"https:\/\/dioceseteixeiradefreitas.com.br\/wp-content\/uploads\/2021\/11\/IMG_3746.jpg\" alt=\"\" width=\"1024\" height=\"683\" srcset=\"https:\/\/dioceseteixeiradefreitas.com.br\/wp-content\/uploads\/2021\/11\/IMG_3746.jpg 1024w, https:\/\/dioceseteixeiradefreitas.com.br\/wp-content\/uploads\/2021\/11\/IMG_3746-300x200.jpg 300w, https:\/\/dioceseteixeiradefreitas.com.br\/wp-content\/uploads\/2021\/11\/IMG_3746-768x512.jpg 768w\" sizes=\"auto, (max-width: 1024px) 100vw, 1024px\" \/><figcaption id=\"caption-attachment-14779\" class=\"wp-caption-text\">Irm\u00e3 Aida assessorando o tema: A espiritualidade do Comunicador &#8211; Foto: PASCOM Diocesana\/Divulga\u00e7\u00e3o<\/figcaption><\/figure>\n<p>O ENDICOM contou com assessoria da Irm\u00e3 Aida da Congrega\u00e7\u00e3o das Irm\u00e3s Franciscanas do Senhor, que abordou\u00a0 sobre\u00a0 &#8220;a Espiritualidade do Comunicador&#8221;.\u00a0 &#8220;<em>[&#8230;] cuidar da espiritualidade significa cuidar dos valores que d\u00e3o rumo \u00e0 nossa vida e das significa\u00e7\u00f5es que geram esperan\u00e7a para a nossa miss\u00e3o e servi\u00e7o. Colocando os compromissos \u00e9ticos-evang\u00e9licos acima dos interesses pessoais ou coletivos. A espiritualidade constitui o alicerce de todos os eixos concretos da Pascom. Sem a pr\u00e1tica da viv\u00eancia da espiritualidade o comunicador esvazia-se, fragiliza-se como sujeito e torna-se vulner\u00e1vel \u00e0s dificuldades que se apresentam ao longo do caminho. Comunicar, rezar e viver integram-se um todo no estilo da elabora\u00e7\u00e3o da mensagem na forma de comunicar. Que possamos utilizar dos meios de comunica\u00e7\u00e3o para anunciar que Jesus \u00e9 o Senhor e para realizar um profundo encontro com Cristo,<\/em>&#8221; disse ela!<\/p>\n<figure id=\"attachment_14771\" aria-describedby=\"caption-attachment-14771\" style=\"width: 1024px\" class=\"wp-caption aligncenter\"><img loading=\"lazy\" decoding=\"async\" class=\"wp-image-14771 size-full\" src=\"https:\/\/dioceseteixeiradefreitas.com.br\/wp-content\/uploads\/2021\/11\/IMG_3774.jpg\" alt=\"\" width=\"1024\" height=\"683\" srcset=\"https:\/\/dioceseteixeiradefreitas.com.br\/wp-content\/uploads\/2021\/11\/IMG_3774.jpg 1024w, https:\/\/dioceseteixeiradefreitas.com.br\/wp-content\/uploads\/2021\/11\/IMG_3774-300x200.jpg 300w, https:\/\/dioceseteixeiradefreitas.com.br\/wp-content\/uploads\/2021\/11\/IMG_3774-768x512.jpg 768w\" sizes=\"auto, (max-width: 1024px) 100vw, 1024px\" \/><figcaption id=\"caption-attachment-14771\" class=\"wp-caption-text\">Dr.\u00aa Jairene Botelho assessorando o tema: LGPD aos agentes da PASCOM &#8211; Foto: PASCOM Diocesana\/Divulga\u00e7\u00e3o<\/figcaption><\/figure>\n<p>Outra assessora convidada foi a Dr.\u00aa Jairene Botelho, advogada especialista em Direito Civil e tamb\u00e9m pasconeira da Par\u00f3quia S\u00e3o Cosme e S\u00e3o Dami\u00e3o em Itamaraju, que explanou sobre a nova Lei Geral de Prote\u00e7\u00e3o de Dados (LGPD), \u00e0s consequ\u00eancias jur\u00eddicas para a PASCOM e par\u00f3quias. &#8220;O mundo atual encontra-se conectado de uma forma digital avan\u00e7ado e os agentes da PASCOM devem estar cientes sobre aplica\u00e7\u00e3o da LGPD, essa responsabilidade diante da prote\u00e7\u00e3o dos dados pessoais, assim como, a imagem do indiv\u00edduo em todas as situa\u00e7\u00f5es em que sua identidade poder\u00e1 vir a ser exposta dentro da Igreja&#8221;, falou Jairene.<\/p>\n<figure id=\"attachment_14780\" aria-describedby=\"caption-attachment-14780\" style=\"width: 1024px\" class=\"wp-caption aligncenter\"><img loading=\"lazy\" decoding=\"async\" class=\"wp-image-14780 size-full\" src=\"https:\/\/dioceseteixeiradefreitas.com.br\/wp-content\/uploads\/2021\/11\/IMG_3811.jpg\" alt=\"\" width=\"1024\" height=\"681\" srcset=\"https:\/\/dioceseteixeiradefreitas.com.br\/wp-content\/uploads\/2021\/11\/IMG_3811.jpg 1024w, https:\/\/dioceseteixeiradefreitas.com.br\/wp-content\/uploads\/2021\/11\/IMG_3811-300x200.jpg 300w, https:\/\/dioceseteixeiradefreitas.com.br\/wp-content\/uploads\/2021\/11\/IMG_3811-768x511.jpg 768w\" sizes=\"auto, (max-width: 1024px) 100vw, 1024px\" \/><figcaption id=\"caption-attachment-14780\" class=\"wp-caption-text\">Padre Ricardo Menezes tamb\u00e9m marcou presen\u00e7a no ENDICOM &#8211; Foto: PASCOM Diocesana\/Divulga\u00e7\u00e3o<\/figcaption><\/figure>\n<p>O encontro ainda contou com a presen\u00e7a do Assessor Diocesano da PASCOM, Pe. Ricardo de Pinho Menezes, que fez uma reflex\u00e3o da Carta do Papa Francisco para o 55\u00ba Dia Mundial das Comunica\u00e7\u00f5es Sociais. Ele ainda agradeceu todos os agentes que neste tempo de pandemia tem sido porta voz do evangelho de Jesus Cristo e diz estar &#8220;orgulhoso em ver o quanto a PASCOM de nossa diocese amadureceu neste tempo de caminhada&#8221;, disse. Ele ainda aproveitou e rezou com os agentes a Ora\u00e7\u00e3o do S\u00ednodo dos Bispos, e pediu aos agentes que ajudem a par\u00f3quia a construir os trabalhos paroquiais.<\/p>\n<p>Ap\u00f3s, o encontro foi encerrado com uma Santa Missa presidida pelo Pe. Ricardo, tendo a participa\u00e7\u00e3o dos agentes da pastoral e de fi\u00e9is.<\/p>\n<p>[su_note note_color=&#8221;#f3d318&#8243; text_color=&#8221;#ffffff&#8221;]Confira a galeria:[\/su_note]<\/p>\n<p>[Best_Wordpress_Gallery id=&#8221;29&#8243; gal_title=&#8221;ENDICOM&#8221;]<\/p>\n<p>&nbsp;<\/p>\n","protected":false},"excerpt":{"rendered":"<p>A Diocese de Teixeira de Freitas\/Caravelas, atrav\u00e9s da Pastoral da Comunica\u00e7\u00e3o, realizou no s\u00e1bado, 20 de novembro, \u00e0s 13h, o Encontro Diocesano de Comunica\u00e7\u00e3o (ENDICOM), edi\u00e7\u00e3o 2021. O encontro contou com a participa\u00e7\u00e3o de mais de 50 pasconeiros advindos de v\u00e1rias par\u00f3quias de nossa diocese, tendo ainda a participa\u00e7\u00e3o de religiosas. Este ano, de forma &hellip;<\/p>\n","protected":false},"author":1,"featured_media":14764,"comment_status":"closed","ping_status":"closed","sticky":false,"template":"","format":"standard","meta":{"footnotes":""},"categories":[100],"tags":[974,973,30,434],"class_list":["post-14763","post","type-post","status-publish","format-standard","has-post-thumbnail","hentry","category-noticias-diocesanas","tag-encontro-diocesano-de-comunicacao","tag-endicom-2021","tag-pascom-2","tag-pascom-diocesana"],"_links":{"self":[{"href":"https:\/\/dioceseteixeiradefreitas.com.br\/index.php?rest_route=\/wp\/v2\/posts\/14763","targetHints":{"allow":["GET"]}}],"collection":[{"href":"https:\/\/dioceseteixeiradefreitas.com.br\/index.php?rest_route=\/wp\/v2\/posts"}],"about":[{"href":"https:\/\/dioceseteixeiradefreitas.com.br\/index.php?rest_route=\/wp\/v2\/types\/post"}],"author":[{"embeddable":true,"href":"https:\/\/dioceseteixeiradefreitas.com.br\/index.php?rest_route=\/wp\/v2\/users\/1"}],"replies":[{"embeddable":true,"href":"https:\/\/dioceseteixeiradefreitas.com.br\/index.php?rest_route=%2Fwp%2Fv2%2Fcomments&post=14763"}],"version-history":[{"count":6,"href":"https:\/\/dioceseteixeiradefreitas.com.br\/index.php?rest_route=\/wp\/v2\/posts\/14763\/revisions"}],"predecessor-version":[{"id":14782,"href":"https:\/\/dioceseteixeiradefreitas.com.br\/index.php?rest_route=\/wp\/v2\/posts\/14763\/revisions\/14782"}],"wp:featuredmedia":[{"embeddable":true,"href":"https:\/\/dioceseteixeiradefreitas.com.br\/index.php?rest_route=\/wp\/v2\/media\/14764"}],"wp:attachment":[{"href":"https:\/\/dioceseteixeiradefreitas.com.br\/index.php?rest_route=%2Fwp%2Fv2%2Fmedia&parent=14763"}],"wp:term":[{"taxonomy":"category","embeddable":true,"href":"https:\/\/dioceseteixeiradefreitas.com.br\/index.php?rest_route=%2Fwp%2Fv2%2Fcategories&post=14763"},{"taxonomy":"post_tag","embeddable":true,"href":"https:\/\/dioceseteixeiradefreitas.com.br\/index.php?rest_route=%2Fwp%2Fv2%2Ftags&post=14763"}],"curies":[{"name":"wp","href":"https:\/\/api.w.org\/{rel}","templated":true}]}}