{"id":14807,"date":"2021-12-01T16:49:47","date_gmt":"2021-12-01T19:49:47","guid":{"rendered":"https:\/\/dioceseteixeiradefreitas.com.br\/?p=14807"},"modified":"2021-12-02T08:41:19","modified_gmt":"2021-12-02T11:41:19","slug":"dedicacao-do-altar-e-consagracao-da-igreja-matriz-imaculada-conceicao-em-teixeira-de-freitas","status":"publish","type":"post","link":"https:\/\/dioceseteixeiradefreitas.com.br\/?p=14807","title":{"rendered":"Dedica\u00e7\u00e3o do Altar e Consagra\u00e7\u00e3o da Igreja Matriz Imaculada Concei\u00e7\u00e3o em Teixeira de Freitas"},"content":{"rendered":"<figure id=\"attachment_14824\" aria-describedby=\"caption-attachment-14824\" style=\"width: 1024px\" class=\"wp-caption aligncenter\"><img loading=\"lazy\" decoding=\"async\" class=\"wp-image-14824 size-full\" src=\"https:\/\/dioceseteixeiradefreitas.com.br\/wp-content\/uploads\/2021\/12\/IMG_4378.jpg\" alt=\"\" width=\"1024\" height=\"683\" srcset=\"https:\/\/dioceseteixeiradefreitas.com.br\/wp-content\/uploads\/2021\/12\/IMG_4378.jpg 1024w, https:\/\/dioceseteixeiradefreitas.com.br\/wp-content\/uploads\/2021\/12\/IMG_4378-300x200.jpg 300w, https:\/\/dioceseteixeiradefreitas.com.br\/wp-content\/uploads\/2021\/12\/IMG_4378-768x512.jpg 768w\" sizes=\"auto, (max-width: 1024px) 100vw, 1024px\" \/><figcaption id=\"caption-attachment-14824\" class=\"wp-caption-text\">Pe. D\u00e1cio (\u00e0 esquerda), Pe. Paulo S\u00e9rgio (vig\u00e1rio paroquial), Dom Jailton no centro e Pe. Jos\u00e9 Ailton (\u00e0 direita) &#8211; Foto: PASCOM\/Divulga\u00e7\u00e3o<\/figcaption><\/figure>\n<p>O bispo de Teixeira de Freitas\/Caravelas, Dom Jailton de Oliveira Lino, psdp, presidiu no \u00faltimo domingo, 28 de novembro, a Santa Missa com a dedica\u00e7\u00e3o do novo altar e consagra\u00e7\u00e3o da Igreja Imaculada Concei\u00e7\u00e3o em Teixeira de Freitas. Concelebraram o p\u00e1roco, Pe. Jos\u00e9 Ailton Ribeiro Pardinho, o vig\u00e1rio paroquial, Pe. Paulo S\u00e9rgio Gomes de Melo e contou ainda com a presen\u00e7a do Pe. D\u00e1cio Bai\u00e3o, de religiosas e religiosos, seminaristas e, todos os fi\u00e9is que acompanharam atentamente cada rito. Logo no in\u00edcio, a aspers\u00e3o com \u00e1gua benta para purifica\u00e7\u00e3o do templo e dos fi\u00e9is.<\/p>\n<p>Na Homilia, o bispo disse\u00a0 &#8220;<em>Hoje nos reunimos neste primeiro domingo do advento, tempo de vigil\u00e2ncia, dentro dos festejos em prepara\u00e7\u00e3o \u00e0 solenidade de Nossa Senhora Imaculada Concei\u00e7\u00e3o, padroeira desta par\u00f3quia. Reunimos para dedicar este templo, esta igreja para consagrar esse altar e as paredes da Igreja. A Igreja tamb\u00e9m por tr\u00e1s da Igreja que estamos dedicando hoje existem muitas m\u00e3os e muitos rostos que passaram por aqui, os padres, que idealizaram, os bispos que criaram a comunidade, a par\u00f3quia e tantas milhares de m\u00e3os que passaram para construir essa igreja<\/em>\u201d, disse.<\/p>\n<figure id=\"attachment_14825\" aria-describedby=\"caption-attachment-14825\" style=\"width: 1024px\" class=\"wp-caption aligncenter\"><img loading=\"lazy\" decoding=\"async\" class=\"wp-image-14825 size-full\" src=\"https:\/\/dioceseteixeiradefreitas.com.br\/wp-content\/uploads\/2021\/12\/IMG_4057.jpg\" alt=\"\" width=\"1024\" height=\"683\" srcset=\"https:\/\/dioceseteixeiradefreitas.com.br\/wp-content\/uploads\/2021\/12\/IMG_4057.jpg 1024w, https:\/\/dioceseteixeiradefreitas.com.br\/wp-content\/uploads\/2021\/12\/IMG_4057-300x200.jpg 300w, https:\/\/dioceseteixeiradefreitas.com.br\/wp-content\/uploads\/2021\/12\/IMG_4057-768x512.jpg 768w\" sizes=\"auto, (max-width: 1024px) 100vw, 1024px\" \/><figcaption id=\"caption-attachment-14825\" class=\"wp-caption-text\">Dom Jailton durante a homilia &#8211; Foto: PASCOM\/Divulga\u00e7\u00e3o<\/figcaption><\/figure>\n<p>Dom Jailton fez quest\u00e3o de destacar a passagem de uma pessoa especial para essa Igreja particular. Ele lembrou do Pe. Manoel Ferreira, falecido em 2017. \u201c<em>Eu quero lembrar de uma pessoa, particularmente que passou por aqui e que deu a sua vida por esta comunidade, n\u00e3o cheguei a conhec\u00ea-lo, mas conhe\u00e7o atrav\u00e9s daquilo que dizem a respeito dele, que foi o padre Manoel, que passou muitos anos com voc\u00eas e trabalhou muito para que essa Igreja fosse erguida e n\u00f3s pud\u00e9ssemos estar aqui agora. Que ele l\u00e1 do c\u00e9u, participe conosco desta Eucaristia e que ele interceda junto de Deus para que Deus possa, de fato, aben\u00e7oar e ungir este templo<\/em>&#8220;, concluiu.<\/p>\n<p>Ap\u00f3s a homilia e da ora\u00e7\u00e3o da ladainha de Todos os Santos, Dom Jailton retomou os ritos: o Altar recebeu a rel\u00edquia de primeiro grau de S\u00e3o Jo\u00e3o Paulo II, advinda de Roma, para recordar a entrega dos Santos como resposta ao amor divino;\u00a0 ap\u00f3s, o \u00f3leo do Crisma sobre o novo altar que ser\u00e1 usado para o Sacrif\u00edcio Eucar\u00edstico como agrad\u00e1vel odor de Cristo, assim como foi ungido as paredes do templo; em seguida, o incenso, tanto no altar quanto os fi\u00e9is presentes, que leva na fuma\u00e7a as nossas ora\u00e7\u00f5es que sobem ao c\u00e9u; por fim, \u00a0arrumou o altar ornamentando-o como de costume para a Santa Missa, realizou-se a ilumina\u00e7\u00e3o da Igreja, onde se acendem as velas do altar e as velas que foram colocadas nas paredes da igreja onde o bispo assinalou com a un\u00e7\u00e3o.<\/p>\n<figure id=\"attachment_14823\" aria-describedby=\"caption-attachment-14823\" style=\"width: 1024px\" class=\"wp-caption aligncenter\"><img loading=\"lazy\" decoding=\"async\" class=\"wp-image-14823 size-full\" src=\"https:\/\/dioceseteixeiradefreitas.com.br\/wp-content\/uploads\/2021\/12\/IMG_4160.jpg\" alt=\"\" width=\"1024\" height=\"683\" srcset=\"https:\/\/dioceseteixeiradefreitas.com.br\/wp-content\/uploads\/2021\/12\/IMG_4160.jpg 1024w, https:\/\/dioceseteixeiradefreitas.com.br\/wp-content\/uploads\/2021\/12\/IMG_4160-300x200.jpg 300w, https:\/\/dioceseteixeiradefreitas.com.br\/wp-content\/uploads\/2021\/12\/IMG_4160-768x512.jpg 768w\" sizes=\"auto, (max-width: 1024px) 100vw, 1024px\" \/><figcaption id=\"caption-attachment-14823\" class=\"wp-caption-text\">Dom Jailton ungindo o altar da Igreja Imaculada Concei\u00e7\u00e3o com o \u00f3leo do Crisma &#8211; Foto: PASCOM\/Divulga\u00e7\u00e3o<\/figcaption><\/figure>\n<p>Ao final da celebra\u00e7\u00e3o, o p\u00e1roco, Pe. Jos\u00e9 Ailton agradeceu a presen\u00e7a do bispo, dos padres que passaram na par\u00f3quia, as religiosas, ao padre Jan Gabriel que auxiliou no pedido da rel\u00edquia de S\u00e3o Jo\u00e3o Paulo II e tamb\u00e9m aos fi\u00e9is. O padre ainda foi al\u00e9m, ele disse ser bastante grato \u00e0 toda a comunidade que,\u00a0 atrav\u00e9s de muito esfor\u00e7o e carinho, colaboraram para que esta obra fosse realizada.<\/p>\n<p>Que esta dedica\u00e7\u00e3o t\u00e3o empreendida possa ser estendida na viv\u00eancia da f\u00e9 por todos n\u00f3s.<\/p>\n<p>Por PASCOM Diocesana<br \/>\n\ud83d\udcf8: Juliana Porto &#8211; PASCOM Diocesana<\/p>\n<p>[su_note note_color=&#8221;#f3d318&#8243; text_color=&#8221;#ffffff&#8221;]Confira a galeria[\/su_note]<\/p>\n<p>[Best_Wordpress_Gallery id=&#8221;31&#8243; gal_title=&#8221;Dedica\u00e7\u00e3o Imaculada&#8221;]<\/p>\n","protected":false},"excerpt":{"rendered":"<p>O bispo de Teixeira de Freitas\/Caravelas, Dom Jailton de Oliveira Lino, psdp, presidiu no \u00faltimo domingo, 28 de novembro, a Santa Missa com a dedica\u00e7\u00e3o do novo altar e consagra\u00e7\u00e3o da Igreja Imaculada Concei\u00e7\u00e3o em Teixeira de Freitas. Concelebraram o p\u00e1roco, Pe. Jos\u00e9 Ailton Ribeiro Pardinho, o vig\u00e1rio paroquial, Pe. Paulo S\u00e9rgio Gomes de Melo &hellip;<\/p>\n","protected":false},"author":1,"featured_media":14823,"comment_status":"closed","ping_status":"closed","sticky":false,"template":"","format":"standard","meta":{"footnotes":""},"categories":[310],"tags":[980,979,425,57,711],"class_list":["post-14807","post","type-post","status-publish","format-standard","has-post-thumbnail","hentry","category-noticias-paroquiais","tag-consagracao-da-igreja","tag-dedicacao-do-altar","tag-diocese-teixeira-de-freitas-caravelas","tag-forania-sao-pedro","tag-paroquia-imaculada-conceicao"],"_links":{"self":[{"href":"https:\/\/dioceseteixeiradefreitas.com.br\/index.php?rest_route=\/wp\/v2\/posts\/14807","targetHints":{"allow":["GET"]}}],"collection":[{"href":"https:\/\/dioceseteixeiradefreitas.com.br\/index.php?rest_route=\/wp\/v2\/posts"}],"about":[{"href":"https:\/\/dioceseteixeiradefreitas.com.br\/index.php?rest_route=\/wp\/v2\/types\/post"}],"author":[{"embeddable":true,"href":"https:\/\/dioceseteixeiradefreitas.com.br\/index.php?rest_route=\/wp\/v2\/users\/1"}],"replies":[{"embeddable":true,"href":"https:\/\/dioceseteixeiradefreitas.com.br\/index.php?rest_route=%2Fwp%2Fv2%2Fcomments&post=14807"}],"version-history":[{"count":10,"href":"https:\/\/dioceseteixeiradefreitas.com.br\/index.php?rest_route=\/wp\/v2\/posts\/14807\/revisions"}],"predecessor-version":[{"id":14830,"href":"https:\/\/dioceseteixeiradefreitas.com.br\/index.php?rest_route=\/wp\/v2\/posts\/14807\/revisions\/14830"}],"wp:featuredmedia":[{"embeddable":true,"href":"https:\/\/dioceseteixeiradefreitas.com.br\/index.php?rest_route=\/wp\/v2\/media\/14823"}],"wp:attachment":[{"href":"https:\/\/dioceseteixeiradefreitas.com.br\/index.php?rest_route=%2Fwp%2Fv2%2Fmedia&parent=14807"}],"wp:term":[{"taxonomy":"category","embeddable":true,"href":"https:\/\/dioceseteixeiradefreitas.com.br\/index.php?rest_route=%2Fwp%2Fv2%2Fcategories&post=14807"},{"taxonomy":"post_tag","embeddable":true,"href":"https:\/\/dioceseteixeiradefreitas.com.br\/index.php?rest_route=%2Fwp%2Fv2%2Ftags&post=14807"}],"curies":[{"name":"wp","href":"https:\/\/api.w.org\/{rel}","templated":true}]}}