{"id":14845,"date":"2021-12-06T19:08:51","date_gmt":"2021-12-06T22:08:51","guid":{"rendered":"https:\/\/dioceseteixeiradefreitas.com.br\/?p=14845"},"modified":"2021-12-06T19:13:51","modified_gmt":"2021-12-06T22:13:51","slug":"campanha-para-a-evangelizacao-saiba-quando-e-como-serao-as-doacoes-esse-ano","status":"publish","type":"post","link":"https:\/\/dioceseteixeiradefreitas.com.br\/?p=14845","title":{"rendered":"Campanha para a Evangeliza\u00e7\u00e3o: saiba quando e como ser\u00e3o as doa\u00e7\u00f5es esse ano"},"content":{"rendered":"<figure id=\"attachment_14847\" aria-describedby=\"caption-attachment-14847\" style=\"width: 1202px\" class=\"wp-caption aligncenter\"><img loading=\"lazy\" decoding=\"async\" class=\"wp-image-14847 size-full\" src=\"https:\/\/dioceseteixeiradefreitas.com.br\/wp-content\/uploads\/2021\/12\/Arte-CE-2021-1.jpg\" alt=\"\" width=\"1202\" height=\"636\" srcset=\"https:\/\/dioceseteixeiradefreitas.com.br\/wp-content\/uploads\/2021\/12\/Arte-CE-2021-1.jpg 1202w, https:\/\/dioceseteixeiradefreitas.com.br\/wp-content\/uploads\/2021\/12\/Arte-CE-2021-1-300x159.jpg 300w, https:\/\/dioceseteixeiradefreitas.com.br\/wp-content\/uploads\/2021\/12\/Arte-CE-2021-1-1024x542.jpg 1024w, https:\/\/dioceseteixeiradefreitas.com.br\/wp-content\/uploads\/2021\/12\/Arte-CE-2021-1-768x406.jpg 768w\" sizes=\"auto, (max-width: 1202px) 100vw, 1202px\" \/><figcaption id=\"caption-attachment-14847\" class=\"wp-caption-text\">Card Campanha para a Evangeliza\u00e7\u00e3o &#8211; Imagem: CNBB\/Reprodu\u00e7\u00e3o<\/figcaption><\/figure>\n<p>A coleta para a Evangeliza\u00e7\u00e3o \u00e9 realizada todos os anos no terceiro domingo do Advento, como de costume. Em 2021, esse gesto concreto acontece nos dias 11 e 12 de dezembro. Sob o tema:<strong>\u00a0\u201c<em>Ide, sem medo, para servir<\/em>\u201d<\/strong>. Uma express\u00e3o do Papa Francisco em sua homilia de encerramento na Jornada Mundial da Juventude, em 2013, no Brasil.<\/p>\n<h3>COMO SER\u00c3O AS DOA\u00c7\u00d5ES<\/h3>\n<p>As doa\u00e7\u00f5es v\u00e3o ocorrer exclusivamente em cada par\u00f3quia do Brasil, mediante\u00a0 doa\u00e7\u00f5es e ofertas dos fi\u00e9is. Os envelopes para destina\u00e7\u00e3o das doa\u00e7\u00f5es j\u00e1 se encontram nas par\u00f3quias. Estes recursos garantem que a Igreja no Brasil d\u00ea continuidade ao an\u00fancio e testemunho do Evangelho desde as \u00e1reas mission\u00e1rias at\u00e9 \u00e0s periferias das grandes cidades, passando pelas a\u00e7\u00f5es pastorais e pela articula\u00e7\u00e3o das comunidades eclesiais mission\u00e1rias, al\u00e9m de contribuir para a manuten\u00e7\u00e3o da Confer\u00eancia Nacional dos Bispos do Brasil (CNBB).<\/p>\n<h3>A DESTINA\u00c7\u00c3O DOS RECURSOS<\/h3>\n<p>A Campanha para a Evangeliza\u00e7\u00e3o destina os seus recursos para a dinamiza\u00e7\u00e3o e manuten\u00e7\u00e3o dos 19 regionais da CNBB, visando \u00e0 execu\u00e7\u00e3o das atividades evangelizadoras, programadas a partir das Diretrizes Gerais da A\u00e7\u00e3o Evangelizadora da Igreja no Brasil (DGAE). Em muitos regionais existem atividades mission\u00e1rias al\u00e9m-fronteiras, com apoio a diversas pastorais, servi\u00e7os, organismos e movimentos.<\/p>\n<h5>Do total arrecadado, 45% permanecem na pr\u00f3pria diocese, 20% s\u00e3o destinados aos regionais da Confer\u00eancia Nacional dos Bispos do Brasil (CNBB) e 35% s\u00e3o destinados \u00e0 CNBB.<\/h5>\n<blockquote><p>\u201cPraticamente todas as iniciativas pastorais das diversas Comiss\u00f5es contam com a ajuda da Campanha da Evangeliza\u00e7\u00e3o! \u00c9 preciosa essa colabora\u00e7\u00e3o da Campanha da Evangeliza\u00e7\u00e3o para expandir as sementes e sinais do Reino de Deus na Igreja e na Sociedade\u201d, afirma o padre Marcus Barbosa, secret\u00e1rio adjunto de pastoral da CNBB.<\/p><\/blockquote>\n<p>O Setor de Campanhas da CNBB disponibilizou o modelo de envelope para impress\u00e3o, de modo que as Igrejas particulares que sempre utilizam este recurso possam baix\u00e1-lo, fazer a impress\u00e3o em gr\u00e1ficas locais e distribu\u00ed-los como de costume. O material pode ser baixado no link ao final desta not\u00edcia e tamb\u00e9m no site de Campanhas (www.campanhas.cnbb.org.br). Tamb\u00e9m est\u00e3o disponibilizadas a Arte do Cartaz, a Ora\u00e7\u00e3o da Campanha e a presta\u00e7\u00e3o de contas de 2020.<\/p>\n<p>Veja o v\u00eddeo do secret\u00e1rio executivo das Campanhas da CNBB, padre Patriky Samuel Batista, incentivando todos a participarem:<\/p>\n<div class=\"wp-video\">\n<div style=\"width: 640px;\" class=\"wp-video\"><video class=\"wp-video-shortcode\" id=\"video-14845-1\" width=\"640\" height=\"352\" preload=\"metadata\" controls=\"controls\"><source type=\"video\/mp4\" src=\"https:\/\/dioceseteixeiradefreitas.com.br\/wp-content\/uploads\/2021\/12\/WhatsApp-Video-2021-11-19-at-14.58.00.mp4?_=1\" \/><a href=\"https:\/\/dioceseteixeiradefreitas.com.br\/wp-content\/uploads\/2021\/12\/WhatsApp-Video-2021-11-19-at-14.58.00.mp4\">https:\/\/dioceseteixeiradefreitas.com.br\/wp-content\/uploads\/2021\/12\/WhatsApp-Video-2021-11-19-at-14.58.00.mp4<\/a><\/video><\/div>\n<\/div>\n<h3>BAIXE OS MATERIAIS<\/h3>\n<div class=\"main_page_interna\">\n<div class=\"container\">\n<article class=\"conteudo\">\n<div class=\"interna_content\">\n<div class=\"interna_campanha_right\">\n<div id=\"lista_arquivos\"><a class=\"fancyboxforwp\" href=\"https:\/\/campanhas.cnbb.org.br\/wp-content\/uploads\/2021\/11\/Hino-da-CE-2021_coro.pdf\" target=\"_blank\" rel=\"noopener\" data-fancybox=\"gallery\"><img decoding=\"async\" src=\"https:\/\/campanhas.cnbb.org.br\/wp-content\/themes\/minhaparoquia\/images\/pdf.png\" \/>Hino da CE 2021 \u2013 Coro<\/a><\/div>\n<div><a class=\"fancyboxforwp\" href=\"https:\/\/campanhas.cnbb.org.br\/wp-content\/uploads\/2021\/11\/Hino-da-CE-2021_voz-e-cifras.pdf\" target=\"_blank\" rel=\"noopener\" data-fancybox=\"gallery\"><img decoding=\"async\" src=\"https:\/\/campanhas.cnbb.org.br\/wp-content\/themes\/minhaparoquia\/images\/pdf.png\" \/>Hino da CE 2021 \u2013 Voz e cifras<\/a><\/div>\n<div><a class=\"fancyboxforwp\" href=\"https:\/\/campanhas.cnbb.org.br\/wp-content\/uploads\/2021\/09\/envelope-02.pdf\" target=\"_blank\" rel=\"noopener\" data-fancybox=\"gallery\"><img decoding=\"async\" src=\"https:\/\/campanhas.cnbb.org.br\/wp-content\/themes\/minhaparoquia\/images\/pdf.png\" \/>Envelope da coleta para a Campanha para a Evangeliza\u00e7\u00e3o<\/a><\/div>\n<div><a class=\"fancyboxforwp\" href=\"https:\/\/campanhas.cnbb.org.br\/wp-content\/uploads\/2021\/09\/cartazCE_2021_P-FINAL-1.pdf\" target=\"_blank\" rel=\"noopener\" data-fancybox=\"gallery\"><img decoding=\"async\" src=\"https:\/\/campanhas.cnbb.org.br\/wp-content\/themes\/minhaparoquia\/images\/pdf.png\" \/>Cartaz da Campanha para Evangeliza\u00e7\u00e3o 2021<\/a><\/div>\n<div><a class=\"fancyboxforwp\" href=\"https:\/\/campanhas.cnbb.org.br\/wp-content\/uploads\/2021\/09\/CampanhaParaEvangelizacao_BETA05-1.pdf\" target=\"_blank\" rel=\"noopener\" data-fancybox=\"gallery\"><img decoding=\"async\" src=\"https:\/\/campanhas.cnbb.org.br\/wp-content\/themes\/minhaparoquia\/images\/pdf.png\" \/>Texto base da Campanha para evangeliza\u00e7\u00e3o 2021<\/a><\/div>\n<\/div>\n<\/div>\n<\/article>\n<\/div>\n<\/div>\n<div class=\"main_rodape\">\n<div class=\"container\">\n<div class=\"logo_rodape\"><\/div>\n<\/div>\n<\/div>\n","protected":false},"excerpt":{"rendered":"<p>A coleta para a Evangeliza\u00e7\u00e3o \u00e9 realizada todos os anos no terceiro domingo do Advento, como de costume. Em 2021, esse gesto concreto acontece nos dias 11 e 12 de dezembro. Sob o tema:\u00a0\u201cIde, sem medo, para servir\u201d. Uma express\u00e3o do Papa Francisco em sua homilia de encerramento na Jornada Mundial da Juventude, em 2013, &hellip;<\/p>\n","protected":false},"author":1,"featured_media":14847,"comment_status":"closed","ping_status":"closed","sticky":false,"template":"","format":"standard","meta":{"footnotes":""},"categories":[100],"tags":[986,257,376,985,191,420,125],"class_list":["post-14845","post","type-post","status-publish","format-standard","has-post-thumbnail","hentry","category-noticias-diocesanas","tag-atividades-missionarias","tag-campanha","tag-campanha-para-evangelizacao","tag-campanha-para-evangelizacao-2021","tag-cnbb","tag-coleta","tag-diocese"],"_links":{"self":[{"href":"https:\/\/dioceseteixeiradefreitas.com.br\/index.php?rest_route=\/wp\/v2\/posts\/14845","targetHints":{"allow":["GET"]}}],"collection":[{"href":"https:\/\/dioceseteixeiradefreitas.com.br\/index.php?rest_route=\/wp\/v2\/posts"}],"about":[{"href":"https:\/\/dioceseteixeiradefreitas.com.br\/index.php?rest_route=\/wp\/v2\/types\/post"}],"author":[{"embeddable":true,"href":"https:\/\/dioceseteixeiradefreitas.com.br\/index.php?rest_route=\/wp\/v2\/users\/1"}],"replies":[{"embeddable":true,"href":"https:\/\/dioceseteixeiradefreitas.com.br\/index.php?rest_route=%2Fwp%2Fv2%2Fcomments&post=14845"}],"version-history":[{"count":6,"href":"https:\/\/dioceseteixeiradefreitas.com.br\/index.php?rest_route=\/wp\/v2\/posts\/14845\/revisions"}],"predecessor-version":[{"id":14853,"href":"https:\/\/dioceseteixeiradefreitas.com.br\/index.php?rest_route=\/wp\/v2\/posts\/14845\/revisions\/14853"}],"wp:featuredmedia":[{"embeddable":true,"href":"https:\/\/dioceseteixeiradefreitas.com.br\/index.php?rest_route=\/wp\/v2\/media\/14847"}],"wp:attachment":[{"href":"https:\/\/dioceseteixeiradefreitas.com.br\/index.php?rest_route=%2Fwp%2Fv2%2Fmedia&parent=14845"}],"wp:term":[{"taxonomy":"category","embeddable":true,"href":"https:\/\/dioceseteixeiradefreitas.com.br\/index.php?rest_route=%2Fwp%2Fv2%2Fcategories&post=14845"},{"taxonomy":"post_tag","embeddable":true,"href":"https:\/\/dioceseteixeiradefreitas.com.br\/index.php?rest_route=%2Fwp%2Fv2%2Ftags&post=14845"}],"curies":[{"name":"wp","href":"https:\/\/api.w.org\/{rel}","templated":true}]}}