{"id":14918,"date":"2021-12-14T10:38:02","date_gmt":"2021-12-14T13:38:02","guid":{"rendered":"https:\/\/dioceseteixeiradefreitas.com.br\/?p=14918"},"modified":"2021-12-14T11:30:03","modified_gmt":"2021-12-14T14:30:03","slug":"quase-paroquia-sao-joao-batista-sera-elevada-paroquia-nesta-quarta-feira-15","status":"publish","type":"post","link":"https:\/\/dioceseteixeiradefreitas.com.br\/?p=14918","title":{"rendered":"Quase-par\u00f3quia S\u00e3o Jo\u00e3o Batista ser\u00e1 elevada par\u00f3quia nesta quarta-feira (15)"},"content":{"rendered":"\n<figure class=\"wp-block-image size-full is-resized\"><a href=\"https:\/\/dioceseteixeiradefreitas.com.br\/wp-content\/uploads\/2021\/12\/WhatsApp-Image-2021-12-14-at-10.34.38.jpeg\"><img loading=\"lazy\" decoding=\"async\" src=\"https:\/\/dioceseteixeiradefreitas.com.br\/wp-content\/uploads\/2021\/12\/WhatsApp-Image-2021-12-14-at-10.34.38.jpeg\" alt=\"\" class=\"wp-image-14919\" width=\"627\" height=\"523\" srcset=\"https:\/\/dioceseteixeiradefreitas.com.br\/wp-content\/uploads\/2021\/12\/WhatsApp-Image-2021-12-14-at-10.34.38.jpeg 1024w, https:\/\/dioceseteixeiradefreitas.com.br\/wp-content\/uploads\/2021\/12\/WhatsApp-Image-2021-12-14-at-10.34.38-300x250.jpeg 300w, https:\/\/dioceseteixeiradefreitas.com.br\/wp-content\/uploads\/2021\/12\/WhatsApp-Image-2021-12-14-at-10.34.38-768x641.jpeg 768w\" sizes=\"auto, (max-width: 627px) 100vw, 627px\" \/><\/a><figcaption>Card convite da Ere\u00e7\u00e3o Can\u00f4nica da Par\u00f3quia S\u00e3o Jo\u00e3o Batista &#8211; Imagem: PASCOM S\u00e3o Jo\u00e3o Batista\/Reprodu\u00e7\u00e3o<\/figcaption><\/figure>\n\n\n\n<p>A quase-par\u00f3quia S\u00e3o Jo\u00e3o Batista em Teixeira de Freitas ser\u00e1 elevada \u00e0 par\u00f3quia nesta quarta-feira (15), \u00e0s 19hrs, em uma Celebra\u00e7\u00e3o Eucar\u00edstica presidida por nosso Bispo Diocesano Dom Jailton de Oliveira Lino, psdp.<\/p>\n\n\n\n<p>A quase-par\u00f3quia S\u00e3o Jo\u00e3o Batista \u00e9 fruto do desmembramento da Par\u00f3quia Imaculada Concei\u00e7\u00e3o, e ser\u00e1 composta por 10 comunidades: S\u00e3o Sebasti\u00e3o, S\u00e3o Benedito, S\u00e3o Bernardo, Santa Marta, Santa Rita, Menino Jesus de Prado, Irm\u00e3 Dulce, Nossa Senhora Aparecida, Nossa Senhora Rainha e Nossa Senhora da Piedade (Levanta-te). Na ocasi\u00e3o, ser\u00e1 apresentado como Administrador Paroquial, o Pe. Paulo Sergio.<\/p>\n\n\n\n<p>Nos dias que antecedem a festa, acontece o noven\u00e1rio em prepara\u00e7\u00e3o para a Eleva\u00e7\u00e3o da Par\u00f3quia. E nos dias 12, 13 e 14 de dezembro \u00e0s 19hrs, acontecer\u00e1 Missa na matriz da par\u00f3quia. A Quase-par\u00f3quia est\u00e1 localizada na rua Paulo Afonso, n\u00ba 656, bairro Castelinho, Teixeira de Freitas.<\/p>\n\n\n\n<p>A PASCOM S\u00e3o Jo\u00e3o Batista transmitir\u00e1 ao vivo pelo facebook da Quase-par\u00f3quia (@pascomsjbtxba). A Missa de Ere\u00e7\u00e3o Can\u00f4nica, na quarta-feira (15), tamb\u00e9m ter\u00e1 transmiss\u00e3o pela PASCOM Diocesana a partir das 18h50min.<\/p>\n","protected":false},"excerpt":{"rendered":"<p>Card convite da Ere\u00e7\u00e3o Can\u00f4nica da Par\u00f3quia S\u00e3o Jo\u00e3o Batista &#8211; Imagem: PASCOM S\u00e3o Jo\u00e3o Batista\/Reprodu\u00e7\u00e3o A quase-par\u00f3quia S\u00e3o Jo\u00e3o Batista em Teixeira de Freitas ser\u00e1 elevada \u00e0 par\u00f3quia nesta quarta-feira (15), \u00e0s 19hrs, em uma Celebra\u00e7\u00e3o Eucar\u00edstica presidida por nosso Bispo Diocesano Dom Jailton de Oliveira Lino, psdp. A quase-par\u00f3quia S\u00e3o Jo\u00e3o Batista \u00e9 &hellip;<\/p>\n","protected":false},"author":1,"featured_media":14919,"comment_status":"closed","ping_status":"closed","sticky":false,"template":"","format":"standard","meta":{"footnotes":""},"categories":[100],"tags":[],"class_list":["post-14918","post","type-post","status-publish","format-standard","has-post-thumbnail","hentry","category-noticias-diocesanas"],"_links":{"self":[{"href":"https:\/\/dioceseteixeiradefreitas.com.br\/index.php?rest_route=\/wp\/v2\/posts\/14918","targetHints":{"allow":["GET"]}}],"collection":[{"href":"https:\/\/dioceseteixeiradefreitas.com.br\/index.php?rest_route=\/wp\/v2\/posts"}],"about":[{"href":"https:\/\/dioceseteixeiradefreitas.com.br\/index.php?rest_route=\/wp\/v2\/types\/post"}],"author":[{"embeddable":true,"href":"https:\/\/dioceseteixeiradefreitas.com.br\/index.php?rest_route=\/wp\/v2\/users\/1"}],"replies":[{"embeddable":true,"href":"https:\/\/dioceseteixeiradefreitas.com.br\/index.php?rest_route=%2Fwp%2Fv2%2Fcomments&post=14918"}],"version-history":[{"count":2,"href":"https:\/\/dioceseteixeiradefreitas.com.br\/index.php?rest_route=\/wp\/v2\/posts\/14918\/revisions"}],"predecessor-version":[{"id":14921,"href":"https:\/\/dioceseteixeiradefreitas.com.br\/index.php?rest_route=\/wp\/v2\/posts\/14918\/revisions\/14921"}],"wp:featuredmedia":[{"embeddable":true,"href":"https:\/\/dioceseteixeiradefreitas.com.br\/index.php?rest_route=\/wp\/v2\/media\/14919"}],"wp:attachment":[{"href":"https:\/\/dioceseteixeiradefreitas.com.br\/index.php?rest_route=%2Fwp%2Fv2%2Fmedia&parent=14918"}],"wp:term":[{"taxonomy":"category","embeddable":true,"href":"https:\/\/dioceseteixeiradefreitas.com.br\/index.php?rest_route=%2Fwp%2Fv2%2Fcategories&post=14918"},{"taxonomy":"post_tag","embeddable":true,"href":"https:\/\/dioceseteixeiradefreitas.com.br\/index.php?rest_route=%2Fwp%2Fv2%2Ftags&post=14918"}],"curies":[{"name":"wp","href":"https:\/\/api.w.org\/{rel}","templated":true}]}}