{"id":14931,"date":"2021-12-16T10:47:56","date_gmt":"2021-12-16T13:47:56","guid":{"rendered":"https:\/\/dioceseteixeiradefreitas.com.br\/?p=14931"},"modified":"2021-12-16T10:47:58","modified_gmt":"2021-12-16T13:47:58","slug":"colaboradores-da-curia-diocesana-celebram-o-natal","status":"publish","type":"post","link":"https:\/\/dioceseteixeiradefreitas.com.br\/?p=14931","title":{"rendered":"Colaboradores da C\u00faria Diocesana celebram o Natal"},"content":{"rendered":"\n<figure class=\"wp-block-image size-large\"><a href=\"https:\/\/dioceseteixeiradefreitas.com.br\/wp-content\/uploads\/2021\/12\/missa-curia.jpg\"><img loading=\"lazy\" decoding=\"async\" width=\"1024\" height=\"768\" src=\"https:\/\/dioceseteixeiradefreitas.com.br\/wp-content\/uploads\/2021\/12\/missa-curia-1024x768.jpg\" alt=\"\" class=\"wp-image-14935\" srcset=\"https:\/\/dioceseteixeiradefreitas.com.br\/wp-content\/uploads\/2021\/12\/missa-curia-1024x768.jpg 1024w, https:\/\/dioceseteixeiradefreitas.com.br\/wp-content\/uploads\/2021\/12\/missa-curia-300x225.jpg 300w, https:\/\/dioceseteixeiradefreitas.com.br\/wp-content\/uploads\/2021\/12\/missa-curia-768x576.jpg 768w, https:\/\/dioceseteixeiradefreitas.com.br\/wp-content\/uploads\/2021\/12\/missa-curia-1536x1152.jpg 1536w, https:\/\/dioceseteixeiradefreitas.com.br\/wp-content\/uploads\/2021\/12\/missa-curia.jpg 1600w\" sizes=\"auto, (max-width: 1024px) 100vw, 1024px\" \/><\/a><figcaption>Colaboradores da C\u00faria Diocesana participam de Missa do Natal com o bispo Dom Jailton<\/figcaption><\/figure>\n\n\n\n<p>Na quinta-feira, dia 16, Dom Jailton de Oliveira Lino presidiu Missa de Natal com os colaboradores da C\u00faria diocesana. Os padres Ronaldo Cardoso de Oliveira e Roberto Pereira da Silva, que exercem atividades na C\u00faria tamb\u00e9m concelebraram.<\/p>\n\n\n\n<p>A celebra\u00e7\u00e3o Eucar\u00edstica de a\u00e7\u00e3o de gra\u00e7as pelo ano de atividades ocorreu \u00e0s 8h, na Capela da C\u00faria. Segundo Dom Jailton &#8220;celebramos hoje juntamente com os colaboradores pedindo a ben\u00e7\u00e3o de Deus para as nossas par\u00f3quias, \u00e0s nossas atividades que s\u00e3o a causa de nossa exist\u00eancia, agradecemos as par\u00f3quias pelo trabalho que fazem, pela parceria e a todos nossos crist\u00e3os que vem buscarem atendimentos na C\u00faria, seja para quest\u00f5es pessoas ou pastorais.<\/p>\n","protected":false},"excerpt":{"rendered":"<p>Colaboradores da C\u00faria Diocesana participam de Missa do Natal com o bispo Dom Jailton Na quinta-feira, dia 16, Dom Jailton de Oliveira Lino presidiu Missa de Natal com os colaboradores da C\u00faria diocesana. Os padres Ronaldo Cardoso de Oliveira e Roberto Pereira da Silva, que exercem atividades na C\u00faria tamb\u00e9m concelebraram. A celebra\u00e7\u00e3o Eucar\u00edstica de &hellip;<\/p>\n","protected":false},"author":1,"featured_media":14935,"comment_status":"closed","ping_status":"closed","sticky":false,"template":"","format":"standard","meta":{"footnotes":""},"categories":[100],"tags":[787,992,993,550,722],"class_list":["post-14931","post","type-post","status-publish","format-standard","has-post-thumbnail","hentry","category-noticias-diocesanas","tag-787","tag-colaboradores-da-curia-diocesana","tag-curia-diocesana-2","tag-dom-jailton-de-oliveira-lino","tag-natal"],"_links":{"self":[{"href":"https:\/\/dioceseteixeiradefreitas.com.br\/index.php?rest_route=\/wp\/v2\/posts\/14931","targetHints":{"allow":["GET"]}}],"collection":[{"href":"https:\/\/dioceseteixeiradefreitas.com.br\/index.php?rest_route=\/wp\/v2\/posts"}],"about":[{"href":"https:\/\/dioceseteixeiradefreitas.com.br\/index.php?rest_route=\/wp\/v2\/types\/post"}],"author":[{"embeddable":true,"href":"https:\/\/dioceseteixeiradefreitas.com.br\/index.php?rest_route=\/wp\/v2\/users\/1"}],"replies":[{"embeddable":true,"href":"https:\/\/dioceseteixeiradefreitas.com.br\/index.php?rest_route=%2Fwp%2Fv2%2Fcomments&post=14931"}],"version-history":[{"count":1,"href":"https:\/\/dioceseteixeiradefreitas.com.br\/index.php?rest_route=\/wp\/v2\/posts\/14931\/revisions"}],"predecessor-version":[{"id":14936,"href":"https:\/\/dioceseteixeiradefreitas.com.br\/index.php?rest_route=\/wp\/v2\/posts\/14931\/revisions\/14936"}],"wp:featuredmedia":[{"embeddable":true,"href":"https:\/\/dioceseteixeiradefreitas.com.br\/index.php?rest_route=\/wp\/v2\/media\/14935"}],"wp:attachment":[{"href":"https:\/\/dioceseteixeiradefreitas.com.br\/index.php?rest_route=%2Fwp%2Fv2%2Fmedia&parent=14931"}],"wp:term":[{"taxonomy":"category","embeddable":true,"href":"https:\/\/dioceseteixeiradefreitas.com.br\/index.php?rest_route=%2Fwp%2Fv2%2Fcategories&post=14931"},{"taxonomy":"post_tag","embeddable":true,"href":"https:\/\/dioceseteixeiradefreitas.com.br\/index.php?rest_route=%2Fwp%2Fv2%2Ftags&post=14931"}],"curies":[{"name":"wp","href":"https:\/\/api.w.org\/{rel}","templated":true}]}}