{"id":15039,"date":"2021-12-22T22:49:43","date_gmt":"2021-12-23T01:49:43","guid":{"rendered":"https:\/\/dioceseteixeiradefreitas.com.br\/?p=15039"},"modified":"2021-12-22T22:49:46","modified_gmt":"2021-12-23T01:49:46","slug":"seminaristas-diocesanos-recebem-ministerios-de-leitorado-e-acolitato","status":"publish","type":"post","link":"https:\/\/dioceseteixeiradefreitas.com.br\/?p=15039","title":{"rendered":"Seminaristas Diocesanos recebem Minist\u00e9rios de Leitorado e Acolitato"},"content":{"rendered":"\n<figure class=\"wp-block-image size-full\"><a href=\"https:\/\/dioceseteixeiradefreitas.com.br\/wp-content\/uploads\/2021\/12\/IMG_6134.jpg\"><img loading=\"lazy\" decoding=\"async\" width=\"1024\" height=\"683\" src=\"https:\/\/dioceseteixeiradefreitas.com.br\/wp-content\/uploads\/2021\/12\/IMG_6134.jpg\" alt=\"\" class=\"wp-image-15042\" srcset=\"https:\/\/dioceseteixeiradefreitas.com.br\/wp-content\/uploads\/2021\/12\/IMG_6134.jpg 1024w, https:\/\/dioceseteixeiradefreitas.com.br\/wp-content\/uploads\/2021\/12\/IMG_6134-300x200.jpg 300w, https:\/\/dioceseteixeiradefreitas.com.br\/wp-content\/uploads\/2021\/12\/IMG_6134-768x512.jpg 768w\" sizes=\"auto, (max-width: 1024px) 100vw, 1024px\" \/><\/a><figcaption>Seminaristas Kayo Campeche, Manoel Neto, Mathaus Sampaio, S\u00e1vio Fiorot e Vitor Alves &#8211; Foto: PASCOM Diocesana\/Divulga\u00e7\u00e3o<\/figcaption><\/figure>\n\n\n\n<p>Neste domingo (19), dia em que a Igreja celebra o 4\u00ba Domingo do Advento &#8211; tempo em que estamos chegando aos umbrais do Natal, em uma Celebra\u00e7\u00e3o Eucar\u00edstica, oito seminaristas de nossa diocese deram mais um passo rumo ao sacerd\u00f3cio. A institui\u00e7\u00e3o dos minist\u00e9rios de Leitorado e Acolitato aconteceu durante a Santa Missa realizada na Capela de Adora\u00e7\u00e3o da Par\u00f3quia S\u00e3o Pedro em Teixeira de Freitas\/BA.<\/p>\n\n\n\n<p>A Celebra\u00e7\u00e3o foi presidida pelo bispo diocesano, Dom Jailton de Oliveira Lino, psdp e pelos padres reitores dos semin\u00e1rios da diocese, os neo-di\u00e1conos Emanoel Silva e Marcos Viana e sacerdotes da Diocese. Tamb\u00e9m fizeram-se presentes os seminaristas diocesanos, padres e di\u00e1conos da Arquidiocese do Rio de Janeiro, religiosos e religiosas, fi\u00e9is, amigos e familiares dos seminaristas.<\/p>\n\n\n\n<p>Os seminaristas Gerferson Victorino, Leonardo Carvalho e Paulo Andr\u00e9 Costa, receberam o Minist\u00e9rio de Leitorato. Enquanto os seminaristas Kayo Campeche, Manoel Neto, Mathaus Sampaio, S\u00e1vio Fiorot e Vitor Alves foram institu\u00eddos com o Minist\u00e9rio do Acolitato.<\/p>\n\n\n\n<p>Ap\u00f3s a proclama\u00e7\u00e3o do Evangelho, os seminaristas candidatos a admiss\u00e3o aos minist\u00e9rios foram apresentados ao Bispo Diocesano pelo Reverend\u00edssimo Padre Isael, Reitor do Semin\u00e1rio Maior S\u00e3o Jo\u00e3o Paulo II.<\/p>\n\n\n\n<h2 class=\"wp-block-heading\"><strong>O RITO DE ADMISS\u00c3O<\/strong><\/h2>\n\n\n\n<figure class=\"wp-block-image size-full\"><a href=\"https:\/\/dioceseteixeiradefreitas.com.br\/wp-content\/uploads\/2021\/12\/IMG_5981.jpg\"><img loading=\"lazy\" decoding=\"async\" width=\"1024\" height=\"683\" src=\"https:\/\/dioceseteixeiradefreitas.com.br\/wp-content\/uploads\/2021\/12\/IMG_5981.jpg\" alt=\"\" class=\"wp-image-15043\" srcset=\"https:\/\/dioceseteixeiradefreitas.com.br\/wp-content\/uploads\/2021\/12\/IMG_5981.jpg 1024w, https:\/\/dioceseteixeiradefreitas.com.br\/wp-content\/uploads\/2021\/12\/IMG_5981-300x200.jpg 300w, https:\/\/dioceseteixeiradefreitas.com.br\/wp-content\/uploads\/2021\/12\/IMG_5981-768x512.jpg 768w\" sizes=\"auto, (max-width: 1024px) 100vw, 1024px\" \/><\/a><\/figure>\n\n\n\n<p>Ap\u00f3s a homilia iniciaram-se os ritos lit\u00fargicos da admiss\u00e3o dos seminaristas ao Leitorado. Na institui\u00e7\u00e3o desse minist\u00e9rio, Dom Jailton entregou aos institu\u00eddos a B\u00edblia. Logo ap\u00f3s, se deu a admiss\u00e3o dos seminaristas ao Acolitato. Na ocasi\u00e3o, o bispo entregou a Patena com o P\u00e3o.<\/p>\n\n\n\n<p>Esses minist\u00e9rios s\u00e3o conferidos aos jovens por um certo per\u00edodo, para que em breve transcorram a mais um passo ao presbit\u00e9rio da Igreja, o primeiro grau do Sacramento da Ordem: o Diaconato, e em seguida o Presbiterado.<\/p>\n\n\n\n<p>A Diocese de Teixeira de Freitas \u2013 Caravelas louva a Deus pela vida e pelo sim constante desses seminaristas.<\/p>\n\n\n\n<h2 class=\"wp-block-heading\"><strong>AN\u00daNCIO: INGRESSANTES AO SEMIN\u00c1RIO PROPED\u00caUTICO<\/strong><\/h2>\n\n\n\n<figure class=\"wp-block-image size-full\"><a href=\"https:\/\/dioceseteixeiradefreitas.com.br\/wp-content\/uploads\/2021\/12\/IMG_6101.jpg\"><img loading=\"lazy\" decoding=\"async\" width=\"1024\" height=\"683\" src=\"https:\/\/dioceseteixeiradefreitas.com.br\/wp-content\/uploads\/2021\/12\/IMG_6101.jpg\" alt=\"\" class=\"wp-image-15044\" srcset=\"https:\/\/dioceseteixeiradefreitas.com.br\/wp-content\/uploads\/2021\/12\/IMG_6101.jpg 1024w, https:\/\/dioceseteixeiradefreitas.com.br\/wp-content\/uploads\/2021\/12\/IMG_6101-300x200.jpg 300w, https:\/\/dioceseteixeiradefreitas.com.br\/wp-content\/uploads\/2021\/12\/IMG_6101-768x512.jpg 768w\" sizes=\"auto, (max-width: 1024px) 100vw, 1024px\" \/><\/a><figcaption><strong>Anderson da Silva<\/strong>, <strong>Davi Santos Moreira<\/strong> e <strong>Erick Moreira dos Santos<\/strong>, novos ingressantes ao Semin\u00e1rio Proped\u00eautico em 2022 &#8211; Foto: PASCOM Diocesana\/Divulga\u00e7\u00e3o<\/figcaption><\/figure>\n\n\n\n<p>Como de costume, antes da ben\u00e7\u00e3o final, o Reverend\u00edssimo Padre Roberto, Reitor do Semin\u00e1rio Proped\u00eautico Bom Pastor, apresentou os novos seminaristas ingressantes no Semin\u00e1rio Proped\u00eautico para o ano de 2022, s\u00e3o eles:  <strong>Anderson da Silva<\/strong>, da Comunidade Nossa Senhora de F\u00e1tima, em Juracitaba, pertencente \u00e0 Par\u00f3quia Nossa Senhora da Concei\u00e7\u00e3o de Medeiros Neto; <strong>Davi Santos Moreira<\/strong>, da Comunidade Santa Terezinha do Menino Jesus, em Itupeva, pertencente \u00e0 Par\u00f3quia Nossa Senhora das Gra\u00e7as de Lajed\u00e3o e <strong>Erick Moreira dos Santos<\/strong>, da Par\u00f3quia S\u00e3o Miguel Arcanjo em Teixeira de Freitas. Dom Jailton agradeceu a todos que cooperam no processo de forma\u00e7\u00e3o e manuten\u00e7\u00e3o dos semin\u00e1rios.<\/p>\n\n\n\n<figure class=\"wp-block-gallery columns-3 is-cropped wp-block-gallery-1 is-layout-flex wp-block-gallery-is-layout-flex\"><ul class=\"blocks-gallery-grid\"><li class=\"blocks-gallery-item\"><figure><a href=\"https:\/\/dioceseteixeiradefreitas.com.br\/wp-content\/uploads\/2021\/12\/IMG_5780.jpg\"><img loading=\"lazy\" decoding=\"async\" width=\"1024\" height=\"666\" src=\"https:\/\/dioceseteixeiradefreitas.com.br\/wp-content\/uploads\/2021\/12\/IMG_5780.jpg\" alt=\"\" data-id=\"15045\" data-full-url=\"https:\/\/dioceseteixeiradefreitas.com.br\/wp-content\/uploads\/2021\/12\/IMG_5780.jpg\" data-link=\"https:\/\/dioceseteixeiradefreitas.com.br\/?attachment_id=15045\" class=\"wp-image-15045\" srcset=\"https:\/\/dioceseteixeiradefreitas.com.br\/wp-content\/uploads\/2021\/12\/IMG_5780.jpg 1024w, https:\/\/dioceseteixeiradefreitas.com.br\/wp-content\/uploads\/2021\/12\/IMG_5780-300x195.jpg 300w, https:\/\/dioceseteixeiradefreitas.com.br\/wp-content\/uploads\/2021\/12\/IMG_5780-768x500.jpg 768w\" sizes=\"auto, (max-width: 1024px) 100vw, 1024px\" \/><\/a><\/figure><\/li><li class=\"blocks-gallery-item\"><figure><a href=\"https:\/\/dioceseteixeiradefreitas.com.br\/wp-content\/uploads\/2021\/12\/IMG_5782.jpg\"><img loading=\"lazy\" decoding=\"async\" width=\"1024\" height=\"676\" src=\"https:\/\/dioceseteixeiradefreitas.com.br\/wp-content\/uploads\/2021\/12\/IMG_5782.jpg\" alt=\"\" data-id=\"15046\" data-full-url=\"https:\/\/dioceseteixeiradefreitas.com.br\/wp-content\/uploads\/2021\/12\/IMG_5782.jpg\" data-link=\"https:\/\/dioceseteixeiradefreitas.com.br\/?attachment_id=15046\" class=\"wp-image-15046\" srcset=\"https:\/\/dioceseteixeiradefreitas.com.br\/wp-content\/uploads\/2021\/12\/IMG_5782.jpg 1024w, https:\/\/dioceseteixeiradefreitas.com.br\/wp-content\/uploads\/2021\/12\/IMG_5782-300x198.jpg 300w, https:\/\/dioceseteixeiradefreitas.com.br\/wp-content\/uploads\/2021\/12\/IMG_5782-768x507.jpg 768w\" sizes=\"auto, (max-width: 1024px) 100vw, 1024px\" \/><\/a><\/figure><\/li><li class=\"blocks-gallery-item\"><figure><a href=\"https:\/\/dioceseteixeiradefreitas.com.br\/wp-content\/uploads\/2021\/12\/IMG_5784.jpg\"><img loading=\"lazy\" decoding=\"async\" width=\"1024\" height=\"683\" src=\"https:\/\/dioceseteixeiradefreitas.com.br\/wp-content\/uploads\/2021\/12\/IMG_5784.jpg\" alt=\"\" data-id=\"15047\" data-full-url=\"https:\/\/dioceseteixeiradefreitas.com.br\/wp-content\/uploads\/2021\/12\/IMG_5784.jpg\" data-link=\"https:\/\/dioceseteixeiradefreitas.com.br\/?attachment_id=15047\" class=\"wp-image-15047\" srcset=\"https:\/\/dioceseteixeiradefreitas.com.br\/wp-content\/uploads\/2021\/12\/IMG_5784.jpg 1024w, https:\/\/dioceseteixeiradefreitas.com.br\/wp-content\/uploads\/2021\/12\/IMG_5784-300x200.jpg 300w, https:\/\/dioceseteixeiradefreitas.com.br\/wp-content\/uploads\/2021\/12\/IMG_5784-768x512.jpg 768w\" sizes=\"auto, (max-width: 1024px) 100vw, 1024px\" \/><\/a><\/figure><\/li><li class=\"blocks-gallery-item\"><figure><a href=\"https:\/\/dioceseteixeiradefreitas.com.br\/wp-content\/uploads\/2021\/12\/IMG_5790.jpg\"><img loading=\"lazy\" decoding=\"async\" width=\"1024\" height=\"709\" src=\"https:\/\/dioceseteixeiradefreitas.com.br\/wp-content\/uploads\/2021\/12\/IMG_5790.jpg\" alt=\"\" data-id=\"15048\" data-full-url=\"https:\/\/dioceseteixeiradefreitas.com.br\/wp-content\/uploads\/2021\/12\/IMG_5790.jpg\" data-link=\"https:\/\/dioceseteixeiradefreitas.com.br\/?attachment_id=15048\" class=\"wp-image-15048\" srcset=\"https:\/\/dioceseteixeiradefreitas.com.br\/wp-content\/uploads\/2021\/12\/IMG_5790.jpg 1024w, https:\/\/dioceseteixeiradefreitas.com.br\/wp-content\/uploads\/2021\/12\/IMG_5790-300x208.jpg 300w, https:\/\/dioceseteixeiradefreitas.com.br\/wp-content\/uploads\/2021\/12\/IMG_5790-768x532.jpg 768w\" sizes=\"auto, (max-width: 1024px) 100vw, 1024px\" \/><\/a><\/figure><\/li><li class=\"blocks-gallery-item\"><figure><a href=\"https:\/\/dioceseteixeiradefreitas.com.br\/wp-content\/uploads\/2021\/12\/IMG_5796.jpg\"><img loading=\"lazy\" decoding=\"async\" width=\"980\" height=\"768\" src=\"https:\/\/dioceseteixeiradefreitas.com.br\/wp-content\/uploads\/2021\/12\/IMG_5796.jpg\" alt=\"\" data-id=\"15049\" data-full-url=\"https:\/\/dioceseteixeiradefreitas.com.br\/wp-content\/uploads\/2021\/12\/IMG_5796.jpg\" data-link=\"https:\/\/dioceseteixeiradefreitas.com.br\/?attachment_id=15049\" class=\"wp-image-15049\" srcset=\"https:\/\/dioceseteixeiradefreitas.com.br\/wp-content\/uploads\/2021\/12\/IMG_5796.jpg 980w, https:\/\/dioceseteixeiradefreitas.com.br\/wp-content\/uploads\/2021\/12\/IMG_5796-300x235.jpg 300w, https:\/\/dioceseteixeiradefreitas.com.br\/wp-content\/uploads\/2021\/12\/IMG_5796-768x602.jpg 768w\" sizes=\"auto, (max-width: 980px) 100vw, 980px\" \/><\/a><\/figure><\/li><li class=\"blocks-gallery-item\"><figure><a href=\"https:\/\/dioceseteixeiradefreitas.com.br\/wp-content\/uploads\/2021\/12\/IMG_5797.jpg\"><img loading=\"lazy\" decoding=\"async\" width=\"1024\" height=\"621\" src=\"https:\/\/dioceseteixeiradefreitas.com.br\/wp-content\/uploads\/2021\/12\/IMG_5797.jpg\" alt=\"\" data-id=\"15050\" data-full-url=\"https:\/\/dioceseteixeiradefreitas.com.br\/wp-content\/uploads\/2021\/12\/IMG_5797.jpg\" data-link=\"https:\/\/dioceseteixeiradefreitas.com.br\/?attachment_id=15050\" class=\"wp-image-15050\" srcset=\"https:\/\/dioceseteixeiradefreitas.com.br\/wp-content\/uploads\/2021\/12\/IMG_5797.jpg 1024w, https:\/\/dioceseteixeiradefreitas.com.br\/wp-content\/uploads\/2021\/12\/IMG_5797-300x182.jpg 300w, https:\/\/dioceseteixeiradefreitas.com.br\/wp-content\/uploads\/2021\/12\/IMG_5797-768x466.jpg 768w\" sizes=\"auto, (max-width: 1024px) 100vw, 1024px\" \/><\/a><\/figure><\/li><li class=\"blocks-gallery-item\"><figure><a href=\"https:\/\/dioceseteixeiradefreitas.com.br\/wp-content\/uploads\/2021\/12\/IMG_5799.jpg\"><img loading=\"lazy\" decoding=\"async\" width=\"1024\" height=\"683\" src=\"https:\/\/dioceseteixeiradefreitas.com.br\/wp-content\/uploads\/2021\/12\/IMG_5799.jpg\" alt=\"\" data-id=\"15051\" data-full-url=\"https:\/\/dioceseteixeiradefreitas.com.br\/wp-content\/uploads\/2021\/12\/IMG_5799.jpg\" data-link=\"https:\/\/dioceseteixeiradefreitas.com.br\/?attachment_id=15051\" class=\"wp-image-15051\" srcset=\"https:\/\/dioceseteixeiradefreitas.com.br\/wp-content\/uploads\/2021\/12\/IMG_5799.jpg 1024w, https:\/\/dioceseteixeiradefreitas.com.br\/wp-content\/uploads\/2021\/12\/IMG_5799-300x200.jpg 300w, https:\/\/dioceseteixeiradefreitas.com.br\/wp-content\/uploads\/2021\/12\/IMG_5799-768x512.jpg 768w\" sizes=\"auto, (max-width: 1024px) 100vw, 1024px\" \/><\/a><\/figure><\/li><li class=\"blocks-gallery-item\"><figure><a href=\"https:\/\/dioceseteixeiradefreitas.com.br\/wp-content\/uploads\/2021\/12\/IMG_5801.jpg\"><img loading=\"lazy\" decoding=\"async\" width=\"1024\" height=\"739\" src=\"https:\/\/dioceseteixeiradefreitas.com.br\/wp-content\/uploads\/2021\/12\/IMG_5801.jpg\" alt=\"\" data-id=\"15052\" data-full-url=\"https:\/\/dioceseteixeiradefreitas.com.br\/wp-content\/uploads\/2021\/12\/IMG_5801.jpg\" data-link=\"https:\/\/dioceseteixeiradefreitas.com.br\/?attachment_id=15052\" class=\"wp-image-15052\" srcset=\"https:\/\/dioceseteixeiradefreitas.com.br\/wp-content\/uploads\/2021\/12\/IMG_5801.jpg 1024w, https:\/\/dioceseteixeiradefreitas.com.br\/wp-content\/uploads\/2021\/12\/IMG_5801-300x217.jpg 300w, https:\/\/dioceseteixeiradefreitas.com.br\/wp-content\/uploads\/2021\/12\/IMG_5801-768x554.jpg 768w\" sizes=\"auto, (max-width: 1024px) 100vw, 1024px\" \/><\/a><\/figure><\/li><li class=\"blocks-gallery-item\"><figure><a href=\"https:\/\/dioceseteixeiradefreitas.com.br\/wp-content\/uploads\/2021\/12\/IMG_5802.jpg\"><img loading=\"lazy\" decoding=\"async\" width=\"1024\" height=\"756\" src=\"https:\/\/dioceseteixeiradefreitas.com.br\/wp-content\/uploads\/2021\/12\/IMG_5802.jpg\" alt=\"\" data-id=\"15053\" data-full-url=\"https:\/\/dioceseteixeiradefreitas.com.br\/wp-content\/uploads\/2021\/12\/IMG_5802.jpg\" data-link=\"https:\/\/dioceseteixeiradefreitas.com.br\/?attachment_id=15053\" class=\"wp-image-15053\" srcset=\"https:\/\/dioceseteixeiradefreitas.com.br\/wp-content\/uploads\/2021\/12\/IMG_5802.jpg 1024w, https:\/\/dioceseteixeiradefreitas.com.br\/wp-content\/uploads\/2021\/12\/IMG_5802-300x221.jpg 300w, https:\/\/dioceseteixeiradefreitas.com.br\/wp-content\/uploads\/2021\/12\/IMG_5802-768x567.jpg 768w\" sizes=\"auto, (max-width: 1024px) 100vw, 1024px\" \/><\/a><\/figure><\/li><li class=\"blocks-gallery-item\"><figure><a href=\"https:\/\/dioceseteixeiradefreitas.com.br\/wp-content\/uploads\/2021\/12\/IMG_5806.jpg\"><img loading=\"lazy\" decoding=\"async\" width=\"1024\" height=\"683\" src=\"https:\/\/dioceseteixeiradefreitas.com.br\/wp-content\/uploads\/2021\/12\/IMG_5806.jpg\" alt=\"\" data-id=\"15054\" data-full-url=\"https:\/\/dioceseteixeiradefreitas.com.br\/wp-content\/uploads\/2021\/12\/IMG_5806.jpg\" data-link=\"https:\/\/dioceseteixeiradefreitas.com.br\/?attachment_id=15054\" class=\"wp-image-15054\" srcset=\"https:\/\/dioceseteixeiradefreitas.com.br\/wp-content\/uploads\/2021\/12\/IMG_5806.jpg 1024w, https:\/\/dioceseteixeiradefreitas.com.br\/wp-content\/uploads\/2021\/12\/IMG_5806-300x200.jpg 300w, https:\/\/dioceseteixeiradefreitas.com.br\/wp-content\/uploads\/2021\/12\/IMG_5806-768x512.jpg 768w\" sizes=\"auto, (max-width: 1024px) 100vw, 1024px\" \/><\/a><\/figure><\/li><li class=\"blocks-gallery-item\"><figure><a href=\"https:\/\/dioceseteixeiradefreitas.com.br\/wp-content\/uploads\/2021\/12\/IMG_5823.jpg\"><img loading=\"lazy\" decoding=\"async\" width=\"869\" height=\"768\" src=\"https:\/\/dioceseteixeiradefreitas.com.br\/wp-content\/uploads\/2021\/12\/IMG_5823.jpg\" alt=\"\" data-id=\"15055\" data-full-url=\"https:\/\/dioceseteixeiradefreitas.com.br\/wp-content\/uploads\/2021\/12\/IMG_5823.jpg\" data-link=\"https:\/\/dioceseteixeiradefreitas.com.br\/?attachment_id=15055\" class=\"wp-image-15055\" srcset=\"https:\/\/dioceseteixeiradefreitas.com.br\/wp-content\/uploads\/2021\/12\/IMG_5823.jpg 869w, https:\/\/dioceseteixeiradefreitas.com.br\/wp-content\/uploads\/2021\/12\/IMG_5823-300x265.jpg 300w, https:\/\/dioceseteixeiradefreitas.com.br\/wp-content\/uploads\/2021\/12\/IMG_5823-768x679.jpg 768w\" sizes=\"auto, (max-width: 869px) 100vw, 869px\" \/><\/a><\/figure><\/li><li class=\"blocks-gallery-item\"><figure><a href=\"https:\/\/dioceseteixeiradefreitas.com.br\/wp-content\/uploads\/2021\/12\/IMG_5824.jpg\"><img loading=\"lazy\" decoding=\"async\" width=\"1024\" height=\"683\" src=\"https:\/\/dioceseteixeiradefreitas.com.br\/wp-content\/uploads\/2021\/12\/IMG_5824.jpg\" alt=\"\" data-id=\"15056\" data-full-url=\"https:\/\/dioceseteixeiradefreitas.com.br\/wp-content\/uploads\/2021\/12\/IMG_5824.jpg\" data-link=\"https:\/\/dioceseteixeiradefreitas.com.br\/?attachment_id=15056\" class=\"wp-image-15056\" srcset=\"https:\/\/dioceseteixeiradefreitas.com.br\/wp-content\/uploads\/2021\/12\/IMG_5824.jpg 1024w, https:\/\/dioceseteixeiradefreitas.com.br\/wp-content\/uploads\/2021\/12\/IMG_5824-300x200.jpg 300w, https:\/\/dioceseteixeiradefreitas.com.br\/wp-content\/uploads\/2021\/12\/IMG_5824-768x512.jpg 768w\" sizes=\"auto, (max-width: 1024px) 100vw, 1024px\" \/><\/a><\/figure><\/li><li class=\"blocks-gallery-item\"><figure><a href=\"https:\/\/dioceseteixeiradefreitas.com.br\/wp-content\/uploads\/2021\/12\/IMG_5825.jpg\"><img loading=\"lazy\" decoding=\"async\" width=\"745\" height=\"1024\" src=\"https:\/\/dioceseteixeiradefreitas.com.br\/wp-content\/uploads\/2021\/12\/IMG_5825.jpg\" alt=\"\" data-id=\"15057\" data-full-url=\"https:\/\/dioceseteixeiradefreitas.com.br\/wp-content\/uploads\/2021\/12\/IMG_5825.jpg\" data-link=\"https:\/\/dioceseteixeiradefreitas.com.br\/?attachment_id=15057\" class=\"wp-image-15057\" srcset=\"https:\/\/dioceseteixeiradefreitas.com.br\/wp-content\/uploads\/2021\/12\/IMG_5825.jpg 745w, https:\/\/dioceseteixeiradefreitas.com.br\/wp-content\/uploads\/2021\/12\/IMG_5825-218x300.jpg 218w\" sizes=\"auto, (max-width: 745px) 100vw, 745px\" \/><\/a><\/figure><\/li><li class=\"blocks-gallery-item\"><figure><a href=\"https:\/\/dioceseteixeiradefreitas.com.br\/wp-content\/uploads\/2021\/12\/IMG_5826.jpg\"><img loading=\"lazy\" decoding=\"async\" width=\"768\" height=\"994\" src=\"https:\/\/dioceseteixeiradefreitas.com.br\/wp-content\/uploads\/2021\/12\/IMG_5826.jpg\" alt=\"\" data-id=\"15058\" data-full-url=\"https:\/\/dioceseteixeiradefreitas.com.br\/wp-content\/uploads\/2021\/12\/IMG_5826.jpg\" data-link=\"https:\/\/dioceseteixeiradefreitas.com.br\/?attachment_id=15058\" class=\"wp-image-15058\" srcset=\"https:\/\/dioceseteixeiradefreitas.com.br\/wp-content\/uploads\/2021\/12\/IMG_5826.jpg 768w, https:\/\/dioceseteixeiradefreitas.com.br\/wp-content\/uploads\/2021\/12\/IMG_5826-232x300.jpg 232w\" sizes=\"auto, (max-width: 768px) 100vw, 768px\" \/><\/a><\/figure><\/li><li class=\"blocks-gallery-item\"><figure><a href=\"https:\/\/dioceseteixeiradefreitas.com.br\/wp-content\/uploads\/2021\/12\/IMG_5832.jpg\"><img loading=\"lazy\" decoding=\"async\" width=\"1024\" height=\"683\" src=\"https:\/\/dioceseteixeiradefreitas.com.br\/wp-content\/uploads\/2021\/12\/IMG_5832.jpg\" alt=\"\" data-id=\"15059\" data-full-url=\"https:\/\/dioceseteixeiradefreitas.com.br\/wp-content\/uploads\/2021\/12\/IMG_5832.jpg\" data-link=\"https:\/\/dioceseteixeiradefreitas.com.br\/?attachment_id=15059\" class=\"wp-image-15059\" srcset=\"https:\/\/dioceseteixeiradefreitas.com.br\/wp-content\/uploads\/2021\/12\/IMG_5832.jpg 1024w, https:\/\/dioceseteixeiradefreitas.com.br\/wp-content\/uploads\/2021\/12\/IMG_5832-300x200.jpg 300w, https:\/\/dioceseteixeiradefreitas.com.br\/wp-content\/uploads\/2021\/12\/IMG_5832-768x512.jpg 768w\" sizes=\"auto, (max-width: 1024px) 100vw, 1024px\" \/><\/a><\/figure><\/li><li class=\"blocks-gallery-item\"><figure><a href=\"https:\/\/dioceseteixeiradefreitas.com.br\/wp-content\/uploads\/2021\/12\/IMG_5833.jpg\"><img loading=\"lazy\" decoding=\"async\" width=\"768\" height=\"881\" src=\"https:\/\/dioceseteixeiradefreitas.com.br\/wp-content\/uploads\/2021\/12\/IMG_5833.jpg\" alt=\"\" data-id=\"15060\" data-full-url=\"https:\/\/dioceseteixeiradefreitas.com.br\/wp-content\/uploads\/2021\/12\/IMG_5833.jpg\" data-link=\"https:\/\/dioceseteixeiradefreitas.com.br\/?attachment_id=15060\" class=\"wp-image-15060\" srcset=\"https:\/\/dioceseteixeiradefreitas.com.br\/wp-content\/uploads\/2021\/12\/IMG_5833.jpg 768w, https:\/\/dioceseteixeiradefreitas.com.br\/wp-content\/uploads\/2021\/12\/IMG_5833-262x300.jpg 262w\" sizes=\"auto, (max-width: 768px) 100vw, 768px\" \/><\/a><\/figure><\/li><li class=\"blocks-gallery-item\"><figure><a href=\"https:\/\/dioceseteixeiradefreitas.com.br\/wp-content\/uploads\/2021\/12\/IMG_5835.jpg\"><img loading=\"lazy\" decoding=\"async\" width=\"1024\" height=\"683\" src=\"https:\/\/dioceseteixeiradefreitas.com.br\/wp-content\/uploads\/2021\/12\/IMG_5835.jpg\" alt=\"\" data-id=\"15061\" data-full-url=\"https:\/\/dioceseteixeiradefreitas.com.br\/wp-content\/uploads\/2021\/12\/IMG_5835.jpg\" data-link=\"https:\/\/dioceseteixeiradefreitas.com.br\/?attachment_id=15061\" class=\"wp-image-15061\" srcset=\"https:\/\/dioceseteixeiradefreitas.com.br\/wp-content\/uploads\/2021\/12\/IMG_5835.jpg 1024w, https:\/\/dioceseteixeiradefreitas.com.br\/wp-content\/uploads\/2021\/12\/IMG_5835-300x200.jpg 300w, https:\/\/dioceseteixeiradefreitas.com.br\/wp-content\/uploads\/2021\/12\/IMG_5835-768x512.jpg 768w\" sizes=\"auto, (max-width: 1024px) 100vw, 1024px\" \/><\/a><\/figure><\/li><li class=\"blocks-gallery-item\"><figure><a href=\"https:\/\/dioceseteixeiradefreitas.com.br\/wp-content\/uploads\/2021\/12\/IMG_5837.jpg\"><img loading=\"lazy\" decoding=\"async\" width=\"1024\" height=\"683\" src=\"https:\/\/dioceseteixeiradefreitas.com.br\/wp-content\/uploads\/2021\/12\/IMG_5837.jpg\" alt=\"\" data-id=\"15062\" data-full-url=\"https:\/\/dioceseteixeiradefreitas.com.br\/wp-content\/uploads\/2021\/12\/IMG_5837.jpg\" data-link=\"https:\/\/dioceseteixeiradefreitas.com.br\/?attachment_id=15062\" class=\"wp-image-15062\" srcset=\"https:\/\/dioceseteixeiradefreitas.com.br\/wp-content\/uploads\/2021\/12\/IMG_5837.jpg 1024w, https:\/\/dioceseteixeiradefreitas.com.br\/wp-content\/uploads\/2021\/12\/IMG_5837-300x200.jpg 300w, https:\/\/dioceseteixeiradefreitas.com.br\/wp-content\/uploads\/2021\/12\/IMG_5837-768x512.jpg 768w\" sizes=\"auto, (max-width: 1024px) 100vw, 1024px\" \/><\/a><\/figure><\/li><li class=\"blocks-gallery-item\"><figure><a href=\"https:\/\/dioceseteixeiradefreitas.com.br\/wp-content\/uploads\/2021\/12\/IMG_5838.jpg\"><img loading=\"lazy\" decoding=\"async\" width=\"768\" height=\"912\" src=\"https:\/\/dioceseteixeiradefreitas.com.br\/wp-content\/uploads\/2021\/12\/IMG_5838.jpg\" alt=\"\" data-id=\"15063\" data-full-url=\"https:\/\/dioceseteixeiradefreitas.com.br\/wp-content\/uploads\/2021\/12\/IMG_5838.jpg\" data-link=\"https:\/\/dioceseteixeiradefreitas.com.br\/?attachment_id=15063\" class=\"wp-image-15063\" srcset=\"https:\/\/dioceseteixeiradefreitas.com.br\/wp-content\/uploads\/2021\/12\/IMG_5838.jpg 768w, https:\/\/dioceseteixeiradefreitas.com.br\/wp-content\/uploads\/2021\/12\/IMG_5838-253x300.jpg 253w\" sizes=\"auto, (max-width: 768px) 100vw, 768px\" \/><\/a><\/figure><\/li><li class=\"blocks-gallery-item\"><figure><a href=\"https:\/\/dioceseteixeiradefreitas.com.br\/wp-content\/uploads\/2021\/12\/IMG_5839.jpg\"><img loading=\"lazy\" decoding=\"async\" width=\"987\" height=\"768\" src=\"https:\/\/dioceseteixeiradefreitas.com.br\/wp-content\/uploads\/2021\/12\/IMG_5839.jpg\" alt=\"\" data-id=\"15064\" data-full-url=\"https:\/\/dioceseteixeiradefreitas.com.br\/wp-content\/uploads\/2021\/12\/IMG_5839.jpg\" data-link=\"https:\/\/dioceseteixeiradefreitas.com.br\/?attachment_id=15064\" class=\"wp-image-15064\" srcset=\"https:\/\/dioceseteixeiradefreitas.com.br\/wp-content\/uploads\/2021\/12\/IMG_5839.jpg 987w, https:\/\/dioceseteixeiradefreitas.com.br\/wp-content\/uploads\/2021\/12\/IMG_5839-300x233.jpg 300w, https:\/\/dioceseteixeiradefreitas.com.br\/wp-content\/uploads\/2021\/12\/IMG_5839-768x598.jpg 768w\" sizes=\"auto, (max-width: 987px) 100vw, 987px\" \/><\/a><\/figure><\/li><li class=\"blocks-gallery-item\"><figure><a href=\"https:\/\/dioceseteixeiradefreitas.com.br\/wp-content\/uploads\/2021\/12\/IMG_5840.jpg\"><img loading=\"lazy\" decoding=\"async\" width=\"1024\" height=\"729\" src=\"https:\/\/dioceseteixeiradefreitas.com.br\/wp-content\/uploads\/2021\/12\/IMG_5840.jpg\" alt=\"\" data-id=\"15065\" data-full-url=\"https:\/\/dioceseteixeiradefreitas.com.br\/wp-content\/uploads\/2021\/12\/IMG_5840.jpg\" data-link=\"https:\/\/dioceseteixeiradefreitas.com.br\/?attachment_id=15065\" class=\"wp-image-15065\" srcset=\"https:\/\/dioceseteixeiradefreitas.com.br\/wp-content\/uploads\/2021\/12\/IMG_5840.jpg 1024w, https:\/\/dioceseteixeiradefreitas.com.br\/wp-content\/uploads\/2021\/12\/IMG_5840-300x214.jpg 300w, https:\/\/dioceseteixeiradefreitas.com.br\/wp-content\/uploads\/2021\/12\/IMG_5840-768x547.jpg 768w\" sizes=\"auto, (max-width: 1024px) 100vw, 1024px\" \/><\/a><\/figure><\/li><li class=\"blocks-gallery-item\"><figure><a href=\"https:\/\/dioceseteixeiradefreitas.com.br\/wp-content\/uploads\/2021\/12\/IMG_5851.jpg\"><img loading=\"lazy\" decoding=\"async\" width=\"1024\" height=\"742\" src=\"https:\/\/dioceseteixeiradefreitas.com.br\/wp-content\/uploads\/2021\/12\/IMG_5851.jpg\" alt=\"\" data-id=\"15066\" data-full-url=\"https:\/\/dioceseteixeiradefreitas.com.br\/wp-content\/uploads\/2021\/12\/IMG_5851.jpg\" data-link=\"https:\/\/dioceseteixeiradefreitas.com.br\/?attachment_id=15066\" class=\"wp-image-15066\" srcset=\"https:\/\/dioceseteixeiradefreitas.com.br\/wp-content\/uploads\/2021\/12\/IMG_5851.jpg 1024w, https:\/\/dioceseteixeiradefreitas.com.br\/wp-content\/uploads\/2021\/12\/IMG_5851-300x217.jpg 300w, https:\/\/dioceseteixeiradefreitas.com.br\/wp-content\/uploads\/2021\/12\/IMG_5851-768x557.jpg 768w\" sizes=\"auto, (max-width: 1024px) 100vw, 1024px\" \/><\/a><\/figure><\/li><li class=\"blocks-gallery-item\"><figure><a href=\"https:\/\/dioceseteixeiradefreitas.com.br\/wp-content\/uploads\/2021\/12\/IMG_5854.jpg\"><img loading=\"lazy\" decoding=\"async\" width=\"1024\" height=\"676\" src=\"https:\/\/dioceseteixeiradefreitas.com.br\/wp-content\/uploads\/2021\/12\/IMG_5854.jpg\" alt=\"\" data-id=\"15067\" data-full-url=\"https:\/\/dioceseteixeiradefreitas.com.br\/wp-content\/uploads\/2021\/12\/IMG_5854.jpg\" data-link=\"https:\/\/dioceseteixeiradefreitas.com.br\/?attachment_id=15067\" class=\"wp-image-15067\" srcset=\"https:\/\/dioceseteixeiradefreitas.com.br\/wp-content\/uploads\/2021\/12\/IMG_5854.jpg 1024w, https:\/\/dioceseteixeiradefreitas.com.br\/wp-content\/uploads\/2021\/12\/IMG_5854-300x198.jpg 300w, https:\/\/dioceseteixeiradefreitas.com.br\/wp-content\/uploads\/2021\/12\/IMG_5854-768x507.jpg 768w\" sizes=\"auto, (max-width: 1024px) 100vw, 1024px\" \/><\/a><\/figure><\/li><li class=\"blocks-gallery-item\"><figure><a href=\"https:\/\/dioceseteixeiradefreitas.com.br\/wp-content\/uploads\/2021\/12\/IMG_5860.jpg\"><img loading=\"lazy\" decoding=\"async\" width=\"1024\" height=\"683\" src=\"https:\/\/dioceseteixeiradefreitas.com.br\/wp-content\/uploads\/2021\/12\/IMG_5860.jpg\" alt=\"\" data-id=\"15068\" data-full-url=\"https:\/\/dioceseteixeiradefreitas.com.br\/wp-content\/uploads\/2021\/12\/IMG_5860.jpg\" data-link=\"https:\/\/dioceseteixeiradefreitas.com.br\/?attachment_id=15068\" class=\"wp-image-15068\" srcset=\"https:\/\/dioceseteixeiradefreitas.com.br\/wp-content\/uploads\/2021\/12\/IMG_5860.jpg 1024w, https:\/\/dioceseteixeiradefreitas.com.br\/wp-content\/uploads\/2021\/12\/IMG_5860-300x200.jpg 300w, https:\/\/dioceseteixeiradefreitas.com.br\/wp-content\/uploads\/2021\/12\/IMG_5860-768x512.jpg 768w\" sizes=\"auto, (max-width: 1024px) 100vw, 1024px\" \/><\/a><\/figure><\/li><li class=\"blocks-gallery-item\"><figure><a href=\"https:\/\/dioceseteixeiradefreitas.com.br\/wp-content\/uploads\/2021\/12\/IMG_5864.jpg\"><img loading=\"lazy\" decoding=\"async\" width=\"1024\" height=\"640\" src=\"https:\/\/dioceseteixeiradefreitas.com.br\/wp-content\/uploads\/2021\/12\/IMG_5864.jpg\" alt=\"\" data-id=\"15069\" data-full-url=\"https:\/\/dioceseteixeiradefreitas.com.br\/wp-content\/uploads\/2021\/12\/IMG_5864.jpg\" data-link=\"https:\/\/dioceseteixeiradefreitas.com.br\/?attachment_id=15069\" class=\"wp-image-15069\" srcset=\"https:\/\/dioceseteixeiradefreitas.com.br\/wp-content\/uploads\/2021\/12\/IMG_5864.jpg 1024w, https:\/\/dioceseteixeiradefreitas.com.br\/wp-content\/uploads\/2021\/12\/IMG_5864-300x188.jpg 300w, https:\/\/dioceseteixeiradefreitas.com.br\/wp-content\/uploads\/2021\/12\/IMG_5864-768x480.jpg 768w\" sizes=\"auto, (max-width: 1024px) 100vw, 1024px\" \/><\/a><\/figure><\/li><li class=\"blocks-gallery-item\"><figure><a href=\"https:\/\/dioceseteixeiradefreitas.com.br\/wp-content\/uploads\/2021\/12\/IMG_5872.jpg\"><img loading=\"lazy\" decoding=\"async\" width=\"1024\" height=\"683\" src=\"https:\/\/dioceseteixeiradefreitas.com.br\/wp-content\/uploads\/2021\/12\/IMG_5872.jpg\" alt=\"\" data-id=\"15070\" data-full-url=\"https:\/\/dioceseteixeiradefreitas.com.br\/wp-content\/uploads\/2021\/12\/IMG_5872.jpg\" data-link=\"https:\/\/dioceseteixeiradefreitas.com.br\/?attachment_id=15070\" class=\"wp-image-15070\" srcset=\"https:\/\/dioceseteixeiradefreitas.com.br\/wp-content\/uploads\/2021\/12\/IMG_5872.jpg 1024w, https:\/\/dioceseteixeiradefreitas.com.br\/wp-content\/uploads\/2021\/12\/IMG_5872-300x200.jpg 300w, https:\/\/dioceseteixeiradefreitas.com.br\/wp-content\/uploads\/2021\/12\/IMG_5872-768x512.jpg 768w\" sizes=\"auto, (max-width: 1024px) 100vw, 1024px\" \/><\/a><\/figure><\/li><li class=\"blocks-gallery-item\"><figure><a href=\"https:\/\/dioceseteixeiradefreitas.com.br\/wp-content\/uploads\/2021\/12\/IMG_5877.jpg\"><img loading=\"lazy\" decoding=\"async\" width=\"1024\" height=\"683\" src=\"https:\/\/dioceseteixeiradefreitas.com.br\/wp-content\/uploads\/2021\/12\/IMG_5877.jpg\" alt=\"\" data-id=\"15071\" data-full-url=\"https:\/\/dioceseteixeiradefreitas.com.br\/wp-content\/uploads\/2021\/12\/IMG_5877.jpg\" data-link=\"https:\/\/dioceseteixeiradefreitas.com.br\/?attachment_id=15071\" class=\"wp-image-15071\" srcset=\"https:\/\/dioceseteixeiradefreitas.com.br\/wp-content\/uploads\/2021\/12\/IMG_5877.jpg 1024w, https:\/\/dioceseteixeiradefreitas.com.br\/wp-content\/uploads\/2021\/12\/IMG_5877-300x200.jpg 300w, https:\/\/dioceseteixeiradefreitas.com.br\/wp-content\/uploads\/2021\/12\/IMG_5877-768x512.jpg 768w\" sizes=\"auto, (max-width: 1024px) 100vw, 1024px\" \/><\/a><\/figure><\/li><li class=\"blocks-gallery-item\"><figure><a href=\"https:\/\/dioceseteixeiradefreitas.com.br\/wp-content\/uploads\/2021\/12\/IMG_5880.jpg\"><img loading=\"lazy\" decoding=\"async\" width=\"1024\" height=\"683\" src=\"https:\/\/dioceseteixeiradefreitas.com.br\/wp-content\/uploads\/2021\/12\/IMG_5880.jpg\" alt=\"\" data-id=\"15072\" data-full-url=\"https:\/\/dioceseteixeiradefreitas.com.br\/wp-content\/uploads\/2021\/12\/IMG_5880.jpg\" data-link=\"https:\/\/dioceseteixeiradefreitas.com.br\/?attachment_id=15072\" class=\"wp-image-15072\" srcset=\"https:\/\/dioceseteixeiradefreitas.com.br\/wp-content\/uploads\/2021\/12\/IMG_5880.jpg 1024w, https:\/\/dioceseteixeiradefreitas.com.br\/wp-content\/uploads\/2021\/12\/IMG_5880-300x200.jpg 300w, https:\/\/dioceseteixeiradefreitas.com.br\/wp-content\/uploads\/2021\/12\/IMG_5880-768x512.jpg 768w\" sizes=\"auto, (max-width: 1024px) 100vw, 1024px\" \/><\/a><\/figure><\/li><li class=\"blocks-gallery-item\"><figure><a href=\"https:\/\/dioceseteixeiradefreitas.com.br\/wp-content\/uploads\/2021\/12\/IMG_5892.jpg\"><img loading=\"lazy\" decoding=\"async\" width=\"1024\" height=\"683\" src=\"https:\/\/dioceseteixeiradefreitas.com.br\/wp-content\/uploads\/2021\/12\/IMG_5892.jpg\" alt=\"\" data-id=\"15073\" data-full-url=\"https:\/\/dioceseteixeiradefreitas.com.br\/wp-content\/uploads\/2021\/12\/IMG_5892.jpg\" data-link=\"https:\/\/dioceseteixeiradefreitas.com.br\/?attachment_id=15073\" class=\"wp-image-15073\" srcset=\"https:\/\/dioceseteixeiradefreitas.com.br\/wp-content\/uploads\/2021\/12\/IMG_5892.jpg 1024w, https:\/\/dioceseteixeiradefreitas.com.br\/wp-content\/uploads\/2021\/12\/IMG_5892-300x200.jpg 300w, https:\/\/dioceseteixeiradefreitas.com.br\/wp-content\/uploads\/2021\/12\/IMG_5892-768x512.jpg 768w\" sizes=\"auto, (max-width: 1024px) 100vw, 1024px\" \/><\/a><\/figure><\/li><li class=\"blocks-gallery-item\"><figure><a href=\"https:\/\/dioceseteixeiradefreitas.com.br\/wp-content\/uploads\/2021\/12\/IMG_5894.jpg\"><img loading=\"lazy\" decoding=\"async\" width=\"768\" height=\"771\" src=\"https:\/\/dioceseteixeiradefreitas.com.br\/wp-content\/uploads\/2021\/12\/IMG_5894.jpg\" alt=\"\" data-id=\"15074\" data-full-url=\"https:\/\/dioceseteixeiradefreitas.com.br\/wp-content\/uploads\/2021\/12\/IMG_5894.jpg\" data-link=\"https:\/\/dioceseteixeiradefreitas.com.br\/?attachment_id=15074\" class=\"wp-image-15074\" srcset=\"https:\/\/dioceseteixeiradefreitas.com.br\/wp-content\/uploads\/2021\/12\/IMG_5894.jpg 768w, https:\/\/dioceseteixeiradefreitas.com.br\/wp-content\/uploads\/2021\/12\/IMG_5894-300x300.jpg 300w, https:\/\/dioceseteixeiradefreitas.com.br\/wp-content\/uploads\/2021\/12\/IMG_5894-150x150.jpg 150w\" sizes=\"auto, (max-width: 768px) 100vw, 768px\" \/><\/a><\/figure><\/li><li class=\"blocks-gallery-item\"><figure><a href=\"https:\/\/dioceseteixeiradefreitas.com.br\/wp-content\/uploads\/2021\/12\/IMG_5898.jpg\"><img loading=\"lazy\" decoding=\"async\" width=\"1024\" height=\"683\" src=\"https:\/\/dioceseteixeiradefreitas.com.br\/wp-content\/uploads\/2021\/12\/IMG_5898.jpg\" alt=\"\" data-id=\"15075\" data-full-url=\"https:\/\/dioceseteixeiradefreitas.com.br\/wp-content\/uploads\/2021\/12\/IMG_5898.jpg\" data-link=\"https:\/\/dioceseteixeiradefreitas.com.br\/?attachment_id=15075\" class=\"wp-image-15075\" srcset=\"https:\/\/dioceseteixeiradefreitas.com.br\/wp-content\/uploads\/2021\/12\/IMG_5898.jpg 1024w, https:\/\/dioceseteixeiradefreitas.com.br\/wp-content\/uploads\/2021\/12\/IMG_5898-300x200.jpg 300w, https:\/\/dioceseteixeiradefreitas.com.br\/wp-content\/uploads\/2021\/12\/IMG_5898-768x512.jpg 768w\" sizes=\"auto, (max-width: 1024px) 100vw, 1024px\" \/><\/a><\/figure><\/li><li class=\"blocks-gallery-item\"><figure><a href=\"https:\/\/dioceseteixeiradefreitas.com.br\/wp-content\/uploads\/2021\/12\/IMG_5905.jpg\"><img loading=\"lazy\" decoding=\"async\" width=\"1024\" height=\"687\" src=\"https:\/\/dioceseteixeiradefreitas.com.br\/wp-content\/uploads\/2021\/12\/IMG_5905.jpg\" alt=\"\" data-id=\"15076\" data-full-url=\"https:\/\/dioceseteixeiradefreitas.com.br\/wp-content\/uploads\/2021\/12\/IMG_5905.jpg\" data-link=\"https:\/\/dioceseteixeiradefreitas.com.br\/?attachment_id=15076\" class=\"wp-image-15076\" srcset=\"https:\/\/dioceseteixeiradefreitas.com.br\/wp-content\/uploads\/2021\/12\/IMG_5905.jpg 1024w, https:\/\/dioceseteixeiradefreitas.com.br\/wp-content\/uploads\/2021\/12\/IMG_5905-300x201.jpg 300w, https:\/\/dioceseteixeiradefreitas.com.br\/wp-content\/uploads\/2021\/12\/IMG_5905-768x515.jpg 768w\" sizes=\"auto, (max-width: 1024px) 100vw, 1024px\" \/><\/a><\/figure><\/li><li class=\"blocks-gallery-item\"><figure><a href=\"https:\/\/dioceseteixeiradefreitas.com.br\/wp-content\/uploads\/2021\/12\/IMG_5909.jpg\"><img loading=\"lazy\" decoding=\"async\" width=\"1024\" height=\"731\" src=\"https:\/\/dioceseteixeiradefreitas.com.br\/wp-content\/uploads\/2021\/12\/IMG_5909.jpg\" alt=\"\" data-id=\"15077\" data-full-url=\"https:\/\/dioceseteixeiradefreitas.com.br\/wp-content\/uploads\/2021\/12\/IMG_5909.jpg\" data-link=\"https:\/\/dioceseteixeiradefreitas.com.br\/?attachment_id=15077\" class=\"wp-image-15077\" srcset=\"https:\/\/dioceseteixeiradefreitas.com.br\/wp-content\/uploads\/2021\/12\/IMG_5909.jpg 1024w, https:\/\/dioceseteixeiradefreitas.com.br\/wp-content\/uploads\/2021\/12\/IMG_5909-300x214.jpg 300w, https:\/\/dioceseteixeiradefreitas.com.br\/wp-content\/uploads\/2021\/12\/IMG_5909-768x548.jpg 768w\" sizes=\"auto, (max-width: 1024px) 100vw, 1024px\" \/><\/a><\/figure><\/li><li class=\"blocks-gallery-item\"><figure><a href=\"https:\/\/dioceseteixeiradefreitas.com.br\/wp-content\/uploads\/2021\/12\/IMG_5913.jpg\"><img loading=\"lazy\" decoding=\"async\" width=\"1024\" height=\"724\" src=\"https:\/\/dioceseteixeiradefreitas.com.br\/wp-content\/uploads\/2021\/12\/IMG_5913.jpg\" alt=\"\" data-id=\"15078\" data-full-url=\"https:\/\/dioceseteixeiradefreitas.com.br\/wp-content\/uploads\/2021\/12\/IMG_5913.jpg\" data-link=\"https:\/\/dioceseteixeiradefreitas.com.br\/?attachment_id=15078\" class=\"wp-image-15078\" srcset=\"https:\/\/dioceseteixeiradefreitas.com.br\/wp-content\/uploads\/2021\/12\/IMG_5913.jpg 1024w, https:\/\/dioceseteixeiradefreitas.com.br\/wp-content\/uploads\/2021\/12\/IMG_5913-300x212.jpg 300w, https:\/\/dioceseteixeiradefreitas.com.br\/wp-content\/uploads\/2021\/12\/IMG_5913-768x543.jpg 768w\" sizes=\"auto, (max-width: 1024px) 100vw, 1024px\" \/><\/a><\/figure><\/li><li class=\"blocks-gallery-item\"><figure><a href=\"https:\/\/dioceseteixeiradefreitas.com.br\/wp-content\/uploads\/2021\/12\/IMG_5922.jpg\"><img loading=\"lazy\" decoding=\"async\" width=\"1024\" height=\"665\" src=\"https:\/\/dioceseteixeiradefreitas.com.br\/wp-content\/uploads\/2021\/12\/IMG_5922.jpg\" alt=\"\" data-id=\"15079\" data-full-url=\"https:\/\/dioceseteixeiradefreitas.com.br\/wp-content\/uploads\/2021\/12\/IMG_5922.jpg\" data-link=\"https:\/\/dioceseteixeiradefreitas.com.br\/?attachment_id=15079\" class=\"wp-image-15079\" srcset=\"https:\/\/dioceseteixeiradefreitas.com.br\/wp-content\/uploads\/2021\/12\/IMG_5922.jpg 1024w, https:\/\/dioceseteixeiradefreitas.com.br\/wp-content\/uploads\/2021\/12\/IMG_5922-300x195.jpg 300w, https:\/\/dioceseteixeiradefreitas.com.br\/wp-content\/uploads\/2021\/12\/IMG_5922-768x499.jpg 768w\" sizes=\"auto, (max-width: 1024px) 100vw, 1024px\" \/><\/a><\/figure><\/li><li class=\"blocks-gallery-item\"><figure><a href=\"https:\/\/dioceseteixeiradefreitas.com.br\/wp-content\/uploads\/2021\/12\/IMG_5926.jpg\"><img loading=\"lazy\" decoding=\"async\" width=\"1024\" height=\"683\" src=\"https:\/\/dioceseteixeiradefreitas.com.br\/wp-content\/uploads\/2021\/12\/IMG_5926.jpg\" alt=\"\" data-id=\"15080\" data-full-url=\"https:\/\/dioceseteixeiradefreitas.com.br\/wp-content\/uploads\/2021\/12\/IMG_5926.jpg\" data-link=\"https:\/\/dioceseteixeiradefreitas.com.br\/?attachment_id=15080\" class=\"wp-image-15080\" srcset=\"https:\/\/dioceseteixeiradefreitas.com.br\/wp-content\/uploads\/2021\/12\/IMG_5926.jpg 1024w, https:\/\/dioceseteixeiradefreitas.com.br\/wp-content\/uploads\/2021\/12\/IMG_5926-300x200.jpg 300w, https:\/\/dioceseteixeiradefreitas.com.br\/wp-content\/uploads\/2021\/12\/IMG_5926-768x512.jpg 768w\" sizes=\"auto, (max-width: 1024px) 100vw, 1024px\" \/><\/a><\/figure><\/li><li class=\"blocks-gallery-item\"><figure><a href=\"https:\/\/dioceseteixeiradefreitas.com.br\/wp-content\/uploads\/2021\/12\/IMG_5930.jpg\"><img loading=\"lazy\" decoding=\"async\" width=\"1024\" height=\"683\" src=\"https:\/\/dioceseteixeiradefreitas.com.br\/wp-content\/uploads\/2021\/12\/IMG_5930.jpg\" alt=\"\" data-id=\"15081\" data-full-url=\"https:\/\/dioceseteixeiradefreitas.com.br\/wp-content\/uploads\/2021\/12\/IMG_5930.jpg\" data-link=\"https:\/\/dioceseteixeiradefreitas.com.br\/?attachment_id=15081\" class=\"wp-image-15081\" srcset=\"https:\/\/dioceseteixeiradefreitas.com.br\/wp-content\/uploads\/2021\/12\/IMG_5930.jpg 1024w, https:\/\/dioceseteixeiradefreitas.com.br\/wp-content\/uploads\/2021\/12\/IMG_5930-300x200.jpg 300w, https:\/\/dioceseteixeiradefreitas.com.br\/wp-content\/uploads\/2021\/12\/IMG_5930-768x512.jpg 768w\" sizes=\"auto, (max-width: 1024px) 100vw, 1024px\" \/><\/a><\/figure><\/li><li class=\"blocks-gallery-item\"><figure><a href=\"https:\/\/dioceseteixeiradefreitas.com.br\/wp-content\/uploads\/2021\/12\/IMG_5936.jpg\"><img loading=\"lazy\" decoding=\"async\" width=\"683\" height=\"1024\" src=\"https:\/\/dioceseteixeiradefreitas.com.br\/wp-content\/uploads\/2021\/12\/IMG_5936.jpg\" alt=\"\" data-id=\"15082\" data-full-url=\"https:\/\/dioceseteixeiradefreitas.com.br\/wp-content\/uploads\/2021\/12\/IMG_5936.jpg\" data-link=\"https:\/\/dioceseteixeiradefreitas.com.br\/?attachment_id=15082\" class=\"wp-image-15082\" srcset=\"https:\/\/dioceseteixeiradefreitas.com.br\/wp-content\/uploads\/2021\/12\/IMG_5936.jpg 683w, https:\/\/dioceseteixeiradefreitas.com.br\/wp-content\/uploads\/2021\/12\/IMG_5936-200x300.jpg 200w\" sizes=\"auto, (max-width: 683px) 100vw, 683px\" \/><\/a><\/figure><\/li><li class=\"blocks-gallery-item\"><figure><a href=\"https:\/\/dioceseteixeiradefreitas.com.br\/wp-content\/uploads\/2021\/12\/IMG_5955.jpg\"><img loading=\"lazy\" decoding=\"async\" width=\"683\" height=\"1024\" src=\"https:\/\/dioceseteixeiradefreitas.com.br\/wp-content\/uploads\/2021\/12\/IMG_5955.jpg\" alt=\"\" data-id=\"15083\" data-full-url=\"https:\/\/dioceseteixeiradefreitas.com.br\/wp-content\/uploads\/2021\/12\/IMG_5955.jpg\" data-link=\"https:\/\/dioceseteixeiradefreitas.com.br\/?attachment_id=15083\" class=\"wp-image-15083\" srcset=\"https:\/\/dioceseteixeiradefreitas.com.br\/wp-content\/uploads\/2021\/12\/IMG_5955.jpg 683w, https:\/\/dioceseteixeiradefreitas.com.br\/wp-content\/uploads\/2021\/12\/IMG_5955-200x300.jpg 200w\" sizes=\"auto, (max-width: 683px) 100vw, 683px\" \/><\/a><\/figure><\/li><li class=\"blocks-gallery-item\"><figure><a href=\"https:\/\/dioceseteixeiradefreitas.com.br\/wp-content\/uploads\/2021\/12\/IMG_5959.jpg\"><img loading=\"lazy\" decoding=\"async\" width=\"1024\" height=\"683\" src=\"https:\/\/dioceseteixeiradefreitas.com.br\/wp-content\/uploads\/2021\/12\/IMG_5959.jpg\" alt=\"\" data-id=\"15084\" data-full-url=\"https:\/\/dioceseteixeiradefreitas.com.br\/wp-content\/uploads\/2021\/12\/IMG_5959.jpg\" data-link=\"https:\/\/dioceseteixeiradefreitas.com.br\/?attachment_id=15084\" class=\"wp-image-15084\" srcset=\"https:\/\/dioceseteixeiradefreitas.com.br\/wp-content\/uploads\/2021\/12\/IMG_5959.jpg 1024w, https:\/\/dioceseteixeiradefreitas.com.br\/wp-content\/uploads\/2021\/12\/IMG_5959-300x200.jpg 300w, https:\/\/dioceseteixeiradefreitas.com.br\/wp-content\/uploads\/2021\/12\/IMG_5959-768x512.jpg 768w\" sizes=\"auto, (max-width: 1024px) 100vw, 1024px\" \/><\/a><\/figure><\/li><li class=\"blocks-gallery-item\"><figure><a href=\"https:\/\/dioceseteixeiradefreitas.com.br\/wp-content\/uploads\/2021\/12\/IMG_5961.jpg\"><img loading=\"lazy\" decoding=\"async\" width=\"1024\" height=\"683\" src=\"https:\/\/dioceseteixeiradefreitas.com.br\/wp-content\/uploads\/2021\/12\/IMG_5961.jpg\" alt=\"\" data-id=\"15085\" data-full-url=\"https:\/\/dioceseteixeiradefreitas.com.br\/wp-content\/uploads\/2021\/12\/IMG_5961.jpg\" data-link=\"https:\/\/dioceseteixeiradefreitas.com.br\/?attachment_id=15085\" class=\"wp-image-15085\" srcset=\"https:\/\/dioceseteixeiradefreitas.com.br\/wp-content\/uploads\/2021\/12\/IMG_5961.jpg 1024w, https:\/\/dioceseteixeiradefreitas.com.br\/wp-content\/uploads\/2021\/12\/IMG_5961-300x200.jpg 300w, https:\/\/dioceseteixeiradefreitas.com.br\/wp-content\/uploads\/2021\/12\/IMG_5961-768x512.jpg 768w\" sizes=\"auto, (max-width: 1024px) 100vw, 1024px\" \/><\/a><\/figure><\/li><li class=\"blocks-gallery-item\"><figure><a href=\"https:\/\/dioceseteixeiradefreitas.com.br\/wp-content\/uploads\/2021\/12\/IMG_5964.jpg\"><img loading=\"lazy\" decoding=\"async\" width=\"1024\" height=\"742\" src=\"https:\/\/dioceseteixeiradefreitas.com.br\/wp-content\/uploads\/2021\/12\/IMG_5964.jpg\" alt=\"\" data-id=\"15086\" data-full-url=\"https:\/\/dioceseteixeiradefreitas.com.br\/wp-content\/uploads\/2021\/12\/IMG_5964.jpg\" data-link=\"https:\/\/dioceseteixeiradefreitas.com.br\/?attachment_id=15086\" class=\"wp-image-15086\" srcset=\"https:\/\/dioceseteixeiradefreitas.com.br\/wp-content\/uploads\/2021\/12\/IMG_5964.jpg 1024w, https:\/\/dioceseteixeiradefreitas.com.br\/wp-content\/uploads\/2021\/12\/IMG_5964-300x217.jpg 300w, https:\/\/dioceseteixeiradefreitas.com.br\/wp-content\/uploads\/2021\/12\/IMG_5964-768x557.jpg 768w\" sizes=\"auto, (max-width: 1024px) 100vw, 1024px\" \/><\/a><\/figure><\/li><li class=\"blocks-gallery-item\"><figure><a href=\"https:\/\/dioceseteixeiradefreitas.com.br\/wp-content\/uploads\/2021\/12\/IMG_5966.jpg\"><img loading=\"lazy\" decoding=\"async\" width=\"1024\" height=\"689\" src=\"https:\/\/dioceseteixeiradefreitas.com.br\/wp-content\/uploads\/2021\/12\/IMG_5966.jpg\" alt=\"\" data-id=\"15087\" data-full-url=\"https:\/\/dioceseteixeiradefreitas.com.br\/wp-content\/uploads\/2021\/12\/IMG_5966.jpg\" data-link=\"https:\/\/dioceseteixeiradefreitas.com.br\/?attachment_id=15087\" class=\"wp-image-15087\" srcset=\"https:\/\/dioceseteixeiradefreitas.com.br\/wp-content\/uploads\/2021\/12\/IMG_5966.jpg 1024w, https:\/\/dioceseteixeiradefreitas.com.br\/wp-content\/uploads\/2021\/12\/IMG_5966-300x202.jpg 300w, https:\/\/dioceseteixeiradefreitas.com.br\/wp-content\/uploads\/2021\/12\/IMG_5966-768x517.jpg 768w\" sizes=\"auto, (max-width: 1024px) 100vw, 1024px\" \/><\/a><\/figure><\/li><li class=\"blocks-gallery-item\"><figure><a href=\"https:\/\/dioceseteixeiradefreitas.com.br\/wp-content\/uploads\/2021\/12\/IMG_5969.jpg\"><img loading=\"lazy\" decoding=\"async\" width=\"1024\" height=\"706\" src=\"https:\/\/dioceseteixeiradefreitas.com.br\/wp-content\/uploads\/2021\/12\/IMG_5969.jpg\" alt=\"\" data-id=\"15088\" data-full-url=\"https:\/\/dioceseteixeiradefreitas.com.br\/wp-content\/uploads\/2021\/12\/IMG_5969.jpg\" data-link=\"https:\/\/dioceseteixeiradefreitas.com.br\/?attachment_id=15088\" class=\"wp-image-15088\" srcset=\"https:\/\/dioceseteixeiradefreitas.com.br\/wp-content\/uploads\/2021\/12\/IMG_5969.jpg 1024w, https:\/\/dioceseteixeiradefreitas.com.br\/wp-content\/uploads\/2021\/12\/IMG_5969-300x207.jpg 300w, https:\/\/dioceseteixeiradefreitas.com.br\/wp-content\/uploads\/2021\/12\/IMG_5969-768x530.jpg 768w\" sizes=\"auto, (max-width: 1024px) 100vw, 1024px\" \/><\/a><\/figure><\/li><li class=\"blocks-gallery-item\"><figure><a href=\"https:\/\/dioceseteixeiradefreitas.com.br\/wp-content\/uploads\/2021\/12\/IMG_5972.jpg\"><img loading=\"lazy\" decoding=\"async\" width=\"966\" height=\"768\" src=\"https:\/\/dioceseteixeiradefreitas.com.br\/wp-content\/uploads\/2021\/12\/IMG_5972.jpg\" alt=\"\" data-id=\"15089\" data-full-url=\"https:\/\/dioceseteixeiradefreitas.com.br\/wp-content\/uploads\/2021\/12\/IMG_5972.jpg\" data-link=\"https:\/\/dioceseteixeiradefreitas.com.br\/?attachment_id=15089\" class=\"wp-image-15089\" srcset=\"https:\/\/dioceseteixeiradefreitas.com.br\/wp-content\/uploads\/2021\/12\/IMG_5972.jpg 966w, https:\/\/dioceseteixeiradefreitas.com.br\/wp-content\/uploads\/2021\/12\/IMG_5972-300x239.jpg 300w, https:\/\/dioceseteixeiradefreitas.com.br\/wp-content\/uploads\/2021\/12\/IMG_5972-768x611.jpg 768w\" sizes=\"auto, (max-width: 966px) 100vw, 966px\" \/><\/a><\/figure><\/li><li class=\"blocks-gallery-item\"><figure><a href=\"https:\/\/dioceseteixeiradefreitas.com.br\/wp-content\/uploads\/2021\/12\/IMG_5986.jpg\"><img loading=\"lazy\" decoding=\"async\" width=\"1024\" height=\"736\" src=\"https:\/\/dioceseteixeiradefreitas.com.br\/wp-content\/uploads\/2021\/12\/IMG_5986.jpg\" alt=\"\" data-id=\"15090\" data-full-url=\"https:\/\/dioceseteixeiradefreitas.com.br\/wp-content\/uploads\/2021\/12\/IMG_5986.jpg\" data-link=\"https:\/\/dioceseteixeiradefreitas.com.br\/?attachment_id=15090\" class=\"wp-image-15090\" srcset=\"https:\/\/dioceseteixeiradefreitas.com.br\/wp-content\/uploads\/2021\/12\/IMG_5986.jpg 1024w, https:\/\/dioceseteixeiradefreitas.com.br\/wp-content\/uploads\/2021\/12\/IMG_5986-300x216.jpg 300w, https:\/\/dioceseteixeiradefreitas.com.br\/wp-content\/uploads\/2021\/12\/IMG_5986-768x552.jpg 768w\" sizes=\"auto, (max-width: 1024px) 100vw, 1024px\" \/><\/a><\/figure><\/li><li class=\"blocks-gallery-item\"><figure><a href=\"https:\/\/dioceseteixeiradefreitas.com.br\/wp-content\/uploads\/2021\/12\/IMG_5988.jpg\"><img loading=\"lazy\" decoding=\"async\" width=\"1024\" height=\"671\" src=\"https:\/\/dioceseteixeiradefreitas.com.br\/wp-content\/uploads\/2021\/12\/IMG_5988.jpg\" alt=\"\" data-id=\"15091\" data-full-url=\"https:\/\/dioceseteixeiradefreitas.com.br\/wp-content\/uploads\/2021\/12\/IMG_5988.jpg\" data-link=\"https:\/\/dioceseteixeiradefreitas.com.br\/?attachment_id=15091\" class=\"wp-image-15091\" srcset=\"https:\/\/dioceseteixeiradefreitas.com.br\/wp-content\/uploads\/2021\/12\/IMG_5988.jpg 1024w, https:\/\/dioceseteixeiradefreitas.com.br\/wp-content\/uploads\/2021\/12\/IMG_5988-300x197.jpg 300w, https:\/\/dioceseteixeiradefreitas.com.br\/wp-content\/uploads\/2021\/12\/IMG_5988-768x503.jpg 768w\" sizes=\"auto, (max-width: 1024px) 100vw, 1024px\" \/><\/a><\/figure><\/li><li class=\"blocks-gallery-item\"><figure><a href=\"https:\/\/dioceseteixeiradefreitas.com.br\/wp-content\/uploads\/2021\/12\/IMG_5992.jpg\"><img loading=\"lazy\" decoding=\"async\" width=\"1024\" height=\"744\" src=\"https:\/\/dioceseteixeiradefreitas.com.br\/wp-content\/uploads\/2021\/12\/IMG_5992.jpg\" alt=\"\" data-id=\"15092\" data-full-url=\"https:\/\/dioceseteixeiradefreitas.com.br\/wp-content\/uploads\/2021\/12\/IMG_5992.jpg\" data-link=\"https:\/\/dioceseteixeiradefreitas.com.br\/?attachment_id=15092\" class=\"wp-image-15092\" srcset=\"https:\/\/dioceseteixeiradefreitas.com.br\/wp-content\/uploads\/2021\/12\/IMG_5992.jpg 1024w, https:\/\/dioceseteixeiradefreitas.com.br\/wp-content\/uploads\/2021\/12\/IMG_5992-300x218.jpg 300w, https:\/\/dioceseteixeiradefreitas.com.br\/wp-content\/uploads\/2021\/12\/IMG_5992-768x558.jpg 768w\" sizes=\"auto, (max-width: 1024px) 100vw, 1024px\" \/><\/a><\/figure><\/li><li class=\"blocks-gallery-item\"><figure><a href=\"https:\/\/dioceseteixeiradefreitas.com.br\/wp-content\/uploads\/2021\/12\/IMG_5995.jpg\"><img loading=\"lazy\" decoding=\"async\" width=\"1024\" height=\"748\" src=\"https:\/\/dioceseteixeiradefreitas.com.br\/wp-content\/uploads\/2021\/12\/IMG_5995.jpg\" alt=\"\" data-id=\"15093\" data-full-url=\"https:\/\/dioceseteixeiradefreitas.com.br\/wp-content\/uploads\/2021\/12\/IMG_5995.jpg\" data-link=\"https:\/\/dioceseteixeiradefreitas.com.br\/?attachment_id=15093\" class=\"wp-image-15093\" srcset=\"https:\/\/dioceseteixeiradefreitas.com.br\/wp-content\/uploads\/2021\/12\/IMG_5995.jpg 1024w, https:\/\/dioceseteixeiradefreitas.com.br\/wp-content\/uploads\/2021\/12\/IMG_5995-300x219.jpg 300w, https:\/\/dioceseteixeiradefreitas.com.br\/wp-content\/uploads\/2021\/12\/IMG_5995-768x561.jpg 768w\" sizes=\"auto, (max-width: 1024px) 100vw, 1024px\" \/><\/a><\/figure><\/li><li class=\"blocks-gallery-item\"><figure><a href=\"https:\/\/dioceseteixeiradefreitas.com.br\/wp-content\/uploads\/2021\/12\/IMG_5997.jpg\"><img loading=\"lazy\" decoding=\"async\" width=\"1024\" height=\"763\" src=\"https:\/\/dioceseteixeiradefreitas.com.br\/wp-content\/uploads\/2021\/12\/IMG_5997.jpg\" alt=\"\" data-id=\"15094\" data-full-url=\"https:\/\/dioceseteixeiradefreitas.com.br\/wp-content\/uploads\/2021\/12\/IMG_5997.jpg\" data-link=\"https:\/\/dioceseteixeiradefreitas.com.br\/?attachment_id=15094\" class=\"wp-image-15094\" srcset=\"https:\/\/dioceseteixeiradefreitas.com.br\/wp-content\/uploads\/2021\/12\/IMG_5997.jpg 1024w, https:\/\/dioceseteixeiradefreitas.com.br\/wp-content\/uploads\/2021\/12\/IMG_5997-300x224.jpg 300w, https:\/\/dioceseteixeiradefreitas.com.br\/wp-content\/uploads\/2021\/12\/IMG_5997-768x572.jpg 768w\" sizes=\"auto, (max-width: 1024px) 100vw, 1024px\" \/><\/a><\/figure><\/li><li class=\"blocks-gallery-item\"><figure><a href=\"https:\/\/dioceseteixeiradefreitas.com.br\/wp-content\/uploads\/2021\/12\/IMG_6000.jpg\"><img loading=\"lazy\" decoding=\"async\" width=\"1024\" height=\"683\" src=\"https:\/\/dioceseteixeiradefreitas.com.br\/wp-content\/uploads\/2021\/12\/IMG_6000.jpg\" alt=\"\" data-id=\"15095\" data-full-url=\"https:\/\/dioceseteixeiradefreitas.com.br\/wp-content\/uploads\/2021\/12\/IMG_6000.jpg\" data-link=\"https:\/\/dioceseteixeiradefreitas.com.br\/?attachment_id=15095\" class=\"wp-image-15095\" srcset=\"https:\/\/dioceseteixeiradefreitas.com.br\/wp-content\/uploads\/2021\/12\/IMG_6000.jpg 1024w, https:\/\/dioceseteixeiradefreitas.com.br\/wp-content\/uploads\/2021\/12\/IMG_6000-300x200.jpg 300w, https:\/\/dioceseteixeiradefreitas.com.br\/wp-content\/uploads\/2021\/12\/IMG_6000-768x512.jpg 768w\" sizes=\"auto, (max-width: 1024px) 100vw, 1024px\" \/><\/a><\/figure><\/li><li class=\"blocks-gallery-item\"><figure><a href=\"https:\/\/dioceseteixeiradefreitas.com.br\/wp-content\/uploads\/2021\/12\/IMG_6004.jpg\"><img loading=\"lazy\" decoding=\"async\" width=\"1024\" height=\"683\" src=\"https:\/\/dioceseteixeiradefreitas.com.br\/wp-content\/uploads\/2021\/12\/IMG_6004.jpg\" alt=\"\" data-id=\"15096\" data-full-url=\"https:\/\/dioceseteixeiradefreitas.com.br\/wp-content\/uploads\/2021\/12\/IMG_6004.jpg\" data-link=\"https:\/\/dioceseteixeiradefreitas.com.br\/?attachment_id=15096\" class=\"wp-image-15096\" srcset=\"https:\/\/dioceseteixeiradefreitas.com.br\/wp-content\/uploads\/2021\/12\/IMG_6004.jpg 1024w, https:\/\/dioceseteixeiradefreitas.com.br\/wp-content\/uploads\/2021\/12\/IMG_6004-300x200.jpg 300w, https:\/\/dioceseteixeiradefreitas.com.br\/wp-content\/uploads\/2021\/12\/IMG_6004-768x512.jpg 768w\" sizes=\"auto, (max-width: 1024px) 100vw, 1024px\" \/><\/a><\/figure><\/li><li class=\"blocks-gallery-item\"><figure><a href=\"https:\/\/dioceseteixeiradefreitas.com.br\/wp-content\/uploads\/2021\/12\/IMG_6005.jpg\"><img loading=\"lazy\" decoding=\"async\" width=\"1024\" height=\"684\" src=\"https:\/\/dioceseteixeiradefreitas.com.br\/wp-content\/uploads\/2021\/12\/IMG_6005.jpg\" alt=\"\" data-id=\"15097\" data-full-url=\"https:\/\/dioceseteixeiradefreitas.com.br\/wp-content\/uploads\/2021\/12\/IMG_6005.jpg\" data-link=\"https:\/\/dioceseteixeiradefreitas.com.br\/?attachment_id=15097\" class=\"wp-image-15097\" srcset=\"https:\/\/dioceseteixeiradefreitas.com.br\/wp-content\/uploads\/2021\/12\/IMG_6005.jpg 1024w, https:\/\/dioceseteixeiradefreitas.com.br\/wp-content\/uploads\/2021\/12\/IMG_6005-300x200.jpg 300w, https:\/\/dioceseteixeiradefreitas.com.br\/wp-content\/uploads\/2021\/12\/IMG_6005-768x513.jpg 768w\" sizes=\"auto, (max-width: 1024px) 100vw, 1024px\" \/><\/a><\/figure><\/li><li class=\"blocks-gallery-item\"><figure><a href=\"https:\/\/dioceseteixeiradefreitas.com.br\/wp-content\/uploads\/2021\/12\/IMG_6009.jpg\"><img loading=\"lazy\" decoding=\"async\" width=\"1024\" height=\"729\" src=\"https:\/\/dioceseteixeiradefreitas.com.br\/wp-content\/uploads\/2021\/12\/IMG_6009.jpg\" alt=\"\" data-id=\"15098\" data-full-url=\"https:\/\/dioceseteixeiradefreitas.com.br\/wp-content\/uploads\/2021\/12\/IMG_6009.jpg\" data-link=\"https:\/\/dioceseteixeiradefreitas.com.br\/?attachment_id=15098\" class=\"wp-image-15098\" srcset=\"https:\/\/dioceseteixeiradefreitas.com.br\/wp-content\/uploads\/2021\/12\/IMG_6009.jpg 1024w, https:\/\/dioceseteixeiradefreitas.com.br\/wp-content\/uploads\/2021\/12\/IMG_6009-300x214.jpg 300w, https:\/\/dioceseteixeiradefreitas.com.br\/wp-content\/uploads\/2021\/12\/IMG_6009-768x547.jpg 768w\" sizes=\"auto, (max-width: 1024px) 100vw, 1024px\" \/><\/a><\/figure><\/li><li class=\"blocks-gallery-item\"><figure><a href=\"https:\/\/dioceseteixeiradefreitas.com.br\/wp-content\/uploads\/2021\/12\/IMG_6011.jpg\"><img loading=\"lazy\" decoding=\"async\" width=\"1024\" height=\"685\" src=\"https:\/\/dioceseteixeiradefreitas.com.br\/wp-content\/uploads\/2021\/12\/IMG_6011.jpg\" alt=\"\" data-id=\"15099\" data-full-url=\"https:\/\/dioceseteixeiradefreitas.com.br\/wp-content\/uploads\/2021\/12\/IMG_6011.jpg\" data-link=\"https:\/\/dioceseteixeiradefreitas.com.br\/?attachment_id=15099\" class=\"wp-image-15099\" srcset=\"https:\/\/dioceseteixeiradefreitas.com.br\/wp-content\/uploads\/2021\/12\/IMG_6011.jpg 1024w, https:\/\/dioceseteixeiradefreitas.com.br\/wp-content\/uploads\/2021\/12\/IMG_6011-300x201.jpg 300w, https:\/\/dioceseteixeiradefreitas.com.br\/wp-content\/uploads\/2021\/12\/IMG_6011-768x514.jpg 768w\" sizes=\"auto, (max-width: 1024px) 100vw, 1024px\" \/><\/a><\/figure><\/li><li class=\"blocks-gallery-item\"><figure><a href=\"https:\/\/dioceseteixeiradefreitas.com.br\/wp-content\/uploads\/2021\/12\/IMG_6014.jpg\"><img loading=\"lazy\" decoding=\"async\" width=\"1024\" height=\"678\" src=\"https:\/\/dioceseteixeiradefreitas.com.br\/wp-content\/uploads\/2021\/12\/IMG_6014.jpg\" alt=\"\" data-id=\"15100\" data-full-url=\"https:\/\/dioceseteixeiradefreitas.com.br\/wp-content\/uploads\/2021\/12\/IMG_6014.jpg\" data-link=\"https:\/\/dioceseteixeiradefreitas.com.br\/?attachment_id=15100\" class=\"wp-image-15100\" srcset=\"https:\/\/dioceseteixeiradefreitas.com.br\/wp-content\/uploads\/2021\/12\/IMG_6014.jpg 1024w, https:\/\/dioceseteixeiradefreitas.com.br\/wp-content\/uploads\/2021\/12\/IMG_6014-300x199.jpg 300w, https:\/\/dioceseteixeiradefreitas.com.br\/wp-content\/uploads\/2021\/12\/IMG_6014-768x509.jpg 768w\" sizes=\"auto, (max-width: 1024px) 100vw, 1024px\" \/><\/a><\/figure><\/li><li class=\"blocks-gallery-item\"><figure><a href=\"https:\/\/dioceseteixeiradefreitas.com.br\/wp-content\/uploads\/2021\/12\/IMG_6025.jpg\"><img loading=\"lazy\" decoding=\"async\" width=\"683\" height=\"1024\" src=\"https:\/\/dioceseteixeiradefreitas.com.br\/wp-content\/uploads\/2021\/12\/IMG_6025.jpg\" alt=\"\" data-id=\"15101\" data-full-url=\"https:\/\/dioceseteixeiradefreitas.com.br\/wp-content\/uploads\/2021\/12\/IMG_6025.jpg\" data-link=\"https:\/\/dioceseteixeiradefreitas.com.br\/?attachment_id=15101\" class=\"wp-image-15101\" srcset=\"https:\/\/dioceseteixeiradefreitas.com.br\/wp-content\/uploads\/2021\/12\/IMG_6025.jpg 683w, https:\/\/dioceseteixeiradefreitas.com.br\/wp-content\/uploads\/2021\/12\/IMG_6025-200x300.jpg 200w\" sizes=\"auto, (max-width: 683px) 100vw, 683px\" \/><\/a><\/figure><\/li><li class=\"blocks-gallery-item\"><figure><a href=\"https:\/\/dioceseteixeiradefreitas.com.br\/wp-content\/uploads\/2021\/12\/IMG_6026.jpg\"><img loading=\"lazy\" decoding=\"async\" width=\"1024\" height=\"683\" src=\"https:\/\/dioceseteixeiradefreitas.com.br\/wp-content\/uploads\/2021\/12\/IMG_6026.jpg\" alt=\"\" data-id=\"15102\" data-full-url=\"https:\/\/dioceseteixeiradefreitas.com.br\/wp-content\/uploads\/2021\/12\/IMG_6026.jpg\" data-link=\"https:\/\/dioceseteixeiradefreitas.com.br\/?attachment_id=15102\" class=\"wp-image-15102\" srcset=\"https:\/\/dioceseteixeiradefreitas.com.br\/wp-content\/uploads\/2021\/12\/IMG_6026.jpg 1024w, https:\/\/dioceseteixeiradefreitas.com.br\/wp-content\/uploads\/2021\/12\/IMG_6026-300x200.jpg 300w, https:\/\/dioceseteixeiradefreitas.com.br\/wp-content\/uploads\/2021\/12\/IMG_6026-768x512.jpg 768w\" sizes=\"auto, (max-width: 1024px) 100vw, 1024px\" \/><\/a><\/figure><\/li><li class=\"blocks-gallery-item\"><figure><a href=\"https:\/\/dioceseteixeiradefreitas.com.br\/wp-content\/uploads\/2021\/12\/IMG_6037.jpg\"><img loading=\"lazy\" decoding=\"async\" width=\"1024\" height=\"683\" src=\"https:\/\/dioceseteixeiradefreitas.com.br\/wp-content\/uploads\/2021\/12\/IMG_6037.jpg\" alt=\"\" data-id=\"15103\" data-full-url=\"https:\/\/dioceseteixeiradefreitas.com.br\/wp-content\/uploads\/2021\/12\/IMG_6037.jpg\" data-link=\"https:\/\/dioceseteixeiradefreitas.com.br\/?attachment_id=15103\" class=\"wp-image-15103\" srcset=\"https:\/\/dioceseteixeiradefreitas.com.br\/wp-content\/uploads\/2021\/12\/IMG_6037.jpg 1024w, https:\/\/dioceseteixeiradefreitas.com.br\/wp-content\/uploads\/2021\/12\/IMG_6037-300x200.jpg 300w, https:\/\/dioceseteixeiradefreitas.com.br\/wp-content\/uploads\/2021\/12\/IMG_6037-768x512.jpg 768w\" sizes=\"auto, (max-width: 1024px) 100vw, 1024px\" \/><\/a><\/figure><\/li><li class=\"blocks-gallery-item\"><figure><a href=\"https:\/\/dioceseteixeiradefreitas.com.br\/wp-content\/uploads\/2021\/12\/IMG_6047.jpg\"><img loading=\"lazy\" decoding=\"async\" width=\"683\" height=\"1024\" src=\"https:\/\/dioceseteixeiradefreitas.com.br\/wp-content\/uploads\/2021\/12\/IMG_6047.jpg\" alt=\"\" data-id=\"15104\" data-full-url=\"https:\/\/dioceseteixeiradefreitas.com.br\/wp-content\/uploads\/2021\/12\/IMG_6047.jpg\" data-link=\"https:\/\/dioceseteixeiradefreitas.com.br\/?attachment_id=15104\" class=\"wp-image-15104\" srcset=\"https:\/\/dioceseteixeiradefreitas.com.br\/wp-content\/uploads\/2021\/12\/IMG_6047.jpg 683w, https:\/\/dioceseteixeiradefreitas.com.br\/wp-content\/uploads\/2021\/12\/IMG_6047-200x300.jpg 200w\" sizes=\"auto, (max-width: 683px) 100vw, 683px\" \/><\/a><\/figure><\/li><li class=\"blocks-gallery-item\"><figure><a href=\"https:\/\/dioceseteixeiradefreitas.com.br\/wp-content\/uploads\/2021\/12\/IMG_6053.jpg\"><img loading=\"lazy\" decoding=\"async\" width=\"1024\" height=\"683\" src=\"https:\/\/dioceseteixeiradefreitas.com.br\/wp-content\/uploads\/2021\/12\/IMG_6053.jpg\" alt=\"\" data-id=\"15105\" data-full-url=\"https:\/\/dioceseteixeiradefreitas.com.br\/wp-content\/uploads\/2021\/12\/IMG_6053.jpg\" data-link=\"https:\/\/dioceseteixeiradefreitas.com.br\/?attachment_id=15105\" class=\"wp-image-15105\" srcset=\"https:\/\/dioceseteixeiradefreitas.com.br\/wp-content\/uploads\/2021\/12\/IMG_6053.jpg 1024w, https:\/\/dioceseteixeiradefreitas.com.br\/wp-content\/uploads\/2021\/12\/IMG_6053-300x200.jpg 300w, https:\/\/dioceseteixeiradefreitas.com.br\/wp-content\/uploads\/2021\/12\/IMG_6053-768x512.jpg 768w\" sizes=\"auto, (max-width: 1024px) 100vw, 1024px\" \/><\/a><\/figure><\/li><li class=\"blocks-gallery-item\"><figure><a href=\"https:\/\/dioceseteixeiradefreitas.com.br\/wp-content\/uploads\/2021\/12\/IMG_6055.jpg\"><img loading=\"lazy\" decoding=\"async\" width=\"1024\" height=\"683\" src=\"https:\/\/dioceseteixeiradefreitas.com.br\/wp-content\/uploads\/2021\/12\/IMG_6055.jpg\" alt=\"\" data-id=\"15106\" data-full-url=\"https:\/\/dioceseteixeiradefreitas.com.br\/wp-content\/uploads\/2021\/12\/IMG_6055.jpg\" data-link=\"https:\/\/dioceseteixeiradefreitas.com.br\/?attachment_id=15106\" class=\"wp-image-15106\" srcset=\"https:\/\/dioceseteixeiradefreitas.com.br\/wp-content\/uploads\/2021\/12\/IMG_6055.jpg 1024w, https:\/\/dioceseteixeiradefreitas.com.br\/wp-content\/uploads\/2021\/12\/IMG_6055-300x200.jpg 300w, https:\/\/dioceseteixeiradefreitas.com.br\/wp-content\/uploads\/2021\/12\/IMG_6055-768x512.jpg 768w\" sizes=\"auto, (max-width: 1024px) 100vw, 1024px\" \/><\/a><\/figure><\/li><li class=\"blocks-gallery-item\"><figure><a href=\"https:\/\/dioceseteixeiradefreitas.com.br\/wp-content\/uploads\/2021\/12\/IMG_6063.jpg\"><img loading=\"lazy\" decoding=\"async\" width=\"1024\" height=\"683\" src=\"https:\/\/dioceseteixeiradefreitas.com.br\/wp-content\/uploads\/2021\/12\/IMG_6063.jpg\" alt=\"\" data-id=\"15107\" data-full-url=\"https:\/\/dioceseteixeiradefreitas.com.br\/wp-content\/uploads\/2021\/12\/IMG_6063.jpg\" data-link=\"https:\/\/dioceseteixeiradefreitas.com.br\/?attachment_id=15107\" class=\"wp-image-15107\" srcset=\"https:\/\/dioceseteixeiradefreitas.com.br\/wp-content\/uploads\/2021\/12\/IMG_6063.jpg 1024w, https:\/\/dioceseteixeiradefreitas.com.br\/wp-content\/uploads\/2021\/12\/IMG_6063-300x200.jpg 300w, https:\/\/dioceseteixeiradefreitas.com.br\/wp-content\/uploads\/2021\/12\/IMG_6063-768x512.jpg 768w\" sizes=\"auto, (max-width: 1024px) 100vw, 1024px\" \/><\/a><\/figure><\/li><li class=\"blocks-gallery-item\"><figure><a href=\"https:\/\/dioceseteixeiradefreitas.com.br\/wp-content\/uploads\/2021\/12\/IMG_6064.jpg\"><img loading=\"lazy\" decoding=\"async\" width=\"1024\" height=\"683\" src=\"https:\/\/dioceseteixeiradefreitas.com.br\/wp-content\/uploads\/2021\/12\/IMG_6064.jpg\" alt=\"\" data-id=\"15108\" data-full-url=\"https:\/\/dioceseteixeiradefreitas.com.br\/wp-content\/uploads\/2021\/12\/IMG_6064.jpg\" data-link=\"https:\/\/dioceseteixeiradefreitas.com.br\/?attachment_id=15108\" class=\"wp-image-15108\" srcset=\"https:\/\/dioceseteixeiradefreitas.com.br\/wp-content\/uploads\/2021\/12\/IMG_6064.jpg 1024w, https:\/\/dioceseteixeiradefreitas.com.br\/wp-content\/uploads\/2021\/12\/IMG_6064-300x200.jpg 300w, https:\/\/dioceseteixeiradefreitas.com.br\/wp-content\/uploads\/2021\/12\/IMG_6064-768x512.jpg 768w\" sizes=\"auto, (max-width: 1024px) 100vw, 1024px\" \/><\/a><\/figure><\/li><li class=\"blocks-gallery-item\"><figure><a href=\"https:\/\/dioceseteixeiradefreitas.com.br\/wp-content\/uploads\/2021\/12\/IMG_6065.jpg\"><img loading=\"lazy\" decoding=\"async\" width=\"1024\" height=\"683\" src=\"https:\/\/dioceseteixeiradefreitas.com.br\/wp-content\/uploads\/2021\/12\/IMG_6065.jpg\" alt=\"\" data-id=\"15109\" data-full-url=\"https:\/\/dioceseteixeiradefreitas.com.br\/wp-content\/uploads\/2021\/12\/IMG_6065.jpg\" data-link=\"https:\/\/dioceseteixeiradefreitas.com.br\/?attachment_id=15109\" class=\"wp-image-15109\" srcset=\"https:\/\/dioceseteixeiradefreitas.com.br\/wp-content\/uploads\/2021\/12\/IMG_6065.jpg 1024w, https:\/\/dioceseteixeiradefreitas.com.br\/wp-content\/uploads\/2021\/12\/IMG_6065-300x200.jpg 300w, https:\/\/dioceseteixeiradefreitas.com.br\/wp-content\/uploads\/2021\/12\/IMG_6065-768x512.jpg 768w\" sizes=\"auto, (max-width: 1024px) 100vw, 1024px\" \/><\/a><\/figure><\/li><li class=\"blocks-gallery-item\"><figure><a href=\"https:\/\/dioceseteixeiradefreitas.com.br\/wp-content\/uploads\/2021\/12\/IMG_6067.jpg\"><img loading=\"lazy\" decoding=\"async\" width=\"1024\" height=\"683\" src=\"https:\/\/dioceseteixeiradefreitas.com.br\/wp-content\/uploads\/2021\/12\/IMG_6067.jpg\" alt=\"\" data-id=\"15110\" data-full-url=\"https:\/\/dioceseteixeiradefreitas.com.br\/wp-content\/uploads\/2021\/12\/IMG_6067.jpg\" data-link=\"https:\/\/dioceseteixeiradefreitas.com.br\/?attachment_id=15110\" class=\"wp-image-15110\" srcset=\"https:\/\/dioceseteixeiradefreitas.com.br\/wp-content\/uploads\/2021\/12\/IMG_6067.jpg 1024w, https:\/\/dioceseteixeiradefreitas.com.br\/wp-content\/uploads\/2021\/12\/IMG_6067-300x200.jpg 300w, https:\/\/dioceseteixeiradefreitas.com.br\/wp-content\/uploads\/2021\/12\/IMG_6067-768x512.jpg 768w\" sizes=\"auto, (max-width: 1024px) 100vw, 1024px\" \/><\/a><\/figure><\/li><li class=\"blocks-gallery-item\"><figure><a href=\"https:\/\/dioceseteixeiradefreitas.com.br\/wp-content\/uploads\/2021\/12\/IMG_6069.jpg\"><img loading=\"lazy\" decoding=\"async\" width=\"1024\" height=\"683\" src=\"https:\/\/dioceseteixeiradefreitas.com.br\/wp-content\/uploads\/2021\/12\/IMG_6069.jpg\" alt=\"\" data-id=\"15111\" data-full-url=\"https:\/\/dioceseteixeiradefreitas.com.br\/wp-content\/uploads\/2021\/12\/IMG_6069.jpg\" data-link=\"https:\/\/dioceseteixeiradefreitas.com.br\/?attachment_id=15111\" class=\"wp-image-15111\" srcset=\"https:\/\/dioceseteixeiradefreitas.com.br\/wp-content\/uploads\/2021\/12\/IMG_6069.jpg 1024w, https:\/\/dioceseteixeiradefreitas.com.br\/wp-content\/uploads\/2021\/12\/IMG_6069-300x200.jpg 300w, https:\/\/dioceseteixeiradefreitas.com.br\/wp-content\/uploads\/2021\/12\/IMG_6069-768x512.jpg 768w\" sizes=\"auto, (max-width: 1024px) 100vw, 1024px\" \/><\/a><\/figure><\/li><li class=\"blocks-gallery-item\"><figure><a href=\"https:\/\/dioceseteixeiradefreitas.com.br\/wp-content\/uploads\/2021\/12\/IMG_6076.jpg\"><img loading=\"lazy\" decoding=\"async\" width=\"1024\" height=\"683\" src=\"https:\/\/dioceseteixeiradefreitas.com.br\/wp-content\/uploads\/2021\/12\/IMG_6076.jpg\" alt=\"\" data-id=\"15112\" data-full-url=\"https:\/\/dioceseteixeiradefreitas.com.br\/wp-content\/uploads\/2021\/12\/IMG_6076.jpg\" data-link=\"https:\/\/dioceseteixeiradefreitas.com.br\/?attachment_id=15112\" class=\"wp-image-15112\" srcset=\"https:\/\/dioceseteixeiradefreitas.com.br\/wp-content\/uploads\/2021\/12\/IMG_6076.jpg 1024w, https:\/\/dioceseteixeiradefreitas.com.br\/wp-content\/uploads\/2021\/12\/IMG_6076-300x200.jpg 300w, https:\/\/dioceseteixeiradefreitas.com.br\/wp-content\/uploads\/2021\/12\/IMG_6076-768x512.jpg 768w\" sizes=\"auto, (max-width: 1024px) 100vw, 1024px\" \/><\/a><\/figure><\/li><li class=\"blocks-gallery-item\"><figure><a href=\"https:\/\/dioceseteixeiradefreitas.com.br\/wp-content\/uploads\/2021\/12\/IMG_6079.jpg\"><img loading=\"lazy\" decoding=\"async\" width=\"1024\" height=\"683\" src=\"https:\/\/dioceseteixeiradefreitas.com.br\/wp-content\/uploads\/2021\/12\/IMG_6079.jpg\" alt=\"\" data-id=\"15113\" data-full-url=\"https:\/\/dioceseteixeiradefreitas.com.br\/wp-content\/uploads\/2021\/12\/IMG_6079.jpg\" data-link=\"https:\/\/dioceseteixeiradefreitas.com.br\/?attachment_id=15113\" class=\"wp-image-15113\" srcset=\"https:\/\/dioceseteixeiradefreitas.com.br\/wp-content\/uploads\/2021\/12\/IMG_6079.jpg 1024w, https:\/\/dioceseteixeiradefreitas.com.br\/wp-content\/uploads\/2021\/12\/IMG_6079-300x200.jpg 300w, https:\/\/dioceseteixeiradefreitas.com.br\/wp-content\/uploads\/2021\/12\/IMG_6079-768x512.jpg 768w\" sizes=\"auto, (max-width: 1024px) 100vw, 1024px\" \/><\/a><\/figure><\/li><li class=\"blocks-gallery-item\"><figure><a href=\"https:\/\/dioceseteixeiradefreitas.com.br\/wp-content\/uploads\/2021\/12\/IMG_6082.jpg\"><img loading=\"lazy\" decoding=\"async\" width=\"1024\" height=\"683\" src=\"https:\/\/dioceseteixeiradefreitas.com.br\/wp-content\/uploads\/2021\/12\/IMG_6082.jpg\" alt=\"\" data-id=\"15114\" data-full-url=\"https:\/\/dioceseteixeiradefreitas.com.br\/wp-content\/uploads\/2021\/12\/IMG_6082.jpg\" data-link=\"https:\/\/dioceseteixeiradefreitas.com.br\/?attachment_id=15114\" class=\"wp-image-15114\" srcset=\"https:\/\/dioceseteixeiradefreitas.com.br\/wp-content\/uploads\/2021\/12\/IMG_6082.jpg 1024w, https:\/\/dioceseteixeiradefreitas.com.br\/wp-content\/uploads\/2021\/12\/IMG_6082-300x200.jpg 300w, https:\/\/dioceseteixeiradefreitas.com.br\/wp-content\/uploads\/2021\/12\/IMG_6082-768x512.jpg 768w\" sizes=\"auto, (max-width: 1024px) 100vw, 1024px\" \/><\/a><\/figure><\/li><li class=\"blocks-gallery-item\"><figure><a href=\"https:\/\/dioceseteixeiradefreitas.com.br\/wp-content\/uploads\/2021\/12\/IMG_6088.jpg\"><img loading=\"lazy\" decoding=\"async\" width=\"1024\" height=\"683\" src=\"https:\/\/dioceseteixeiradefreitas.com.br\/wp-content\/uploads\/2021\/12\/IMG_6088.jpg\" alt=\"\" data-id=\"15115\" data-full-url=\"https:\/\/dioceseteixeiradefreitas.com.br\/wp-content\/uploads\/2021\/12\/IMG_6088.jpg\" data-link=\"https:\/\/dioceseteixeiradefreitas.com.br\/?attachment_id=15115\" class=\"wp-image-15115\" srcset=\"https:\/\/dioceseteixeiradefreitas.com.br\/wp-content\/uploads\/2021\/12\/IMG_6088.jpg 1024w, https:\/\/dioceseteixeiradefreitas.com.br\/wp-content\/uploads\/2021\/12\/IMG_6088-300x200.jpg 300w, https:\/\/dioceseteixeiradefreitas.com.br\/wp-content\/uploads\/2021\/12\/IMG_6088-768x512.jpg 768w\" sizes=\"auto, (max-width: 1024px) 100vw, 1024px\" \/><\/a><\/figure><\/li><li class=\"blocks-gallery-item\"><figure><a href=\"https:\/\/dioceseteixeiradefreitas.com.br\/wp-content\/uploads\/2021\/12\/IMG_6089.jpg\"><img loading=\"lazy\" decoding=\"async\" width=\"1024\" height=\"683\" src=\"https:\/\/dioceseteixeiradefreitas.com.br\/wp-content\/uploads\/2021\/12\/IMG_6089.jpg\" alt=\"\" data-id=\"15116\" data-full-url=\"https:\/\/dioceseteixeiradefreitas.com.br\/wp-content\/uploads\/2021\/12\/IMG_6089.jpg\" data-link=\"https:\/\/dioceseteixeiradefreitas.com.br\/?attachment_id=15116\" class=\"wp-image-15116\" srcset=\"https:\/\/dioceseteixeiradefreitas.com.br\/wp-content\/uploads\/2021\/12\/IMG_6089.jpg 1024w, https:\/\/dioceseteixeiradefreitas.com.br\/wp-content\/uploads\/2021\/12\/IMG_6089-300x200.jpg 300w, https:\/\/dioceseteixeiradefreitas.com.br\/wp-content\/uploads\/2021\/12\/IMG_6089-768x512.jpg 768w\" sizes=\"auto, (max-width: 1024px) 100vw, 1024px\" \/><\/a><\/figure><\/li><li class=\"blocks-gallery-item\"><figure><a href=\"https:\/\/dioceseteixeiradefreitas.com.br\/wp-content\/uploads\/2021\/12\/IMG_6091.jpg\"><img loading=\"lazy\" decoding=\"async\" width=\"1024\" height=\"683\" src=\"https:\/\/dioceseteixeiradefreitas.com.br\/wp-content\/uploads\/2021\/12\/IMG_6091.jpg\" alt=\"\" data-id=\"15117\" data-full-url=\"https:\/\/dioceseteixeiradefreitas.com.br\/wp-content\/uploads\/2021\/12\/IMG_6091.jpg\" data-link=\"https:\/\/dioceseteixeiradefreitas.com.br\/?attachment_id=15117\" class=\"wp-image-15117\" srcset=\"https:\/\/dioceseteixeiradefreitas.com.br\/wp-content\/uploads\/2021\/12\/IMG_6091.jpg 1024w, https:\/\/dioceseteixeiradefreitas.com.br\/wp-content\/uploads\/2021\/12\/IMG_6091-300x200.jpg 300w, https:\/\/dioceseteixeiradefreitas.com.br\/wp-content\/uploads\/2021\/12\/IMG_6091-768x512.jpg 768w\" sizes=\"auto, (max-width: 1024px) 100vw, 1024px\" \/><\/a><\/figure><\/li><li class=\"blocks-gallery-item\"><figure><a href=\"https:\/\/dioceseteixeiradefreitas.com.br\/wp-content\/uploads\/2021\/12\/IMG_6097.jpg\"><img loading=\"lazy\" decoding=\"async\" width=\"1024\" height=\"683\" src=\"https:\/\/dioceseteixeiradefreitas.com.br\/wp-content\/uploads\/2021\/12\/IMG_6097.jpg\" alt=\"\" data-id=\"15118\" data-full-url=\"https:\/\/dioceseteixeiradefreitas.com.br\/wp-content\/uploads\/2021\/12\/IMG_6097.jpg\" data-link=\"https:\/\/dioceseteixeiradefreitas.com.br\/?attachment_id=15118\" class=\"wp-image-15118\" srcset=\"https:\/\/dioceseteixeiradefreitas.com.br\/wp-content\/uploads\/2021\/12\/IMG_6097.jpg 1024w, https:\/\/dioceseteixeiradefreitas.com.br\/wp-content\/uploads\/2021\/12\/IMG_6097-300x200.jpg 300w, https:\/\/dioceseteixeiradefreitas.com.br\/wp-content\/uploads\/2021\/12\/IMG_6097-768x512.jpg 768w\" sizes=\"auto, (max-width: 1024px) 100vw, 1024px\" \/><\/a><\/figure><\/li><li class=\"blocks-gallery-item\"><figure><a href=\"https:\/\/dioceseteixeiradefreitas.com.br\/wp-content\/uploads\/2021\/12\/IMG_6106.jpg\"><img loading=\"lazy\" decoding=\"async\" width=\"683\" height=\"1024\" src=\"https:\/\/dioceseteixeiradefreitas.com.br\/wp-content\/uploads\/2021\/12\/IMG_6106.jpg\" alt=\"\" data-id=\"15119\" data-full-url=\"https:\/\/dioceseteixeiradefreitas.com.br\/wp-content\/uploads\/2021\/12\/IMG_6106.jpg\" data-link=\"https:\/\/dioceseteixeiradefreitas.com.br\/?attachment_id=15119\" class=\"wp-image-15119\" srcset=\"https:\/\/dioceseteixeiradefreitas.com.br\/wp-content\/uploads\/2021\/12\/IMG_6106.jpg 683w, https:\/\/dioceseteixeiradefreitas.com.br\/wp-content\/uploads\/2021\/12\/IMG_6106-200x300.jpg 200w\" sizes=\"auto, (max-width: 683px) 100vw, 683px\" \/><\/a><\/figure><\/li><li class=\"blocks-gallery-item\"><figure><a href=\"https:\/\/dioceseteixeiradefreitas.com.br\/wp-content\/uploads\/2021\/12\/IMG_6107.jpg\"><img loading=\"lazy\" decoding=\"async\" width=\"1024\" height=\"683\" src=\"https:\/\/dioceseteixeiradefreitas.com.br\/wp-content\/uploads\/2021\/12\/IMG_6107.jpg\" alt=\"\" data-id=\"15120\" data-full-url=\"https:\/\/dioceseteixeiradefreitas.com.br\/wp-content\/uploads\/2021\/12\/IMG_6107.jpg\" data-link=\"https:\/\/dioceseteixeiradefreitas.com.br\/?attachment_id=15120\" class=\"wp-image-15120\" srcset=\"https:\/\/dioceseteixeiradefreitas.com.br\/wp-content\/uploads\/2021\/12\/IMG_6107.jpg 1024w, https:\/\/dioceseteixeiradefreitas.com.br\/wp-content\/uploads\/2021\/12\/IMG_6107-300x200.jpg 300w, https:\/\/dioceseteixeiradefreitas.com.br\/wp-content\/uploads\/2021\/12\/IMG_6107-768x512.jpg 768w\" sizes=\"auto, (max-width: 1024px) 100vw, 1024px\" \/><\/a><\/figure><\/li><li class=\"blocks-gallery-item\"><figure><a href=\"https:\/\/dioceseteixeiradefreitas.com.br\/wp-content\/uploads\/2021\/12\/IMG_6111.jpg\"><img loading=\"lazy\" decoding=\"async\" width=\"1024\" height=\"683\" src=\"https:\/\/dioceseteixeiradefreitas.com.br\/wp-content\/uploads\/2021\/12\/IMG_6111.jpg\" alt=\"\" data-id=\"15121\" data-full-url=\"https:\/\/dioceseteixeiradefreitas.com.br\/wp-content\/uploads\/2021\/12\/IMG_6111.jpg\" data-link=\"https:\/\/dioceseteixeiradefreitas.com.br\/?attachment_id=15121\" class=\"wp-image-15121\" srcset=\"https:\/\/dioceseteixeiradefreitas.com.br\/wp-content\/uploads\/2021\/12\/IMG_6111.jpg 1024w, https:\/\/dioceseteixeiradefreitas.com.br\/wp-content\/uploads\/2021\/12\/IMG_6111-300x200.jpg 300w, https:\/\/dioceseteixeiradefreitas.com.br\/wp-content\/uploads\/2021\/12\/IMG_6111-768x512.jpg 768w\" sizes=\"auto, (max-width: 1024px) 100vw, 1024px\" \/><\/a><\/figure><\/li><li class=\"blocks-gallery-item\"><figure><a href=\"https:\/\/dioceseteixeiradefreitas.com.br\/wp-content\/uploads\/2021\/12\/IMG_6122.jpg\"><img loading=\"lazy\" decoding=\"async\" width=\"1024\" height=\"683\" src=\"https:\/\/dioceseteixeiradefreitas.com.br\/wp-content\/uploads\/2021\/12\/IMG_6122.jpg\" alt=\"\" data-id=\"15122\" data-full-url=\"https:\/\/dioceseteixeiradefreitas.com.br\/wp-content\/uploads\/2021\/12\/IMG_6122.jpg\" data-link=\"https:\/\/dioceseteixeiradefreitas.com.br\/?attachment_id=15122\" class=\"wp-image-15122\" srcset=\"https:\/\/dioceseteixeiradefreitas.com.br\/wp-content\/uploads\/2021\/12\/IMG_6122.jpg 1024w, https:\/\/dioceseteixeiradefreitas.com.br\/wp-content\/uploads\/2021\/12\/IMG_6122-300x200.jpg 300w, https:\/\/dioceseteixeiradefreitas.com.br\/wp-content\/uploads\/2021\/12\/IMG_6122-768x512.jpg 768w\" sizes=\"auto, (max-width: 1024px) 100vw, 1024px\" \/><\/a><\/figure><\/li><li class=\"blocks-gallery-item\"><figure><a href=\"https:\/\/dioceseteixeiradefreitas.com.br\/wp-content\/uploads\/2021\/12\/IMG_6134-1.jpg\"><img loading=\"lazy\" decoding=\"async\" width=\"1024\" height=\"683\" src=\"https:\/\/dioceseteixeiradefreitas.com.br\/wp-content\/uploads\/2021\/12\/IMG_6134-1.jpg\" alt=\"\" data-id=\"15123\" data-full-url=\"https:\/\/dioceseteixeiradefreitas.com.br\/wp-content\/uploads\/2021\/12\/IMG_6134-1.jpg\" data-link=\"https:\/\/dioceseteixeiradefreitas.com.br\/?attachment_id=15123\" class=\"wp-image-15123\" srcset=\"https:\/\/dioceseteixeiradefreitas.com.br\/wp-content\/uploads\/2021\/12\/IMG_6134-1.jpg 1024w, https:\/\/dioceseteixeiradefreitas.com.br\/wp-content\/uploads\/2021\/12\/IMG_6134-1-300x200.jpg 300w, https:\/\/dioceseteixeiradefreitas.com.br\/wp-content\/uploads\/2021\/12\/IMG_6134-1-768x512.jpg 768w\" sizes=\"auto, (max-width: 1024px) 100vw, 1024px\" \/><\/a><\/figure><\/li><li class=\"blocks-gallery-item\"><figure><a href=\"https:\/\/dioceseteixeiradefreitas.com.br\/wp-content\/uploads\/2021\/12\/IMG_6138.jpg\"><img loading=\"lazy\" decoding=\"async\" width=\"1024\" height=\"683\" src=\"https:\/\/dioceseteixeiradefreitas.com.br\/wp-content\/uploads\/2021\/12\/IMG_6138.jpg\" alt=\"\" data-id=\"15124\" data-full-url=\"https:\/\/dioceseteixeiradefreitas.com.br\/wp-content\/uploads\/2021\/12\/IMG_6138.jpg\" data-link=\"https:\/\/dioceseteixeiradefreitas.com.br\/?attachment_id=15124\" class=\"wp-image-15124\" srcset=\"https:\/\/dioceseteixeiradefreitas.com.br\/wp-content\/uploads\/2021\/12\/IMG_6138.jpg 1024w, https:\/\/dioceseteixeiradefreitas.com.br\/wp-content\/uploads\/2021\/12\/IMG_6138-300x200.jpg 300w, https:\/\/dioceseteixeiradefreitas.com.br\/wp-content\/uploads\/2021\/12\/IMG_6138-768x512.jpg 768w\" sizes=\"auto, (max-width: 1024px) 100vw, 1024px\" \/><\/a><\/figure><\/li><\/ul><\/figure>\n","protected":false},"excerpt":{"rendered":"<p>Seminaristas Kayo Campeche, Manoel Neto, Mathaus Sampaio, S\u00e1vio Fiorot e Vitor Alves &#8211; Foto: PASCOM Diocesana\/Divulga\u00e7\u00e3o Neste domingo (19), dia em que a Igreja celebra o 4\u00ba Domingo do Advento &#8211; tempo em que estamos chegando aos umbrais do Natal, em uma Celebra\u00e7\u00e3o Eucar\u00edstica, oito seminaristas de nossa diocese deram mais um passo rumo ao &hellip;<\/p>\n","protected":false},"author":1,"featured_media":15042,"comment_status":"closed","ping_status":"closed","sticky":false,"template":"","format":"standard","meta":{"footnotes":""},"categories":[100],"tags":[384,889,977,997,160],"class_list":["post-15039","post","type-post","status-publish","format-standard","has-post-thumbnail","hentry","category-noticias-diocesanas","tag-acolitato","tag-diocese-de-teixeira-de-freitas","tag-instituicao-dos-ministerios-de-leitorado-e-acolitato","tag-leitorato","tag-seminaristas"],"_links":{"self":[{"href":"https:\/\/dioceseteixeiradefreitas.com.br\/index.php?rest_route=\/wp\/v2\/posts\/15039","targetHints":{"allow":["GET"]}}],"collection":[{"href":"https:\/\/dioceseteixeiradefreitas.com.br\/index.php?rest_route=\/wp\/v2\/posts"}],"about":[{"href":"https:\/\/dioceseteixeiradefreitas.com.br\/index.php?rest_route=\/wp\/v2\/types\/post"}],"author":[{"embeddable":true,"href":"https:\/\/dioceseteixeiradefreitas.com.br\/index.php?rest_route=\/wp\/v2\/users\/1"}],"replies":[{"embeddable":true,"href":"https:\/\/dioceseteixeiradefreitas.com.br\/index.php?rest_route=%2Fwp%2Fv2%2Fcomments&post=15039"}],"version-history":[{"count":2,"href":"https:\/\/dioceseteixeiradefreitas.com.br\/index.php?rest_route=\/wp\/v2\/posts\/15039\/revisions"}],"predecessor-version":[{"id":15125,"href":"https:\/\/dioceseteixeiradefreitas.com.br\/index.php?rest_route=\/wp\/v2\/posts\/15039\/revisions\/15125"}],"wp:featuredmedia":[{"embeddable":true,"href":"https:\/\/dioceseteixeiradefreitas.com.br\/index.php?rest_route=\/wp\/v2\/media\/15042"}],"wp:attachment":[{"href":"https:\/\/dioceseteixeiradefreitas.com.br\/index.php?rest_route=%2Fwp%2Fv2%2Fmedia&parent=15039"}],"wp:term":[{"taxonomy":"category","embeddable":true,"href":"https:\/\/dioceseteixeiradefreitas.com.br\/index.php?rest_route=%2Fwp%2Fv2%2Fcategories&post=15039"},{"taxonomy":"post_tag","embeddable":true,"href":"https:\/\/dioceseteixeiradefreitas.com.br\/index.php?rest_route=%2Fwp%2Fv2%2Ftags&post=15039"}],"curies":[{"name":"wp","href":"https:\/\/api.w.org\/{rel}","templated":true}]}}