{"id":15135,"date":"2021-12-24T13:17:10","date_gmt":"2021-12-24T16:17:10","guid":{"rendered":"https:\/\/dioceseteixeiradefreitas.com.br\/?p=15135"},"modified":"2021-12-24T14:37:31","modified_gmt":"2021-12-24T17:37:31","slug":"diocese-divulga-horarios-de-missas-nos-dias-24-e-25-de-dezembro","status":"publish","type":"post","link":"https:\/\/dioceseteixeiradefreitas.com.br\/?p=15135","title":{"rendered":"Diocese divulga hor\u00e1rios de Missas nos dias 24 e 25 de dezembro"},"content":{"rendered":"\n<figure class=\"wp-block-image size-full\"><a href=\"https:\/\/dioceseteixeiradefreitas.com.br\/wp-content\/uploads\/2021\/12\/cathopic_1514388559887707.jpg\"><img loading=\"lazy\" decoding=\"async\" width=\"1024\" height=\"768\" src=\"https:\/\/dioceseteixeiradefreitas.com.br\/wp-content\/uploads\/2021\/12\/cathopic_1514388559887707.jpg\" alt=\"\" class=\"wp-image-15136\" srcset=\"https:\/\/dioceseteixeiradefreitas.com.br\/wp-content\/uploads\/2021\/12\/cathopic_1514388559887707.jpg 1024w, https:\/\/dioceseteixeiradefreitas.com.br\/wp-content\/uploads\/2021\/12\/cathopic_1514388559887707-300x225.jpg 300w, https:\/\/dioceseteixeiradefreitas.com.br\/wp-content\/uploads\/2021\/12\/cathopic_1514388559887707-768x576.jpg 768w\" sizes=\"auto, (max-width: 1024px) 100vw, 1024px\" \/><\/a><\/figure>\n\n\n\n<p>No pr\u00f3ximo s\u00e1bado a Igreja Cat\u00f3lica Apost\u00f3lica Romana e crist\u00e3os do mundo todo v\u00e3o celebrar e viver o Natal, momento especial que marca o nascimento de Jesus Cristo, filho de Deus e salvador da humanidade. Neste sentido, as par\u00f3quias da Diocese de Teixeira de Freitas\/Caravelas est\u00e3o preparando programa\u00e7\u00f5es tanto para a Vig\u00edlia que acontece hoje (24), quanto para o pr\u00f3prio dia do Natal. <\/p>\n\n\n\n<p>Na Capela de Adora\u00e7\u00e3o da Par\u00f3quia S\u00e3o Pedro, o bispo diocesano Dom Jailton de Oliveira Lino, presidir\u00e1 a Missa da Vig\u00edlia do Natal, no dia 24, \u00e0s 20h. J\u00e1 a Missa do dia do Natal, 25 de dezembro, ser\u00e1 \u00e0s 18h.<\/p>\n\n\n\n<p>Confira os hor\u00e1rios e locais de Missas em nossas par\u00f3quias:<\/p>\n\n\n\n<h2 class=\"has-text-align-center has-vivid-cyan-blue-color has-text-color wp-block-heading\">FORANIA S\u00c3O PEDRO (TEIXEIRA DE FREITAS)<\/h2>\n\n\n\n<h2 class=\"wp-block-heading\"><strong>Catedral S\u00e3o Pedro<\/strong><\/h2>\n\n\n\n<p>24 de dezembro, \u00e0s 20h<\/p>\n\n\n\n<p>25 de dezembro, \u00e0s 08h e 18h<\/p>\n\n\n\n<h2 class=\"wp-block-heading\"><strong>Par\u00f3quia S\u00e3o Francisco de Assis<\/strong><\/h2>\n\n\n\n<p>24 de dezembro, \u00e0s 21h<\/p>\n\n\n\n<p>25 de dezembro, \u00e0s 07h e 18h<\/p>\n\n\n\n<h2 class=\"wp-block-heading\"><strong>Par\u00f3quia S\u00e3o Jos\u00e9 Oper\u00e1rio<\/strong><\/h2>\n\n\n\n<p>24 de dezembro, \u00e0s 20h<\/p>\n\n\n\n<p>25 de dezembro, 19h<\/p>\n\n\n\n<h2 class=\"wp-block-heading\"><strong>Par\u00f3quia S\u00e3o Sebasti\u00e3o<\/strong><\/h2>\n\n\n\n<p>24 de dezembro, \u00e0s 19h<\/p>\n\n\n\n<p>25 de dezembro, 19h<\/p>\n\n\n\n<h2 class=\"wp-block-heading\"><strong>Par\u00f3quia Santa Rita de C\u00e1ssia<\/strong><\/h2>\n\n\n\n<p>24 de dezembro, \u00e0s 20h<\/p>\n\n\n\n<p>25 de dezembro, 19h<\/p>\n\n\n\n<h2 class=\"wp-block-heading\"><strong>Par\u00f3quia Santo Ant\u00f4nio (Bela Vista)<\/strong><\/h2>\n\n\n\n<p>24 de dezembro, \u00e0s 20h<\/p>\n\n\n\n<p>25 de dezembro, 19h<\/p>\n\n\n\n<h2 class=\"wp-block-heading\"><strong>Par\u00f3quia S\u00e3o Paulo Ap\u00f3stolo<\/strong><\/h2>\n\n\n\n<p>24 de dezembro, \u00e0s 19h30<\/p>\n\n\n\n<p>25 de dezembro, 08 e 19h<\/p>\n\n\n\n<h2 class=\"wp-block-heading\"><strong>Par\u00f3quia Nossa Senhora das Gra\u00e7as<\/strong><\/h2>\n\n\n\n<p>24 de dezembro, \u00e0s 20h<\/p>\n\n\n\n<p>25 de dezembro, 19h<\/p>\n\n\n\n<h2 class=\"wp-block-heading\"><strong>Par\u00f3quia Santo Ant\u00f4nio &#8211; Distrito<\/strong><\/h2>\n\n\n\n<p>24 de dezembro, \u00e0s 19h<\/p>\n\n\n\n<p>25 de dezembro, 19h<\/p>\n\n\n\n<h2 class=\"wp-block-heading\"><strong>Par\u00f3quia S\u00e3o Miguel Arcanjo<\/strong><\/h2>\n\n\n\n<p>24 de dezembro, \u00e0s 19h30<\/p>\n\n\n\n<p>25 de dezembro, 19h30<\/p>\n\n\n\n<h2 class=\"wp-block-heading\"><strong>Par\u00f3quia S\u00e3o Jo\u00e3o Batista<\/strong><\/h2>\n\n\n\n<p>24 de dezembro, \u00e0s 20h<\/p>\n\n\n\n<p>25 de dezembro, 20h<\/p>\n\n\n\n<h2 class=\"has-text-align-center has-vivid-cyan-blue-color has-text-color wp-block-heading\"> FORANIA SANTO ANT\u00d4NIO<\/h2>\n\n\n\n<h2 class=\"wp-block-heading\"><strong>Co-Catedral Santo Ant\u00f4nio<\/strong><\/h2>\n\n\n\n<p>24 de dezembro, \u00e0s 21h<\/p>\n\n\n\n<p>25 de dezembro, 20h<\/p>\n\n\n\n<h2 class=\"wp-block-heading\"><strong>Par\u00f3quia Nossa Senhora de F\u00e1tima &#8211; Itamaraju<\/strong><\/h2>\n\n\n\n<p>24 de dezembro, \u00e0s 19h30<\/p>\n\n\n\n<p>25 de dezembro, 19h<\/p>\n\n\n\n<h2 class=\"wp-block-heading\"><strong>\u00c1rea Pastoral Cristo Rei &#8211; Itamaraju<\/strong><\/h2>\n\n\n\n<p>24 de dezembro, \u00e0s 20h<\/p>\n\n\n\n<p>25 de dezembro, 19h<\/p>\n\n\n\n<h2 class=\"wp-block-heading\"><strong>Par\u00f3quia S\u00e3o Cosme e Dami\u00e3o &#8211; Itamaraju<\/strong><\/h2>\n\n\n\n<p>24 de dezembro, \u00e0s 20h<\/p>\n\n\n\n<p>25 de dezembro, 19h<\/p>\n\n\n\n<h2 class=\"wp-block-heading\"><strong>Par\u00f3quia Nossa Senhora da Purifica\u00e7\u00e3o &#8211; Prado<\/strong><\/h2>\n\n\n\n<p>24 de dezembro, \u00e0s 19h<\/p>\n\n\n\n<p>25 de dezembro, 07h<\/p>\n\n\n\n<h2 class=\"has-text-align-center has-vivid-cyan-blue-color has-text-color wp-block-heading\">  FORANIA IMACULADA CONCEI\u00c7\u00c3O <\/h2>\n\n\n\n<h2 class=\"wp-block-heading\"><strong>Par\u00f3quia Nossa Senhora da Concei\u00e7\u00e3o &#8211; Medeiros Neto<\/strong><\/h2>\n\n\n\n<p>24 de dezembro, \u00e0s 20h<\/p>\n\n\n\n<p>25 de dezembro, 19h<\/p>\n\n\n\n<h2 class=\"wp-block-heading\"><strong>Par\u00f3quia Nossa Senhora D&#8217;Ajuda &#8211; Itanh\u00e9m<\/strong><\/h2>\n\n\n\n<p>24 de dezembro, \u00e0s 20h<\/p>\n\n\n\n<p>25 de dezembro, 19h<\/p>\n\n\n\n<h2 class=\"has-text-align-center has-vivid-cyan-blue-color has-text-color wp-block-heading\">  FORANIA S\u00c3O JOS\u00c9<\/h2>\n\n\n\n<h2 class=\"wp-block-heading\"><strong>Par\u00f3quia S\u00e3o Jos\u00e9 &#8211; Mucuri<\/strong><\/h2>\n\n\n\n<p>24 de dezembro, \u00e0s 20h<\/p>\n\n\n\n<p>25 de dezembro, 19h<\/p>\n\n\n\n<h2 class=\"wp-block-heading\"><strong>Par\u00f3quia S\u00e3o Jos\u00e9 Oper\u00e1rio &#8211; Itabat\u00e3<\/strong><\/h2>\n\n\n\n<p>24 de dezembro, \u00e0s 19h<\/p>\n\n\n\n<p>25 de dezembro, 19h<\/p>\n\n\n\n<h2 class=\"wp-block-heading\"><strong>Par\u00f3quia Santa Luzia &#8211; Itabat\u00e3<\/strong><\/h2>\n\n\n\n<p>24 de dezembro, \u00e0s 20h<\/p>\n\n\n\n<p>25 de dezembro, 19h30<\/p>\n\n\n\n<h2 class=\"wp-block-heading\"><strong>Par\u00f3quia Nossa Senhora da Concei\u00e7\u00e3o &#8211; Nova Vi\u00e7osa<\/strong><\/h2>\n\n\n\n<p>24 de dezembro, \u00e0s 21h<\/p>\n\n\n\n<p>25 de dezembro, 19h<\/p>\n\n\n\n<h2 class=\"wp-block-heading\"><strong>Par\u00f3quia S\u00e3o Benedito &#8211; Posto da Mata<\/strong><\/h2>\n\n\n\n<p>24 de dezembro, \u00e0s 20h<\/p>\n\n\n\n<p>25 de dezembro, 20h<\/p>\n\n\n\n<figure class=\"wp-block-image size-large\"><a href=\"https:\/\/dioceseteixeiradefreitas.com.br\/wp-content\/uploads\/2021\/12\/WhatsApp-Image-2021-12-24-at-11.05.39.jpeg\"><img loading=\"lazy\" decoding=\"async\" width=\"1024\" height=\"682\" src=\"https:\/\/dioceseteixeiradefreitas.com.br\/wp-content\/uploads\/2021\/12\/WhatsApp-Image-2021-12-24-at-11.05.39-1024x682.jpeg\" alt=\"\" class=\"wp-image-15139\" srcset=\"https:\/\/dioceseteixeiradefreitas.com.br\/wp-content\/uploads\/2021\/12\/WhatsApp-Image-2021-12-24-at-11.05.39-1024x682.jpeg 1024w, https:\/\/dioceseteixeiradefreitas.com.br\/wp-content\/uploads\/2021\/12\/WhatsApp-Image-2021-12-24-at-11.05.39-300x200.jpeg 300w, https:\/\/dioceseteixeiradefreitas.com.br\/wp-content\/uploads\/2021\/12\/WhatsApp-Image-2021-12-24-at-11.05.39-768x512.jpeg 768w, https:\/\/dioceseteixeiradefreitas.com.br\/wp-content\/uploads\/2021\/12\/WhatsApp-Image-2021-12-24-at-11.05.39.jpeg 1280w\" sizes=\"auto, (max-width: 1024px) 100vw, 1024px\" \/><\/a><\/figure>\n","protected":false},"excerpt":{"rendered":"<p>No pr\u00f3ximo s\u00e1bado a Igreja Cat\u00f3lica Apost\u00f3lica Romana e crist\u00e3os do mundo todo v\u00e3o celebrar e viver o Natal, momento especial que marca o nascimento de Jesus Cristo, filho de Deus e salvador da humanidade. Neste sentido, as par\u00f3quias da Diocese de Teixeira de Freitas\/Caravelas est\u00e3o preparando programa\u00e7\u00f5es tanto para a Vig\u00edlia que acontece hoje &hellip;<\/p>\n","protected":false},"author":1,"featured_media":15136,"comment_status":"closed","ping_status":"closed","sticky":false,"template":"","format":"standard","meta":{"footnotes":""},"categories":[100],"tags":[486,722,998],"class_list":["post-15135","post","type-post","status-publish","format-standard","has-post-thumbnail","hentry","category-noticias-diocesanas","tag-horarios-de-missas","tag-natal","tag-vigilia-do-natal"],"_links":{"self":[{"href":"https:\/\/dioceseteixeiradefreitas.com.br\/index.php?rest_route=\/wp\/v2\/posts\/15135","targetHints":{"allow":["GET"]}}],"collection":[{"href":"https:\/\/dioceseteixeiradefreitas.com.br\/index.php?rest_route=\/wp\/v2\/posts"}],"about":[{"href":"https:\/\/dioceseteixeiradefreitas.com.br\/index.php?rest_route=\/wp\/v2\/types\/post"}],"author":[{"embeddable":true,"href":"https:\/\/dioceseteixeiradefreitas.com.br\/index.php?rest_route=\/wp\/v2\/users\/1"}],"replies":[{"embeddable":true,"href":"https:\/\/dioceseteixeiradefreitas.com.br\/index.php?rest_route=%2Fwp%2Fv2%2Fcomments&post=15135"}],"version-history":[{"count":3,"href":"https:\/\/dioceseteixeiradefreitas.com.br\/index.php?rest_route=\/wp\/v2\/posts\/15135\/revisions"}],"predecessor-version":[{"id":15144,"href":"https:\/\/dioceseteixeiradefreitas.com.br\/index.php?rest_route=\/wp\/v2\/posts\/15135\/revisions\/15144"}],"wp:featuredmedia":[{"embeddable":true,"href":"https:\/\/dioceseteixeiradefreitas.com.br\/index.php?rest_route=\/wp\/v2\/media\/15136"}],"wp:attachment":[{"href":"https:\/\/dioceseteixeiradefreitas.com.br\/index.php?rest_route=%2Fwp%2Fv2%2Fmedia&parent=15135"}],"wp:term":[{"taxonomy":"category","embeddable":true,"href":"https:\/\/dioceseteixeiradefreitas.com.br\/index.php?rest_route=%2Fwp%2Fv2%2Fcategories&post=15135"},{"taxonomy":"post_tag","embeddable":true,"href":"https:\/\/dioceseteixeiradefreitas.com.br\/index.php?rest_route=%2Fwp%2Fv2%2Ftags&post=15135"}],"curies":[{"name":"wp","href":"https:\/\/api.w.org\/{rel}","templated":true}]}}