{"id":15204,"date":"2021-12-27T21:42:45","date_gmt":"2021-12-28T00:42:45","guid":{"rendered":"https:\/\/dioceseteixeiradefreitas.com.br\/?p=15204"},"modified":"2022-08-21T20:10:58","modified_gmt":"2022-08-21T23:10:58","slug":"criacao-da-paroquia-santa-luzia-e-posse-do-pe-homero","status":"publish","type":"post","link":"https:\/\/dioceseteixeiradefreitas.com.br\/?p=15204","title":{"rendered":"Cria\u00e7\u00e3o da Par\u00f3quia Santa Luzia e posse do Pe. Homero"},"content":{"rendered":"\n<figure class=\"wp-block-image size-large is-resized\"><a href=\"https:\/\/dioceseteixeiradefreitas.com.br\/wp-content\/uploads\/2021\/12\/WhatsApp-Image-2021-12-26-at-21.01.29-3.jpeg\"><img loading=\"lazy\" decoding=\"async\" src=\"https:\/\/dioceseteixeiradefreitas.com.br\/wp-content\/uploads\/2021\/12\/WhatsApp-Image-2021-12-26-at-21.01.29-3-959x1024.jpeg\" alt=\"\" class=\"wp-image-15205\" width=\"840\" height=\"896\" srcset=\"https:\/\/dioceseteixeiradefreitas.com.br\/wp-content\/uploads\/2021\/12\/WhatsApp-Image-2021-12-26-at-21.01.29-3-959x1024.jpeg 959w, https:\/\/dioceseteixeiradefreitas.com.br\/wp-content\/uploads\/2021\/12\/WhatsApp-Image-2021-12-26-at-21.01.29-3-281x300.jpeg 281w, https:\/\/dioceseteixeiradefreitas.com.br\/wp-content\/uploads\/2021\/12\/WhatsApp-Image-2021-12-26-at-21.01.29-3-768x820.jpeg 768w, https:\/\/dioceseteixeiradefreitas.com.br\/wp-content\/uploads\/2021\/12\/WhatsApp-Image-2021-12-26-at-21.01.29-3.jpeg 1199w\" sizes=\"auto, (max-width: 840px) 100vw, 840px\" \/><\/a><figcaption>Pe. Homero sendo empossado como Administrador Paroquial da Par\u00f3quia Santa Luzia &#8211; Foto: PASCOM\/Divulga\u00e7\u00e3o<\/figcaption><\/figure>\n\n\n\n<p>Na segunda-feira (13), Festa de Santa Luzia, aconteceu a Celebra\u00e7\u00e3o Eucar\u00edstica de eleva\u00e7\u00e3o da Quase-Par\u00f3quia para Par\u00f3quia Santa Luzia e posse do seu 1\u00ba Administrador Paroquial, Pe. Homero Rebou\u00e7as no distrito de Itabat\u00e3 &#8211; Mucuri. Dela participaram o Bispo Dom Jailton de Oliveira Lino, que presidiu a solenidade, contando ainda com Pe. Paulo Santos Sales &#8211; Vig\u00e1rio Geral da Diocese, Pe. Aldomiro &#8211; Vig\u00e1rio da Forania S\u00e3o Jos\u00e9, al\u00e9m dos padres Valdir da Par\u00f3quia S\u00e3o Jos\u00e9 em Mucuri, Uilton, Isael, Ronaldo, Edivaldo, Paulo S\u00e9rgio, Ariston, e do Pe. Roberto, Reitor do Semin\u00e1rio Proped\u00eautico e Chanceler do Bispado. Fi\u00e9is e religiosas tamb\u00e9m marcaram presen\u00e7a.<\/p>\n\n\n\n<p>Dom Jailton iniciou a homilia agradecendo aos padres que por l\u00e1 passaram durante anos. &#8220;Quero agradecer aos padres diocesanos que aqui passaram, os franciscanos, em especial do Frei Ronaldo. Agrade\u00e7o aos padres Edivaldo, Ronaldo e por \u00faltimo o Pe. Paulinho que conduziu o povo de Deus neste lugar, preparando para que essa comunidade se tornasse hoje uma par\u00f3quia. Ap\u00f3s v\u00e1rios momentos de reuni\u00f5es, encontros, ora\u00e7\u00e3o, agrade\u00e7o o Pe. Paulinho. Agora o Pe. Homero que est\u00e1 chegando com bastante vontade, e todos voc\u00eas n\u00f3s confiamos esta nossa par\u00f3quia na certeza que vai crescer muito mais a evangeliza\u00e7\u00e3o nesta regi\u00e3o. E de que, unidos, poder\u00e3o fazer com a Igreja seja essa casa de portas abertas que acolhe a todos, que a gra\u00e7a de Deus possa chegar em todos os lugares em cora\u00e7\u00f5es&#8221; disse.<\/p>\n\n\n\n<p>Ao final da celebra\u00e7\u00e3o, o novo administrador paroquial, Pe. Homero agradeceu ao bispo, aos irm\u00e3os do presbit\u00e9rio que ali passaram. As pastorais e movimentos pelo empenho e zelo com as comunidades, aos fi\u00e9is que participaram ativamente do Trezen\u00e1rio de Santa Luzia.<\/p>\n\n\n\n<p>Por PASCOM DIOCESANA<\/p>\n\n\n\n<p>Fotos: PASCOM Par\u00f3quia S\u00e3o Jos\u00e9 Oper\u00e1rio<\/p>\n\n\n\n<figure class=\"wp-block-gallery has-nested-images columns-default is-cropped wp-block-gallery-1 is-layout-flex wp-block-gallery-is-layout-flex\">\n<figure class=\"wp-block-image size-large\"><a href=\"https:\/\/dioceseteixeiradefreitas.com.br\/wp-content\/uploads\/2021\/12\/WhatsApp-Image-2021-12-26-at-21.01.23.jpeg\"><img loading=\"lazy\" decoding=\"async\" width=\"1024\" height=\"1024\" data-id=\"15207\" src=\"https:\/\/dioceseteixeiradefreitas.com.br\/wp-content\/uploads\/2021\/12\/WhatsApp-Image-2021-12-26-at-21.01.23-1024x1024.jpeg\" alt=\"\" class=\"wp-image-15207\" srcset=\"https:\/\/dioceseteixeiradefreitas.com.br\/wp-content\/uploads\/2021\/12\/WhatsApp-Image-2021-12-26-at-21.01.23-1024x1024.jpeg 1024w, https:\/\/dioceseteixeiradefreitas.com.br\/wp-content\/uploads\/2021\/12\/WhatsApp-Image-2021-12-26-at-21.01.23-300x300.jpeg 300w, https:\/\/dioceseteixeiradefreitas.com.br\/wp-content\/uploads\/2021\/12\/WhatsApp-Image-2021-12-26-at-21.01.23-150x150.jpeg 150w, https:\/\/dioceseteixeiradefreitas.com.br\/wp-content\/uploads\/2021\/12\/WhatsApp-Image-2021-12-26-at-21.01.23-768x767.jpeg 768w, https:\/\/dioceseteixeiradefreitas.com.br\/wp-content\/uploads\/2021\/12\/WhatsApp-Image-2021-12-26-at-21.01.23.jpeg 1280w\" sizes=\"auto, (max-width: 1024px) 100vw, 1024px\" \/><\/a><\/figure>\n\n\n\n<figure class=\"wp-block-image size-large\"><a href=\"https:\/\/dioceseteixeiradefreitas.com.br\/wp-content\/uploads\/2021\/12\/WhatsApp-Image-2021-12-26-at-21.01.24-1.jpeg\"><img loading=\"lazy\" decoding=\"async\" width=\"760\" height=\"1024\" data-id=\"15208\" src=\"https:\/\/dioceseteixeiradefreitas.com.br\/wp-content\/uploads\/2021\/12\/WhatsApp-Image-2021-12-26-at-21.01.24-1-760x1024.jpeg\" alt=\"\" class=\"wp-image-15208\" srcset=\"https:\/\/dioceseteixeiradefreitas.com.br\/wp-content\/uploads\/2021\/12\/WhatsApp-Image-2021-12-26-at-21.01.24-1-760x1024.jpeg 760w, https:\/\/dioceseteixeiradefreitas.com.br\/wp-content\/uploads\/2021\/12\/WhatsApp-Image-2021-12-26-at-21.01.24-1-223x300.jpeg 223w, https:\/\/dioceseteixeiradefreitas.com.br\/wp-content\/uploads\/2021\/12\/WhatsApp-Image-2021-12-26-at-21.01.24-1-768x1035.jpeg 768w, https:\/\/dioceseteixeiradefreitas.com.br\/wp-content\/uploads\/2021\/12\/WhatsApp-Image-2021-12-26-at-21.01.24-1.jpeg 950w\" sizes=\"auto, (max-width: 760px) 100vw, 760px\" \/><\/a><\/figure>\n\n\n\n<figure class=\"wp-block-image size-large\"><a href=\"https:\/\/dioceseteixeiradefreitas.com.br\/wp-content\/uploads\/2021\/12\/WhatsApp-Image-2021-12-26-at-21.01.24.jpeg\"><img loading=\"lazy\" decoding=\"async\" width=\"1024\" height=\"1024\" data-id=\"15209\" src=\"https:\/\/dioceseteixeiradefreitas.com.br\/wp-content\/uploads\/2021\/12\/WhatsApp-Image-2021-12-26-at-21.01.24-1024x1024.jpeg\" alt=\"\" class=\"wp-image-15209\" srcset=\"https:\/\/dioceseteixeiradefreitas.com.br\/wp-content\/uploads\/2021\/12\/WhatsApp-Image-2021-12-26-at-21.01.24-1024x1024.jpeg 1024w, https:\/\/dioceseteixeiradefreitas.com.br\/wp-content\/uploads\/2021\/12\/WhatsApp-Image-2021-12-26-at-21.01.24-300x300.jpeg 300w, https:\/\/dioceseteixeiradefreitas.com.br\/wp-content\/uploads\/2021\/12\/WhatsApp-Image-2021-12-26-at-21.01.24-150x150.jpeg 150w, https:\/\/dioceseteixeiradefreitas.com.br\/wp-content\/uploads\/2021\/12\/WhatsApp-Image-2021-12-26-at-21.01.24-768x768.jpeg 768w, https:\/\/dioceseteixeiradefreitas.com.br\/wp-content\/uploads\/2021\/12\/WhatsApp-Image-2021-12-26-at-21.01.24.jpeg 1280w\" sizes=\"auto, (max-width: 1024px) 100vw, 1024px\" \/><\/a><\/figure>\n\n\n\n<figure class=\"wp-block-image size-large\"><a href=\"https:\/\/dioceseteixeiradefreitas.com.br\/wp-content\/uploads\/2021\/12\/WhatsApp-Image-2021-12-26-at-21.01.26-1.jpeg\"><img loading=\"lazy\" decoding=\"async\" width=\"788\" height=\"1024\" data-id=\"15210\" src=\"https:\/\/dioceseteixeiradefreitas.com.br\/wp-content\/uploads\/2021\/12\/WhatsApp-Image-2021-12-26-at-21.01.26-1-788x1024.jpeg\" alt=\"\" class=\"wp-image-15210\" srcset=\"https:\/\/dioceseteixeiradefreitas.com.br\/wp-content\/uploads\/2021\/12\/WhatsApp-Image-2021-12-26-at-21.01.26-1-788x1024.jpeg 788w, https:\/\/dioceseteixeiradefreitas.com.br\/wp-content\/uploads\/2021\/12\/WhatsApp-Image-2021-12-26-at-21.01.26-1-231x300.jpeg 231w, https:\/\/dioceseteixeiradefreitas.com.br\/wp-content\/uploads\/2021\/12\/WhatsApp-Image-2021-12-26-at-21.01.26-1-768x998.jpeg 768w, https:\/\/dioceseteixeiradefreitas.com.br\/wp-content\/uploads\/2021\/12\/WhatsApp-Image-2021-12-26-at-21.01.26-1.jpeg 985w\" sizes=\"auto, (max-width: 788px) 100vw, 788px\" \/><\/a><\/figure>\n\n\n\n<figure class=\"wp-block-image size-large\"><a href=\"https:\/\/dioceseteixeiradefreitas.com.br\/wp-content\/uploads\/2021\/12\/WhatsApp-Image-2021-12-26-at-21.01.26.jpeg\"><img loading=\"lazy\" decoding=\"async\" width=\"877\" height=\"1024\" data-id=\"15211\" src=\"https:\/\/dioceseteixeiradefreitas.com.br\/wp-content\/uploads\/2021\/12\/WhatsApp-Image-2021-12-26-at-21.01.26-877x1024.jpeg\" alt=\"\" class=\"wp-image-15211\" srcset=\"https:\/\/dioceseteixeiradefreitas.com.br\/wp-content\/uploads\/2021\/12\/WhatsApp-Image-2021-12-26-at-21.01.26-877x1024.jpeg 877w, https:\/\/dioceseteixeiradefreitas.com.br\/wp-content\/uploads\/2021\/12\/WhatsApp-Image-2021-12-26-at-21.01.26-257x300.jpeg 257w, https:\/\/dioceseteixeiradefreitas.com.br\/wp-content\/uploads\/2021\/12\/WhatsApp-Image-2021-12-26-at-21.01.26-768x897.jpeg 768w, https:\/\/dioceseteixeiradefreitas.com.br\/wp-content\/uploads\/2021\/12\/WhatsApp-Image-2021-12-26-at-21.01.26.jpeg 1096w\" sizes=\"auto, (max-width: 877px) 100vw, 877px\" \/><\/a><\/figure>\n\n\n\n<figure class=\"wp-block-image size-large\"><a href=\"https:\/\/dioceseteixeiradefreitas.com.br\/wp-content\/uploads\/2021\/12\/WhatsApp-Image-2021-12-26-at-21.01.28-1.jpeg\"><img loading=\"lazy\" decoding=\"async\" width=\"886\" height=\"1024\" data-id=\"15212\" src=\"https:\/\/dioceseteixeiradefreitas.com.br\/wp-content\/uploads\/2021\/12\/WhatsApp-Image-2021-12-26-at-21.01.28-1-886x1024.jpeg\" alt=\"\" class=\"wp-image-15212\" srcset=\"https:\/\/dioceseteixeiradefreitas.com.br\/wp-content\/uploads\/2021\/12\/WhatsApp-Image-2021-12-26-at-21.01.28-1-886x1024.jpeg 886w, https:\/\/dioceseteixeiradefreitas.com.br\/wp-content\/uploads\/2021\/12\/WhatsApp-Image-2021-12-26-at-21.01.28-1-260x300.jpeg 260w, https:\/\/dioceseteixeiradefreitas.com.br\/wp-content\/uploads\/2021\/12\/WhatsApp-Image-2021-12-26-at-21.01.28-1-768x887.jpeg 768w, https:\/\/dioceseteixeiradefreitas.com.br\/wp-content\/uploads\/2021\/12\/WhatsApp-Image-2021-12-26-at-21.01.28-1.jpeg 1108w\" sizes=\"auto, (max-width: 886px) 100vw, 886px\" \/><\/a><\/figure>\n\n\n\n<figure class=\"wp-block-image size-large\"><a href=\"https:\/\/dioceseteixeiradefreitas.com.br\/wp-content\/uploads\/2021\/12\/WhatsApp-Image-2021-12-26-at-21.01.28-2.jpeg\"><img loading=\"lazy\" decoding=\"async\" width=\"733\" height=\"1024\" data-id=\"15213\" src=\"https:\/\/dioceseteixeiradefreitas.com.br\/wp-content\/uploads\/2021\/12\/WhatsApp-Image-2021-12-26-at-21.01.28-2-733x1024.jpeg\" alt=\"\" class=\"wp-image-15213\" srcset=\"https:\/\/dioceseteixeiradefreitas.com.br\/wp-content\/uploads\/2021\/12\/WhatsApp-Image-2021-12-26-at-21.01.28-2-733x1024.jpeg 733w, https:\/\/dioceseteixeiradefreitas.com.br\/wp-content\/uploads\/2021\/12\/WhatsApp-Image-2021-12-26-at-21.01.28-2-215x300.jpeg 215w, https:\/\/dioceseteixeiradefreitas.com.br\/wp-content\/uploads\/2021\/12\/WhatsApp-Image-2021-12-26-at-21.01.28-2-768x1073.jpeg 768w, https:\/\/dioceseteixeiradefreitas.com.br\/wp-content\/uploads\/2021\/12\/WhatsApp-Image-2021-12-26-at-21.01.28-2.jpeg 916w\" sizes=\"auto, (max-width: 733px) 100vw, 733px\" \/><\/a><\/figure>\n\n\n\n<figure class=\"wp-block-image size-large\"><a href=\"https:\/\/dioceseteixeiradefreitas.com.br\/wp-content\/uploads\/2021\/12\/WhatsApp-Image-2021-12-26-at-21.01.28.jpeg\"><img loading=\"lazy\" decoding=\"async\" width=\"1024\" height=\"984\" data-id=\"15214\" src=\"https:\/\/dioceseteixeiradefreitas.com.br\/wp-content\/uploads\/2021\/12\/WhatsApp-Image-2021-12-26-at-21.01.28-1024x984.jpeg\" alt=\"\" class=\"wp-image-15214\" srcset=\"https:\/\/dioceseteixeiradefreitas.com.br\/wp-content\/uploads\/2021\/12\/WhatsApp-Image-2021-12-26-at-21.01.28-1024x984.jpeg 1024w, https:\/\/dioceseteixeiradefreitas.com.br\/wp-content\/uploads\/2021\/12\/WhatsApp-Image-2021-12-26-at-21.01.28-300x288.jpeg 300w, https:\/\/dioceseteixeiradefreitas.com.br\/wp-content\/uploads\/2021\/12\/WhatsApp-Image-2021-12-26-at-21.01.28-768x738.jpeg 768w, https:\/\/dioceseteixeiradefreitas.com.br\/wp-content\/uploads\/2021\/12\/WhatsApp-Image-2021-12-26-at-21.01.28.jpeg 1280w\" sizes=\"auto, (max-width: 1024px) 100vw, 1024px\" \/><\/a><\/figure>\n\n\n\n<figure class=\"wp-block-image size-large\"><a href=\"https:\/\/dioceseteixeiradefreitas.com.br\/wp-content\/uploads\/2021\/12\/WhatsApp-Image-2021-12-26-at-21.01.29-1.jpeg\"><img loading=\"lazy\" decoding=\"async\" width=\"768\" height=\"1024\" data-id=\"15215\" src=\"https:\/\/dioceseteixeiradefreitas.com.br\/wp-content\/uploads\/2021\/12\/WhatsApp-Image-2021-12-26-at-21.01.29-1-768x1024.jpeg\" alt=\"\" class=\"wp-image-15215\" srcset=\"https:\/\/dioceseteixeiradefreitas.com.br\/wp-content\/uploads\/2021\/12\/WhatsApp-Image-2021-12-26-at-21.01.29-1-768x1024.jpeg 768w, https:\/\/dioceseteixeiradefreitas.com.br\/wp-content\/uploads\/2021\/12\/WhatsApp-Image-2021-12-26-at-21.01.29-1-225x300.jpeg 225w, https:\/\/dioceseteixeiradefreitas.com.br\/wp-content\/uploads\/2021\/12\/WhatsApp-Image-2021-12-26-at-21.01.29-1.jpeg 960w\" sizes=\"auto, (max-width: 768px) 100vw, 768px\" \/><\/a><\/figure>\n\n\n\n<figure class=\"wp-block-image size-large\"><a href=\"https:\/\/dioceseteixeiradefreitas.com.br\/wp-content\/uploads\/2021\/12\/WhatsApp-Image-2021-12-26-at-21.01.29-2.jpeg\"><img loading=\"lazy\" decoding=\"async\" width=\"1010\" height=\"1024\" data-id=\"15216\" src=\"https:\/\/dioceseteixeiradefreitas.com.br\/wp-content\/uploads\/2021\/12\/WhatsApp-Image-2021-12-26-at-21.01.29-2-1010x1024.jpeg\" alt=\"\" class=\"wp-image-15216\" srcset=\"https:\/\/dioceseteixeiradefreitas.com.br\/wp-content\/uploads\/2021\/12\/WhatsApp-Image-2021-12-26-at-21.01.29-2-1010x1024.jpeg 1010w, https:\/\/dioceseteixeiradefreitas.com.br\/wp-content\/uploads\/2021\/12\/WhatsApp-Image-2021-12-26-at-21.01.29-2-296x300.jpeg 296w, https:\/\/dioceseteixeiradefreitas.com.br\/wp-content\/uploads\/2021\/12\/WhatsApp-Image-2021-12-26-at-21.01.29-2-768x778.jpeg 768w, https:\/\/dioceseteixeiradefreitas.com.br\/wp-content\/uploads\/2021\/12\/WhatsApp-Image-2021-12-26-at-21.01.29-2.jpeg 1263w\" sizes=\"auto, (max-width: 1010px) 100vw, 1010px\" \/><\/a><\/figure>\n\n\n\n<figure class=\"wp-block-image size-large\"><a href=\"https:\/\/dioceseteixeiradefreitas.com.br\/wp-content\/uploads\/2021\/12\/WhatsApp-Image-2021-12-26-at-21.01.29-3-1.jpeg\"><img loading=\"lazy\" decoding=\"async\" width=\"959\" height=\"1024\" data-id=\"15217\" src=\"https:\/\/dioceseteixeiradefreitas.com.br\/wp-content\/uploads\/2021\/12\/WhatsApp-Image-2021-12-26-at-21.01.29-3-1-959x1024.jpeg\" alt=\"\" class=\"wp-image-15217\" srcset=\"https:\/\/dioceseteixeiradefreitas.com.br\/wp-content\/uploads\/2021\/12\/WhatsApp-Image-2021-12-26-at-21.01.29-3-1-959x1024.jpeg 959w, https:\/\/dioceseteixeiradefreitas.com.br\/wp-content\/uploads\/2021\/12\/WhatsApp-Image-2021-12-26-at-21.01.29-3-1-281x300.jpeg 281w, https:\/\/dioceseteixeiradefreitas.com.br\/wp-content\/uploads\/2021\/12\/WhatsApp-Image-2021-12-26-at-21.01.29-3-1-768x820.jpeg 768w, https:\/\/dioceseteixeiradefreitas.com.br\/wp-content\/uploads\/2021\/12\/WhatsApp-Image-2021-12-26-at-21.01.29-3-1.jpeg 1199w\" sizes=\"auto, (max-width: 959px) 100vw, 959px\" \/><\/a><\/figure>\n\n\n\n<figure class=\"wp-block-image size-large\"><a href=\"https:\/\/dioceseteixeiradefreitas.com.br\/wp-content\/uploads\/2021\/12\/WhatsApp-Image-2021-12-26-at-21.01.29-4.jpeg\"><img loading=\"lazy\" decoding=\"async\" width=\"1024\" height=\"694\" data-id=\"15218\" src=\"https:\/\/dioceseteixeiradefreitas.com.br\/wp-content\/uploads\/2021\/12\/WhatsApp-Image-2021-12-26-at-21.01.29-4-1024x694.jpeg\" alt=\"\" class=\"wp-image-15218\" srcset=\"https:\/\/dioceseteixeiradefreitas.com.br\/wp-content\/uploads\/2021\/12\/WhatsApp-Image-2021-12-26-at-21.01.29-4-1024x694.jpeg 1024w, https:\/\/dioceseteixeiradefreitas.com.br\/wp-content\/uploads\/2021\/12\/WhatsApp-Image-2021-12-26-at-21.01.29-4-300x203.jpeg 300w, https:\/\/dioceseteixeiradefreitas.com.br\/wp-content\/uploads\/2021\/12\/WhatsApp-Image-2021-12-26-at-21.01.29-4-768x521.jpeg 768w, https:\/\/dioceseteixeiradefreitas.com.br\/wp-content\/uploads\/2021\/12\/WhatsApp-Image-2021-12-26-at-21.01.29-4-220x150.jpeg 220w, https:\/\/dioceseteixeiradefreitas.com.br\/wp-content\/uploads\/2021\/12\/WhatsApp-Image-2021-12-26-at-21.01.29-4.jpeg 1280w\" sizes=\"auto, (max-width: 1024px) 100vw, 1024px\" \/><\/a><\/figure>\n\n\n\n<figure class=\"wp-block-image size-large\"><a href=\"https:\/\/dioceseteixeiradefreitas.com.br\/wp-content\/uploads\/2021\/12\/WhatsApp-Image-2021-12-26-at-21.01.29.jpeg\"><img loading=\"lazy\" decoding=\"async\" width=\"1019\" height=\"1024\" data-id=\"15219\" src=\"https:\/\/dioceseteixeiradefreitas.com.br\/wp-content\/uploads\/2021\/12\/WhatsApp-Image-2021-12-26-at-21.01.29-1019x1024.jpeg\" alt=\"\" class=\"wp-image-15219\" srcset=\"https:\/\/dioceseteixeiradefreitas.com.br\/wp-content\/uploads\/2021\/12\/WhatsApp-Image-2021-12-26-at-21.01.29-1019x1024.jpeg 1019w, https:\/\/dioceseteixeiradefreitas.com.br\/wp-content\/uploads\/2021\/12\/WhatsApp-Image-2021-12-26-at-21.01.29-300x300.jpeg 300w, https:\/\/dioceseteixeiradefreitas.com.br\/wp-content\/uploads\/2021\/12\/WhatsApp-Image-2021-12-26-at-21.01.29-150x150.jpeg 150w, https:\/\/dioceseteixeiradefreitas.com.br\/wp-content\/uploads\/2021\/12\/WhatsApp-Image-2021-12-26-at-21.01.29-768x772.jpeg 768w, https:\/\/dioceseteixeiradefreitas.com.br\/wp-content\/uploads\/2021\/12\/WhatsApp-Image-2021-12-26-at-21.01.29.jpeg 1274w\" sizes=\"auto, (max-width: 1019px) 100vw, 1019px\" \/><\/a><\/figure>\n\n\n\n<figure class=\"wp-block-image size-large\"><a href=\"https:\/\/dioceseteixeiradefreitas.com.br\/wp-content\/uploads\/2021\/12\/WhatsApp-Image-2021-12-26-at-21.01.30-3.jpeg\"><img loading=\"lazy\" decoding=\"async\" width=\"765\" height=\"1024\" data-id=\"15220\" src=\"https:\/\/dioceseteixeiradefreitas.com.br\/wp-content\/uploads\/2021\/12\/WhatsApp-Image-2021-12-26-at-21.01.30-3-765x1024.jpeg\" alt=\"\" class=\"wp-image-15220\" srcset=\"https:\/\/dioceseteixeiradefreitas.com.br\/wp-content\/uploads\/2021\/12\/WhatsApp-Image-2021-12-26-at-21.01.30-3-765x1024.jpeg 765w, https:\/\/dioceseteixeiradefreitas.com.br\/wp-content\/uploads\/2021\/12\/WhatsApp-Image-2021-12-26-at-21.01.30-3-224x300.jpeg 224w, https:\/\/dioceseteixeiradefreitas.com.br\/wp-content\/uploads\/2021\/12\/WhatsApp-Image-2021-12-26-at-21.01.30-3-768x1028.jpeg 768w, https:\/\/dioceseteixeiradefreitas.com.br\/wp-content\/uploads\/2021\/12\/WhatsApp-Image-2021-12-26-at-21.01.30-3.jpeg 956w\" sizes=\"auto, (max-width: 765px) 100vw, 765px\" \/><\/a><\/figure>\n\n\n\n<figure class=\"wp-block-image size-large\"><a href=\"https:\/\/dioceseteixeiradefreitas.com.br\/wp-content\/uploads\/2021\/12\/WhatsApp-Image-2021-12-26-at-21.01.30.jpeg\"><img loading=\"lazy\" decoding=\"async\" width=\"937\" height=\"1024\" data-id=\"15221\" src=\"https:\/\/dioceseteixeiradefreitas.com.br\/wp-content\/uploads\/2021\/12\/WhatsApp-Image-2021-12-26-at-21.01.30-937x1024.jpeg\" alt=\"\" class=\"wp-image-15221\" srcset=\"https:\/\/dioceseteixeiradefreitas.com.br\/wp-content\/uploads\/2021\/12\/WhatsApp-Image-2021-12-26-at-21.01.30-937x1024.jpeg 937w, https:\/\/dioceseteixeiradefreitas.com.br\/wp-content\/uploads\/2021\/12\/WhatsApp-Image-2021-12-26-at-21.01.30-274x300.jpeg 274w, https:\/\/dioceseteixeiradefreitas.com.br\/wp-content\/uploads\/2021\/12\/WhatsApp-Image-2021-12-26-at-21.01.30-768x839.jpeg 768w, https:\/\/dioceseteixeiradefreitas.com.br\/wp-content\/uploads\/2021\/12\/WhatsApp-Image-2021-12-26-at-21.01.30.jpeg 1171w\" sizes=\"auto, (max-width: 937px) 100vw, 937px\" \/><\/a><\/figure>\n\n\n\n<figure class=\"wp-block-image size-large\"><a href=\"https:\/\/dioceseteixeiradefreitas.com.br\/wp-content\/uploads\/2021\/12\/WhatsApp-Image-2021-12-26-at-21.01.31-1.jpeg\"><img loading=\"lazy\" decoding=\"async\" width=\"1024\" height=\"496\" data-id=\"15222\" src=\"https:\/\/dioceseteixeiradefreitas.com.br\/wp-content\/uploads\/2021\/12\/WhatsApp-Image-2021-12-26-at-21.01.31-1-1024x496.jpeg\" alt=\"\" class=\"wp-image-15222\" srcset=\"https:\/\/dioceseteixeiradefreitas.com.br\/wp-content\/uploads\/2021\/12\/WhatsApp-Image-2021-12-26-at-21.01.31-1-1024x496.jpeg 1024w, https:\/\/dioceseteixeiradefreitas.com.br\/wp-content\/uploads\/2021\/12\/WhatsApp-Image-2021-12-26-at-21.01.31-1-300x145.jpeg 300w, https:\/\/dioceseteixeiradefreitas.com.br\/wp-content\/uploads\/2021\/12\/WhatsApp-Image-2021-12-26-at-21.01.31-1-768x372.jpeg 768w, https:\/\/dioceseteixeiradefreitas.com.br\/wp-content\/uploads\/2021\/12\/WhatsApp-Image-2021-12-26-at-21.01.31-1.jpeg 1280w\" sizes=\"auto, (max-width: 1024px) 100vw, 1024px\" \/><\/a><\/figure>\n\n\n\n<figure class=\"wp-block-image size-large\"><a href=\"https:\/\/dioceseteixeiradefreitas.com.br\/wp-content\/uploads\/2021\/12\/WhatsApp-Image-2021-12-26-at-21.01.31-3.jpeg\"><img loading=\"lazy\" decoding=\"async\" width=\"1024\" height=\"582\" data-id=\"15223\" src=\"https:\/\/dioceseteixeiradefreitas.com.br\/wp-content\/uploads\/2021\/12\/WhatsApp-Image-2021-12-26-at-21.01.31-3-1024x582.jpeg\" alt=\"\" class=\"wp-image-15223\" srcset=\"https:\/\/dioceseteixeiradefreitas.com.br\/wp-content\/uploads\/2021\/12\/WhatsApp-Image-2021-12-26-at-21.01.31-3-1024x582.jpeg 1024w, https:\/\/dioceseteixeiradefreitas.com.br\/wp-content\/uploads\/2021\/12\/WhatsApp-Image-2021-12-26-at-21.01.31-3-300x170.jpeg 300w, https:\/\/dioceseteixeiradefreitas.com.br\/wp-content\/uploads\/2021\/12\/WhatsApp-Image-2021-12-26-at-21.01.31-3-768x436.jpeg 768w, https:\/\/dioceseteixeiradefreitas.com.br\/wp-content\/uploads\/2021\/12\/WhatsApp-Image-2021-12-26-at-21.01.31-3.jpeg 1280w\" sizes=\"auto, (max-width: 1024px) 100vw, 1024px\" \/><\/a><\/figure>\n\n\n\n<figure class=\"wp-block-image size-large\"><a href=\"https:\/\/dioceseteixeiradefreitas.com.br\/wp-content\/uploads\/2021\/12\/WhatsApp-Image-2021-12-26-at-21.01.31.jpeg\"><img loading=\"lazy\" decoding=\"async\" width=\"1024\" height=\"562\" data-id=\"15224\" src=\"https:\/\/dioceseteixeiradefreitas.com.br\/wp-content\/uploads\/2021\/12\/WhatsApp-Image-2021-12-26-at-21.01.31-1024x562.jpeg\" alt=\"\" class=\"wp-image-15224\" srcset=\"https:\/\/dioceseteixeiradefreitas.com.br\/wp-content\/uploads\/2021\/12\/WhatsApp-Image-2021-12-26-at-21.01.31-1024x562.jpeg 1024w, https:\/\/dioceseteixeiradefreitas.com.br\/wp-content\/uploads\/2021\/12\/WhatsApp-Image-2021-12-26-at-21.01.31-300x165.jpeg 300w, https:\/\/dioceseteixeiradefreitas.com.br\/wp-content\/uploads\/2021\/12\/WhatsApp-Image-2021-12-26-at-21.01.31-768x422.jpeg 768w, https:\/\/dioceseteixeiradefreitas.com.br\/wp-content\/uploads\/2021\/12\/WhatsApp-Image-2021-12-26-at-21.01.31.jpeg 1280w\" sizes=\"auto, (max-width: 1024px) 100vw, 1024px\" \/><\/a><\/figure>\n\n\n\n<figure class=\"wp-block-image size-large\"><a href=\"https:\/\/dioceseteixeiradefreitas.com.br\/wp-content\/uploads\/2021\/12\/WhatsApp-Image-2021-12-26-at-21.01.32-1.jpeg\"><img loading=\"lazy\" decoding=\"async\" width=\"681\" height=\"1024\" data-id=\"15225\" src=\"https:\/\/dioceseteixeiradefreitas.com.br\/wp-content\/uploads\/2021\/12\/WhatsApp-Image-2021-12-26-at-21.01.32-1-681x1024.jpeg\" alt=\"\" class=\"wp-image-15225\" srcset=\"https:\/\/dioceseteixeiradefreitas.com.br\/wp-content\/uploads\/2021\/12\/WhatsApp-Image-2021-12-26-at-21.01.32-1-681x1024.jpeg 681w, https:\/\/dioceseteixeiradefreitas.com.br\/wp-content\/uploads\/2021\/12\/WhatsApp-Image-2021-12-26-at-21.01.32-1-199x300.jpeg 199w, https:\/\/dioceseteixeiradefreitas.com.br\/wp-content\/uploads\/2021\/12\/WhatsApp-Image-2021-12-26-at-21.01.32-1-768x1155.jpeg 768w, https:\/\/dioceseteixeiradefreitas.com.br\/wp-content\/uploads\/2021\/12\/WhatsApp-Image-2021-12-26-at-21.01.32-1.jpeg 851w\" sizes=\"auto, (max-width: 681px) 100vw, 681px\" \/><\/a><\/figure>\n\n\n\n<figure class=\"wp-block-image size-large\"><a href=\"https:\/\/dioceseteixeiradefreitas.com.br\/wp-content\/uploads\/2021\/12\/WhatsApp-Image-2021-12-26-at-21.01.32-2.jpeg\"><img loading=\"lazy\" decoding=\"async\" width=\"1024\" height=\"860\" data-id=\"15226\" src=\"https:\/\/dioceseteixeiradefreitas.com.br\/wp-content\/uploads\/2021\/12\/WhatsApp-Image-2021-12-26-at-21.01.32-2-1024x860.jpeg\" alt=\"\" class=\"wp-image-15226\" srcset=\"https:\/\/dioceseteixeiradefreitas.com.br\/wp-content\/uploads\/2021\/12\/WhatsApp-Image-2021-12-26-at-21.01.32-2-1024x860.jpeg 1024w, https:\/\/dioceseteixeiradefreitas.com.br\/wp-content\/uploads\/2021\/12\/WhatsApp-Image-2021-12-26-at-21.01.32-2-300x252.jpeg 300w, https:\/\/dioceseteixeiradefreitas.com.br\/wp-content\/uploads\/2021\/12\/WhatsApp-Image-2021-12-26-at-21.01.32-2-768x645.jpeg 768w, https:\/\/dioceseteixeiradefreitas.com.br\/wp-content\/uploads\/2021\/12\/WhatsApp-Image-2021-12-26-at-21.01.32-2.jpeg 1280w\" sizes=\"auto, (max-width: 1024px) 100vw, 1024px\" \/><\/a><\/figure>\n\n\n\n<figure class=\"wp-block-image size-large\"><a href=\"https:\/\/dioceseteixeiradefreitas.com.br\/wp-content\/uploads\/2021\/12\/WhatsApp-Image-2021-12-26-at-21.01.32-3.jpeg\"><img loading=\"lazy\" decoding=\"async\" width=\"1024\" height=\"790\" data-id=\"15227\" src=\"https:\/\/dioceseteixeiradefreitas.com.br\/wp-content\/uploads\/2021\/12\/WhatsApp-Image-2021-12-26-at-21.01.32-3-1024x790.jpeg\" alt=\"\" class=\"wp-image-15227\" srcset=\"https:\/\/dioceseteixeiradefreitas.com.br\/wp-content\/uploads\/2021\/12\/WhatsApp-Image-2021-12-26-at-21.01.32-3-1024x790.jpeg 1024w, https:\/\/dioceseteixeiradefreitas.com.br\/wp-content\/uploads\/2021\/12\/WhatsApp-Image-2021-12-26-at-21.01.32-3-300x232.jpeg 300w, https:\/\/dioceseteixeiradefreitas.com.br\/wp-content\/uploads\/2021\/12\/WhatsApp-Image-2021-12-26-at-21.01.32-3-768x593.jpeg 768w, https:\/\/dioceseteixeiradefreitas.com.br\/wp-content\/uploads\/2021\/12\/WhatsApp-Image-2021-12-26-at-21.01.32-3.jpeg 1280w\" sizes=\"auto, (max-width: 1024px) 100vw, 1024px\" \/><\/a><\/figure>\n\n\n\n<figure class=\"wp-block-image size-large\"><a href=\"https:\/\/dioceseteixeiradefreitas.com.br\/wp-content\/uploads\/2021\/12\/WhatsApp-Image-2021-12-26-at-21.01.33-1.jpeg\"><img loading=\"lazy\" decoding=\"async\" width=\"1024\" height=\"706\" data-id=\"15228\" src=\"https:\/\/dioceseteixeiradefreitas.com.br\/wp-content\/uploads\/2021\/12\/WhatsApp-Image-2021-12-26-at-21.01.33-1-1024x706.jpeg\" alt=\"\" class=\"wp-image-15228\" srcset=\"https:\/\/dioceseteixeiradefreitas.com.br\/wp-content\/uploads\/2021\/12\/WhatsApp-Image-2021-12-26-at-21.01.33-1-1024x706.jpeg 1024w, https:\/\/dioceseteixeiradefreitas.com.br\/wp-content\/uploads\/2021\/12\/WhatsApp-Image-2021-12-26-at-21.01.33-1-300x207.jpeg 300w, https:\/\/dioceseteixeiradefreitas.com.br\/wp-content\/uploads\/2021\/12\/WhatsApp-Image-2021-12-26-at-21.01.33-1-768x530.jpeg 768w, https:\/\/dioceseteixeiradefreitas.com.br\/wp-content\/uploads\/2021\/12\/WhatsApp-Image-2021-12-26-at-21.01.33-1.jpeg 1280w\" sizes=\"auto, (max-width: 1024px) 100vw, 1024px\" \/><\/a><\/figure>\n\n\n\n<figure class=\"wp-block-image size-large\"><a href=\"https:\/\/dioceseteixeiradefreitas.com.br\/wp-content\/uploads\/2021\/12\/WhatsApp-Image-2021-12-26-at-21.01.33-2.jpeg\"><img loading=\"lazy\" decoding=\"async\" width=\"1024\" height=\"754\" data-id=\"15229\" src=\"https:\/\/dioceseteixeiradefreitas.com.br\/wp-content\/uploads\/2021\/12\/WhatsApp-Image-2021-12-26-at-21.01.33-2-1024x754.jpeg\" alt=\"\" class=\"wp-image-15229\" srcset=\"https:\/\/dioceseteixeiradefreitas.com.br\/wp-content\/uploads\/2021\/12\/WhatsApp-Image-2021-12-26-at-21.01.33-2-1024x754.jpeg 1024w, https:\/\/dioceseteixeiradefreitas.com.br\/wp-content\/uploads\/2021\/12\/WhatsApp-Image-2021-12-26-at-21.01.33-2-300x221.jpeg 300w, https:\/\/dioceseteixeiradefreitas.com.br\/wp-content\/uploads\/2021\/12\/WhatsApp-Image-2021-12-26-at-21.01.33-2-768x565.jpeg 768w, https:\/\/dioceseteixeiradefreitas.com.br\/wp-content\/uploads\/2021\/12\/WhatsApp-Image-2021-12-26-at-21.01.33-2.jpeg 1280w\" sizes=\"auto, (max-width: 1024px) 100vw, 1024px\" \/><\/a><\/figure>\n\n\n\n<figure class=\"wp-block-image size-large\"><a href=\"https:\/\/dioceseteixeiradefreitas.com.br\/wp-content\/uploads\/2021\/12\/WhatsApp-Image-2021-12-26-at-21.01.33.jpeg\"><img loading=\"lazy\" decoding=\"async\" width=\"1024\" height=\"622\" data-id=\"15230\" src=\"https:\/\/dioceseteixeiradefreitas.com.br\/wp-content\/uploads\/2021\/12\/WhatsApp-Image-2021-12-26-at-21.01.33-1024x622.jpeg\" alt=\"\" class=\"wp-image-15230\" srcset=\"https:\/\/dioceseteixeiradefreitas.com.br\/wp-content\/uploads\/2021\/12\/WhatsApp-Image-2021-12-26-at-21.01.33-1024x622.jpeg 1024w, https:\/\/dioceseteixeiradefreitas.com.br\/wp-content\/uploads\/2021\/12\/WhatsApp-Image-2021-12-26-at-21.01.33-300x182.jpeg 300w, https:\/\/dioceseteixeiradefreitas.com.br\/wp-content\/uploads\/2021\/12\/WhatsApp-Image-2021-12-26-at-21.01.33-768x466.jpeg 768w, https:\/\/dioceseteixeiradefreitas.com.br\/wp-content\/uploads\/2021\/12\/WhatsApp-Image-2021-12-26-at-21.01.33.jpeg 1280w\" sizes=\"auto, (max-width: 1024px) 100vw, 1024px\" \/><\/a><\/figure>\n<\/figure>\n","protected":false},"excerpt":{"rendered":"<p>Pe. Homero sendo empossado como Administrador Paroquial da Par\u00f3quia Santa Luzia &#8211; Foto: PASCOM\/Divulga\u00e7\u00e3o Na segunda-feira (13), Festa de Santa Luzia, aconteceu a Celebra\u00e7\u00e3o Eucar\u00edstica de eleva\u00e7\u00e3o da Quase-Par\u00f3quia para Par\u00f3quia Santa Luzia e posse do seu 1\u00ba Administrador Paroquial, Pe. Homero Rebou\u00e7as no distrito de Itabat\u00e3 &#8211; Mucuri. Dela participaram o Bispo Dom Jailton &hellip;<\/p>\n","protected":false},"author":1,"featured_media":15205,"comment_status":"closed","ping_status":"closed","sticky":false,"template":"","format":"standard","meta":{"footnotes":""},"categories":[100],"tags":[],"class_list":["post-15204","post","type-post","status-publish","format-standard","has-post-thumbnail","hentry","category-noticias-diocesanas"],"_links":{"self":[{"href":"https:\/\/dioceseteixeiradefreitas.com.br\/index.php?rest_route=\/wp\/v2\/posts\/15204","targetHints":{"allow":["GET"]}}],"collection":[{"href":"https:\/\/dioceseteixeiradefreitas.com.br\/index.php?rest_route=\/wp\/v2\/posts"}],"about":[{"href":"https:\/\/dioceseteixeiradefreitas.com.br\/index.php?rest_route=\/wp\/v2\/types\/post"}],"author":[{"embeddable":true,"href":"https:\/\/dioceseteixeiradefreitas.com.br\/index.php?rest_route=\/wp\/v2\/users\/1"}],"replies":[{"embeddable":true,"href":"https:\/\/dioceseteixeiradefreitas.com.br\/index.php?rest_route=%2Fwp%2Fv2%2Fcomments&post=15204"}],"version-history":[{"count":3,"href":"https:\/\/dioceseteixeiradefreitas.com.br\/index.php?rest_route=\/wp\/v2\/posts\/15204\/revisions"}],"predecessor-version":[{"id":17701,"href":"https:\/\/dioceseteixeiradefreitas.com.br\/index.php?rest_route=\/wp\/v2\/posts\/15204\/revisions\/17701"}],"wp:featuredmedia":[{"embeddable":true,"href":"https:\/\/dioceseteixeiradefreitas.com.br\/index.php?rest_route=\/wp\/v2\/media\/15205"}],"wp:attachment":[{"href":"https:\/\/dioceseteixeiradefreitas.com.br\/index.php?rest_route=%2Fwp%2Fv2%2Fmedia&parent=15204"}],"wp:term":[{"taxonomy":"category","embeddable":true,"href":"https:\/\/dioceseteixeiradefreitas.com.br\/index.php?rest_route=%2Fwp%2Fv2%2Fcategories&post=15204"},{"taxonomy":"post_tag","embeddable":true,"href":"https:\/\/dioceseteixeiradefreitas.com.br\/index.php?rest_route=%2Fwp%2Fv2%2Ftags&post=15204"}],"curies":[{"name":"wp","href":"https:\/\/api.w.org\/{rel}","templated":true}]}}