{"id":15232,"date":"2021-12-28T01:45:00","date_gmt":"2021-12-28T04:45:00","guid":{"rendered":"https:\/\/dioceseteixeiradefreitas.com.br\/?p=15232"},"modified":"2022-01-16T22:08:10","modified_gmt":"2022-01-17T01:08:10","slug":"paroquia-sao-joao-batista-e-erigida-em-teixeira-de-freitas","status":"publish","type":"post","link":"https:\/\/dioceseteixeiradefreitas.com.br\/?p=15232","title":{"rendered":"Par\u00f3quia S\u00e3o Jo\u00e3o Batista \u00e9 Erigida em Teixeira de Freitas"},"content":{"rendered":"\n<figure class=\"wp-block-image size-full\"><a href=\"https:\/\/dioceseteixeiradefreitas.com.br\/wp-content\/uploads\/2022\/01\/IMG_5079.jpg\"><img loading=\"lazy\" decoding=\"async\" width=\"1024\" height=\"683\" src=\"https:\/\/dioceseteixeiradefreitas.com.br\/wp-content\/uploads\/2022\/01\/IMG_5079.jpg\" alt=\"\" class=\"wp-image-15315\" srcset=\"https:\/\/dioceseteixeiradefreitas.com.br\/wp-content\/uploads\/2022\/01\/IMG_5079.jpg 1024w, https:\/\/dioceseteixeiradefreitas.com.br\/wp-content\/uploads\/2022\/01\/IMG_5079-300x200.jpg 300w, https:\/\/dioceseteixeiradefreitas.com.br\/wp-content\/uploads\/2022\/01\/IMG_5079-768x512.jpg 768w\" sizes=\"auto, (max-width: 1024px) 100vw, 1024px\" \/><\/a><figcaption>Padre Paulo S\u00e9rgio empossado como Administrador Paroquial da Par\u00f3quia S\u00e3o Jo\u00e3o Batista &#8211; Foto: PASCOM\/Divulga\u00e7\u00e3o<\/figcaption><\/figure>\n\n\n\n<p>A Diocese de Teixeira de Freitas\/Caravelas festeja a cria\u00e7\u00e3o de mais uma nova par\u00f3quia. No dia 15 de dezembro, a Quase-Par\u00f3quia S\u00e3o Jo\u00e3o Batista, localizada no bairro Castelinho &#8211; zona norte de Teixeira de Freitas, foi elevada a par\u00f3quia. Na ocasi\u00e3o, Pe. Paulo S\u00e9rgio Gomes de Melo foi empossado como 1\u00ba Administrador Paroquial. Compuseram o presbit\u00e9rio: Pe. Edivaldo Oliveira Santana (P\u00e1roco da Catedral e Vig\u00e1rio da Forania S\u00e3o Pedro), Pe. Ailton Jos\u00e9 Pardinho (P\u00e1roco da Imaculada Concei\u00e7\u00e3o), Pe. Roberto Pereira da Silva (Chanceler do Bispado), Pe. Paulo C\u00e9sar (Administrador Paroquial da Par\u00f3quia Santo Ant\u00f4nio &#8211; Distrito), Pe. Pe. Isael (Reitor do Semin\u00e1rio S\u00e3o Jo\u00e3o Paulo II), Pe. Gilberto Jesus (Administrador Paroquial da Par\u00f3quia S\u00e3o Miguel Arcanjo), Pe. Vanderlei Coutinho (Vig\u00e1rio da Catedral S\u00e3o Pedro), Pe. Ariston (p\u00e1roco da Par\u00f3quia Nossa Senhora das Gra\u00e7as em Lajed\u00e3o), al\u00e9m dos padres Rog\u00e9rio, Douglas Antunes e Ronaldo Cardoso. Religiosos, religiosas, seminaristas e fi\u00e9is tamb\u00e9m estiveram presente. <\/p>\n\n\n\n<figure class=\"wp-block-image size-full\"><a href=\"https:\/\/dioceseteixeiradefreitas.com.br\/wp-content\/uploads\/2022\/01\/IMG_5108.jpg\"><img loading=\"lazy\" decoding=\"async\" width=\"1024\" height=\"683\" src=\"https:\/\/dioceseteixeiradefreitas.com.br\/wp-content\/uploads\/2022\/01\/IMG_5108.jpg\" alt=\"\" class=\"wp-image-15316\" srcset=\"https:\/\/dioceseteixeiradefreitas.com.br\/wp-content\/uploads\/2022\/01\/IMG_5108.jpg 1024w, https:\/\/dioceseteixeiradefreitas.com.br\/wp-content\/uploads\/2022\/01\/IMG_5108-300x200.jpg 300w, https:\/\/dioceseteixeiradefreitas.com.br\/wp-content\/uploads\/2022\/01\/IMG_5108-768x512.jpg 768w\" sizes=\"auto, (max-width: 1024px) 100vw, 1024px\" \/><\/a><figcaption>Dom Jailton durante a homilia &#8211; Foto: PASCOM\/Divulga\u00e7\u00e3o <\/figcaption><\/figure>\n\n\n\n<p>&#8220;Hoje o padre Paulo S\u00e9rgio assume como administrador nessa par\u00f3quia, que j\u00e1 estava como vig\u00e1rio da Par\u00f3quia Imaculada trabalhando diretamente aqui na Quase-Par\u00f3quia S\u00e3o Jo\u00e3o Batista. Queridos irm\u00e3os, voc\u00eas todos, n\u00f3s estamos celebrando 60 anos de vida de nossa Diocese e dentro da celebra\u00e7\u00e3o desses 60 anos um dos grandes objetivos \u00e9 olhar para tr\u00e1s e bendizer a Deus por todo o bem que ele realizou neste tempo de miss\u00e3o na Igreja no Extremo Sul da Bahia, nesta Diocese de Teixeira de Freitas\/Caravelas. Seria m\u00edope t\u00e3o somente olharmos para tr\u00e1s e agradecermos pelo caminho feito. Quando h\u00e1 um anivers\u00e1rio, um evento como esse, n\u00f3s precisamos olhar para frente, levantar a nossa cabe\u00e7a e olhar no horizonte que Deus tem constru\u00eddo para n\u00f3s a convido a arrega\u00e7ar as mangas e continuar construindo a hist\u00f3ria. N\u00e3o temos s\u00f3 uma hist\u00f3ria bonita para contar, como dizia o Papa (Francisco), voc\u00eas tem uma historia muito mais bonita para agora para construir, depende de n\u00f3s agora, est\u00e1 em nossas m\u00e3os. E estamos construindo essa hist\u00f3ria ao erigir essa nova par\u00f3quia em nossa par\u00f3quia&#8221;, disse Dom Jailton na homilia.<\/p>\n\n\n\n<h2 class=\"wp-block-heading\"><strong>CRIAR PAR\u00d3QUIA N\u00c3O \u00c9 DIVIDIR<\/strong><\/h2>\n\n\n\n<blockquote class=\"wp-block-quote is-layout-flow wp-block-quote-is-layout-flow\"><p>O bispo afirma que ao criar uma par\u00f3quia o grande objetivo n\u00e3o \u00e9 para dividir as par\u00f3quias mas sim somar. &#8220;&#8230;na Igreja n\u00e3o estamos para dividir, estamos para somar. N\u00f3s t\u00e3o somente queremos servir mais e melhor. Esse \u00e9 o esp\u00edrito da Igreja&#8221;. <\/p><\/blockquote>\n\n\n\n<figure class=\"wp-block-image size-full\"><a href=\"https:\/\/dioceseteixeiradefreitas.com.br\/wp-content\/uploads\/2022\/01\/IMG_5192.jpg\"><img loading=\"lazy\" decoding=\"async\" width=\"1024\" height=\"683\" src=\"https:\/\/dioceseteixeiradefreitas.com.br\/wp-content\/uploads\/2022\/01\/IMG_5192.jpg\" alt=\"\" class=\"wp-image-15317\" srcset=\"https:\/\/dioceseteixeiradefreitas.com.br\/wp-content\/uploads\/2022\/01\/IMG_5192.jpg 1024w, https:\/\/dioceseteixeiradefreitas.com.br\/wp-content\/uploads\/2022\/01\/IMG_5192-300x200.jpg 300w, https:\/\/dioceseteixeiradefreitas.com.br\/wp-content\/uploads\/2022\/01\/IMG_5192-768x512.jpg 768w\" sizes=\"auto, (max-width: 1024px) 100vw, 1024px\" \/><\/a><\/figure>\n\n\n\n<p>A nova par\u00f3quia \u00e9 fruto do desmembramento da Par\u00f3quia Imaculada Concei\u00e7\u00e3o e ser\u00e1 composta por mais 7 comunidades: S\u00e3o Bernardo e Menino Jesus de Praga ser\u00e3o desmembradas da Par\u00f3quia Imaculada Concei\u00e7\u00e3o, a comunidade Nossa Senhora Rainha da par\u00f3quia S\u00e3o Jos\u00e9 Oper\u00e1rio, S\u00e3o Sebasti\u00e3o, Nossa Senhora Aparecida e S\u00e3o Benedito do desmembramento da Par\u00f3quia S\u00e3o Francisco de Assis e Comunidade Nossa Senhora da Piedade (Levanta-te).<\/p>\n\n\n\n<p>Por PASCOM Diocesana<\/p>\n\n\n\n<p>Foto: Bruno Pardinho (PASCOM DIOCESANA)<\/p>\n\n\n\n<p> Confira a Transmiss\u00e3o AO VIVO realizada:<\/p>\n\n\n\n<figure class=\"wp-block-embed is-type-video is-provider-youtube wp-block-embed-youtube wp-embed-aspect-16-9 wp-has-aspect-ratio\"><div class=\"wp-block-embed__wrapper\">\n<iframe loading=\"lazy\" title=\"[AO VIVO] - Santa Missa, cria\u00e7\u00e3o da Par\u00f3quia S\u00e3o Jo\u00e3o Batista\" width=\"500\" height=\"281\" src=\"https:\/\/www.youtube.com\/embed\/b6pyVBThukg?feature=oembed\" frameborder=\"0\" allow=\"accelerometer; autoplay; clipboard-write; encrypted-media; gyroscope; picture-in-picture; web-share\" referrerpolicy=\"strict-origin-when-cross-origin\" allowfullscreen><\/iframe>\n<\/div><\/figure>\n\n\n\n<p>Confira a Galeria:<\/p>\n\n\n\n<figure class=\"wp-block-gallery columns-3 is-cropped wp-block-gallery-1 is-layout-flex wp-block-gallery-is-layout-flex\"><ul class=\"blocks-gallery-grid\"><li class=\"blocks-gallery-item\"><figure><a href=\"https:\/\/dioceseteixeiradefreitas.com.br\/wp-content\/uploads\/2022\/01\/IMG_5012.jpg\"><img loading=\"lazy\" decoding=\"async\" width=\"1024\" height=\"683\" src=\"https:\/\/dioceseteixeiradefreitas.com.br\/wp-content\/uploads\/2022\/01\/IMG_5012.jpg\" alt=\"\" data-id=\"15318\" data-full-url=\"https:\/\/dioceseteixeiradefreitas.com.br\/wp-content\/uploads\/2022\/01\/IMG_5012.jpg\" data-link=\"https:\/\/dioceseteixeiradefreitas.com.br\/?attachment_id=15318\" class=\"wp-image-15318\" srcset=\"https:\/\/dioceseteixeiradefreitas.com.br\/wp-content\/uploads\/2022\/01\/IMG_5012.jpg 1024w, https:\/\/dioceseteixeiradefreitas.com.br\/wp-content\/uploads\/2022\/01\/IMG_5012-300x200.jpg 300w, https:\/\/dioceseteixeiradefreitas.com.br\/wp-content\/uploads\/2022\/01\/IMG_5012-768x512.jpg 768w\" sizes=\"auto, (max-width: 1024px) 100vw, 1024px\" \/><\/a><\/figure><\/li><li class=\"blocks-gallery-item\"><figure><a href=\"https:\/\/dioceseteixeiradefreitas.com.br\/wp-content\/uploads\/2022\/01\/IMG_5021.jpg\"><img loading=\"lazy\" decoding=\"async\" width=\"1010\" height=\"768\" src=\"https:\/\/dioceseteixeiradefreitas.com.br\/wp-content\/uploads\/2022\/01\/IMG_5021.jpg\" alt=\"\" data-id=\"15319\" data-full-url=\"https:\/\/dioceseteixeiradefreitas.com.br\/wp-content\/uploads\/2022\/01\/IMG_5021.jpg\" data-link=\"https:\/\/dioceseteixeiradefreitas.com.br\/?attachment_id=15319\" class=\"wp-image-15319\" srcset=\"https:\/\/dioceseteixeiradefreitas.com.br\/wp-content\/uploads\/2022\/01\/IMG_5021.jpg 1010w, https:\/\/dioceseteixeiradefreitas.com.br\/wp-content\/uploads\/2022\/01\/IMG_5021-300x228.jpg 300w, https:\/\/dioceseteixeiradefreitas.com.br\/wp-content\/uploads\/2022\/01\/IMG_5021-768x584.jpg 768w\" sizes=\"auto, (max-width: 1010px) 100vw, 1010px\" \/><\/a><\/figure><\/li><li class=\"blocks-gallery-item\"><figure><a href=\"https:\/\/dioceseteixeiradefreitas.com.br\/wp-content\/uploads\/2022\/01\/IMG_5022.jpg\"><img loading=\"lazy\" decoding=\"async\" width=\"1024\" height=\"683\" src=\"https:\/\/dioceseteixeiradefreitas.com.br\/wp-content\/uploads\/2022\/01\/IMG_5022.jpg\" alt=\"\" data-id=\"15320\" data-full-url=\"https:\/\/dioceseteixeiradefreitas.com.br\/wp-content\/uploads\/2022\/01\/IMG_5022.jpg\" data-link=\"https:\/\/dioceseteixeiradefreitas.com.br\/?attachment_id=15320\" class=\"wp-image-15320\" srcset=\"https:\/\/dioceseteixeiradefreitas.com.br\/wp-content\/uploads\/2022\/01\/IMG_5022.jpg 1024w, https:\/\/dioceseteixeiradefreitas.com.br\/wp-content\/uploads\/2022\/01\/IMG_5022-300x200.jpg 300w, https:\/\/dioceseteixeiradefreitas.com.br\/wp-content\/uploads\/2022\/01\/IMG_5022-768x512.jpg 768w\" sizes=\"auto, (max-width: 1024px) 100vw, 1024px\" \/><\/a><\/figure><\/li><li class=\"blocks-gallery-item\"><figure><a href=\"https:\/\/dioceseteixeiradefreitas.com.br\/wp-content\/uploads\/2022\/01\/IMG_5035.jpg\"><img loading=\"lazy\" decoding=\"async\" width=\"1024\" height=\"683\" src=\"https:\/\/dioceseteixeiradefreitas.com.br\/wp-content\/uploads\/2022\/01\/IMG_5035.jpg\" alt=\"\" data-id=\"15321\" data-full-url=\"https:\/\/dioceseteixeiradefreitas.com.br\/wp-content\/uploads\/2022\/01\/IMG_5035.jpg\" data-link=\"https:\/\/dioceseteixeiradefreitas.com.br\/?attachment_id=15321\" class=\"wp-image-15321\" srcset=\"https:\/\/dioceseteixeiradefreitas.com.br\/wp-content\/uploads\/2022\/01\/IMG_5035.jpg 1024w, https:\/\/dioceseteixeiradefreitas.com.br\/wp-content\/uploads\/2022\/01\/IMG_5035-300x200.jpg 300w, https:\/\/dioceseteixeiradefreitas.com.br\/wp-content\/uploads\/2022\/01\/IMG_5035-768x512.jpg 768w\" sizes=\"auto, (max-width: 1024px) 100vw, 1024px\" \/><\/a><\/figure><\/li><li class=\"blocks-gallery-item\"><figure><a href=\"https:\/\/dioceseteixeiradefreitas.com.br\/wp-content\/uploads\/2022\/01\/IMG_5040.jpg\"><img loading=\"lazy\" decoding=\"async\" width=\"1024\" height=\"683\" src=\"https:\/\/dioceseteixeiradefreitas.com.br\/wp-content\/uploads\/2022\/01\/IMG_5040.jpg\" alt=\"\" data-id=\"15322\" data-full-url=\"https:\/\/dioceseteixeiradefreitas.com.br\/wp-content\/uploads\/2022\/01\/IMG_5040.jpg\" data-link=\"https:\/\/dioceseteixeiradefreitas.com.br\/?attachment_id=15322\" class=\"wp-image-15322\" srcset=\"https:\/\/dioceseteixeiradefreitas.com.br\/wp-content\/uploads\/2022\/01\/IMG_5040.jpg 1024w, https:\/\/dioceseteixeiradefreitas.com.br\/wp-content\/uploads\/2022\/01\/IMG_5040-300x200.jpg 300w, https:\/\/dioceseteixeiradefreitas.com.br\/wp-content\/uploads\/2022\/01\/IMG_5040-768x512.jpg 768w\" sizes=\"auto, (max-width: 1024px) 100vw, 1024px\" \/><\/a><\/figure><\/li><li class=\"blocks-gallery-item\"><figure><a href=\"https:\/\/dioceseteixeiradefreitas.com.br\/wp-content\/uploads\/2022\/01\/IMG_5047.jpg\"><img loading=\"lazy\" decoding=\"async\" width=\"1024\" height=\"683\" src=\"https:\/\/dioceseteixeiradefreitas.com.br\/wp-content\/uploads\/2022\/01\/IMG_5047.jpg\" alt=\"\" data-id=\"15323\" data-full-url=\"https:\/\/dioceseteixeiradefreitas.com.br\/wp-content\/uploads\/2022\/01\/IMG_5047.jpg\" data-link=\"https:\/\/dioceseteixeiradefreitas.com.br\/?attachment_id=15323\" class=\"wp-image-15323\" srcset=\"https:\/\/dioceseteixeiradefreitas.com.br\/wp-content\/uploads\/2022\/01\/IMG_5047.jpg 1024w, https:\/\/dioceseteixeiradefreitas.com.br\/wp-content\/uploads\/2022\/01\/IMG_5047-300x200.jpg 300w, https:\/\/dioceseteixeiradefreitas.com.br\/wp-content\/uploads\/2022\/01\/IMG_5047-768x512.jpg 768w\" sizes=\"auto, (max-width: 1024px) 100vw, 1024px\" \/><\/a><\/figure><\/li><li class=\"blocks-gallery-item\"><figure><a href=\"https:\/\/dioceseteixeiradefreitas.com.br\/wp-content\/uploads\/2022\/01\/IMG_5067.jpg\"><img loading=\"lazy\" decoding=\"async\" width=\"1024\" height=\"683\" src=\"https:\/\/dioceseteixeiradefreitas.com.br\/wp-content\/uploads\/2022\/01\/IMG_5067.jpg\" alt=\"\" data-id=\"15324\" data-full-url=\"https:\/\/dioceseteixeiradefreitas.com.br\/wp-content\/uploads\/2022\/01\/IMG_5067.jpg\" data-link=\"https:\/\/dioceseteixeiradefreitas.com.br\/?attachment_id=15324\" class=\"wp-image-15324\" srcset=\"https:\/\/dioceseteixeiradefreitas.com.br\/wp-content\/uploads\/2022\/01\/IMG_5067.jpg 1024w, https:\/\/dioceseteixeiradefreitas.com.br\/wp-content\/uploads\/2022\/01\/IMG_5067-300x200.jpg 300w, https:\/\/dioceseteixeiradefreitas.com.br\/wp-content\/uploads\/2022\/01\/IMG_5067-768x512.jpg 768w\" sizes=\"auto, (max-width: 1024px) 100vw, 1024px\" \/><\/a><\/figure><\/li><li class=\"blocks-gallery-item\"><figure><a href=\"https:\/\/dioceseteixeiradefreitas.com.br\/wp-content\/uploads\/2022\/01\/IMG_5075.jpg\"><img loading=\"lazy\" decoding=\"async\" width=\"1024\" height=\"683\" src=\"https:\/\/dioceseteixeiradefreitas.com.br\/wp-content\/uploads\/2022\/01\/IMG_5075.jpg\" alt=\"\" data-id=\"15325\" data-full-url=\"https:\/\/dioceseteixeiradefreitas.com.br\/wp-content\/uploads\/2022\/01\/IMG_5075.jpg\" data-link=\"https:\/\/dioceseteixeiradefreitas.com.br\/?attachment_id=15325\" class=\"wp-image-15325\" srcset=\"https:\/\/dioceseteixeiradefreitas.com.br\/wp-content\/uploads\/2022\/01\/IMG_5075.jpg 1024w, https:\/\/dioceseteixeiradefreitas.com.br\/wp-content\/uploads\/2022\/01\/IMG_5075-300x200.jpg 300w, https:\/\/dioceseteixeiradefreitas.com.br\/wp-content\/uploads\/2022\/01\/IMG_5075-768x512.jpg 768w\" sizes=\"auto, (max-width: 1024px) 100vw, 1024px\" \/><\/a><\/figure><\/li><li class=\"blocks-gallery-item\"><figure><a href=\"https:\/\/dioceseteixeiradefreitas.com.br\/wp-content\/uploads\/2022\/01\/IMG_5079-1.jpg\"><img loading=\"lazy\" decoding=\"async\" width=\"1024\" height=\"683\" src=\"https:\/\/dioceseteixeiradefreitas.com.br\/wp-content\/uploads\/2022\/01\/IMG_5079-1.jpg\" alt=\"\" data-id=\"15326\" data-full-url=\"https:\/\/dioceseteixeiradefreitas.com.br\/wp-content\/uploads\/2022\/01\/IMG_5079-1.jpg\" data-link=\"https:\/\/dioceseteixeiradefreitas.com.br\/?attachment_id=15326\" class=\"wp-image-15326\" srcset=\"https:\/\/dioceseteixeiradefreitas.com.br\/wp-content\/uploads\/2022\/01\/IMG_5079-1.jpg 1024w, https:\/\/dioceseteixeiradefreitas.com.br\/wp-content\/uploads\/2022\/01\/IMG_5079-1-300x200.jpg 300w, https:\/\/dioceseteixeiradefreitas.com.br\/wp-content\/uploads\/2022\/01\/IMG_5079-1-768x512.jpg 768w\" sizes=\"auto, (max-width: 1024px) 100vw, 1024px\" \/><\/a><\/figure><\/li><li class=\"blocks-gallery-item\"><figure><a href=\"https:\/\/dioceseteixeiradefreitas.com.br\/wp-content\/uploads\/2022\/01\/IMG_5087.jpg\"><img loading=\"lazy\" decoding=\"async\" width=\"1024\" height=\"690\" src=\"https:\/\/dioceseteixeiradefreitas.com.br\/wp-content\/uploads\/2022\/01\/IMG_5087.jpg\" alt=\"\" data-id=\"15327\" data-full-url=\"https:\/\/dioceseteixeiradefreitas.com.br\/wp-content\/uploads\/2022\/01\/IMG_5087.jpg\" data-link=\"https:\/\/dioceseteixeiradefreitas.com.br\/?attachment_id=15327\" class=\"wp-image-15327\" srcset=\"https:\/\/dioceseteixeiradefreitas.com.br\/wp-content\/uploads\/2022\/01\/IMG_5087.jpg 1024w, https:\/\/dioceseteixeiradefreitas.com.br\/wp-content\/uploads\/2022\/01\/IMG_5087-300x202.jpg 300w, https:\/\/dioceseteixeiradefreitas.com.br\/wp-content\/uploads\/2022\/01\/IMG_5087-768x518.jpg 768w\" sizes=\"auto, (max-width: 1024px) 100vw, 1024px\" \/><\/a><\/figure><\/li><li class=\"blocks-gallery-item\"><figure><a href=\"https:\/\/dioceseteixeiradefreitas.com.br\/wp-content\/uploads\/2022\/01\/IMG_5089.jpg\"><img loading=\"lazy\" decoding=\"async\" width=\"1024\" height=\"683\" src=\"https:\/\/dioceseteixeiradefreitas.com.br\/wp-content\/uploads\/2022\/01\/IMG_5089.jpg\" alt=\"\" data-id=\"15328\" data-full-url=\"https:\/\/dioceseteixeiradefreitas.com.br\/wp-content\/uploads\/2022\/01\/IMG_5089.jpg\" data-link=\"https:\/\/dioceseteixeiradefreitas.com.br\/?attachment_id=15328\" class=\"wp-image-15328\" srcset=\"https:\/\/dioceseteixeiradefreitas.com.br\/wp-content\/uploads\/2022\/01\/IMG_5089.jpg 1024w, https:\/\/dioceseteixeiradefreitas.com.br\/wp-content\/uploads\/2022\/01\/IMG_5089-300x200.jpg 300w, https:\/\/dioceseteixeiradefreitas.com.br\/wp-content\/uploads\/2022\/01\/IMG_5089-768x512.jpg 768w\" sizes=\"auto, (max-width: 1024px) 100vw, 1024px\" \/><\/a><\/figure><\/li><li class=\"blocks-gallery-item\"><figure><a href=\"https:\/\/dioceseteixeiradefreitas.com.br\/wp-content\/uploads\/2022\/01\/IMG_5108-1.jpg\"><img loading=\"lazy\" decoding=\"async\" width=\"1024\" height=\"683\" src=\"https:\/\/dioceseteixeiradefreitas.com.br\/wp-content\/uploads\/2022\/01\/IMG_5108-1.jpg\" alt=\"\" data-id=\"15329\" data-full-url=\"https:\/\/dioceseteixeiradefreitas.com.br\/wp-content\/uploads\/2022\/01\/IMG_5108-1.jpg\" data-link=\"https:\/\/dioceseteixeiradefreitas.com.br\/?attachment_id=15329\" class=\"wp-image-15329\" srcset=\"https:\/\/dioceseteixeiradefreitas.com.br\/wp-content\/uploads\/2022\/01\/IMG_5108-1.jpg 1024w, https:\/\/dioceseteixeiradefreitas.com.br\/wp-content\/uploads\/2022\/01\/IMG_5108-1-300x200.jpg 300w, https:\/\/dioceseteixeiradefreitas.com.br\/wp-content\/uploads\/2022\/01\/IMG_5108-1-768x512.jpg 768w\" sizes=\"auto, (max-width: 1024px) 100vw, 1024px\" \/><\/a><\/figure><\/li><li class=\"blocks-gallery-item\"><figure><a href=\"https:\/\/dioceseteixeiradefreitas.com.br\/wp-content\/uploads\/2022\/01\/IMG_5120.jpg\"><img loading=\"lazy\" decoding=\"async\" width=\"1024\" height=\"683\" src=\"https:\/\/dioceseteixeiradefreitas.com.br\/wp-content\/uploads\/2022\/01\/IMG_5120.jpg\" alt=\"\" data-id=\"15330\" data-full-url=\"https:\/\/dioceseteixeiradefreitas.com.br\/wp-content\/uploads\/2022\/01\/IMG_5120.jpg\" data-link=\"https:\/\/dioceseteixeiradefreitas.com.br\/?attachment_id=15330\" class=\"wp-image-15330\" srcset=\"https:\/\/dioceseteixeiradefreitas.com.br\/wp-content\/uploads\/2022\/01\/IMG_5120.jpg 1024w, https:\/\/dioceseteixeiradefreitas.com.br\/wp-content\/uploads\/2022\/01\/IMG_5120-300x200.jpg 300w, https:\/\/dioceseteixeiradefreitas.com.br\/wp-content\/uploads\/2022\/01\/IMG_5120-768x512.jpg 768w\" sizes=\"auto, (max-width: 1024px) 100vw, 1024px\" \/><\/a><\/figure><\/li><li class=\"blocks-gallery-item\"><figure><a href=\"https:\/\/dioceseteixeiradefreitas.com.br\/wp-content\/uploads\/2022\/01\/IMG_5138.jpg\"><img loading=\"lazy\" decoding=\"async\" width=\"1024\" height=\"683\" src=\"https:\/\/dioceseteixeiradefreitas.com.br\/wp-content\/uploads\/2022\/01\/IMG_5138.jpg\" alt=\"\" data-id=\"15331\" data-full-url=\"https:\/\/dioceseteixeiradefreitas.com.br\/wp-content\/uploads\/2022\/01\/IMG_5138.jpg\" data-link=\"https:\/\/dioceseteixeiradefreitas.com.br\/?attachment_id=15331\" class=\"wp-image-15331\" srcset=\"https:\/\/dioceseteixeiradefreitas.com.br\/wp-content\/uploads\/2022\/01\/IMG_5138.jpg 1024w, https:\/\/dioceseteixeiradefreitas.com.br\/wp-content\/uploads\/2022\/01\/IMG_5138-300x200.jpg 300w, https:\/\/dioceseteixeiradefreitas.com.br\/wp-content\/uploads\/2022\/01\/IMG_5138-768x512.jpg 768w\" sizes=\"auto, (max-width: 1024px) 100vw, 1024px\" \/><\/a><\/figure><\/li><li class=\"blocks-gallery-item\"><figure><a href=\"https:\/\/dioceseteixeiradefreitas.com.br\/wp-content\/uploads\/2022\/01\/IMG_5141.jpg\"><img loading=\"lazy\" decoding=\"async\" width=\"1024\" height=\"683\" src=\"https:\/\/dioceseteixeiradefreitas.com.br\/wp-content\/uploads\/2022\/01\/IMG_5141.jpg\" alt=\"\" data-id=\"15332\" data-full-url=\"https:\/\/dioceseteixeiradefreitas.com.br\/wp-content\/uploads\/2022\/01\/IMG_5141.jpg\" data-link=\"https:\/\/dioceseteixeiradefreitas.com.br\/?attachment_id=15332\" class=\"wp-image-15332\" srcset=\"https:\/\/dioceseteixeiradefreitas.com.br\/wp-content\/uploads\/2022\/01\/IMG_5141.jpg 1024w, https:\/\/dioceseteixeiradefreitas.com.br\/wp-content\/uploads\/2022\/01\/IMG_5141-300x200.jpg 300w, https:\/\/dioceseteixeiradefreitas.com.br\/wp-content\/uploads\/2022\/01\/IMG_5141-768x512.jpg 768w\" sizes=\"auto, (max-width: 1024px) 100vw, 1024px\" \/><\/a><\/figure><\/li><li class=\"blocks-gallery-item\"><figure><a href=\"https:\/\/dioceseteixeiradefreitas.com.br\/wp-content\/uploads\/2022\/01\/IMG_5143.jpg\"><img loading=\"lazy\" decoding=\"async\" width=\"1024\" height=\"738\" src=\"https:\/\/dioceseteixeiradefreitas.com.br\/wp-content\/uploads\/2022\/01\/IMG_5143.jpg\" alt=\"\" data-id=\"15333\" data-full-url=\"https:\/\/dioceseteixeiradefreitas.com.br\/wp-content\/uploads\/2022\/01\/IMG_5143.jpg\" data-link=\"https:\/\/dioceseteixeiradefreitas.com.br\/?attachment_id=15333\" class=\"wp-image-15333\" srcset=\"https:\/\/dioceseteixeiradefreitas.com.br\/wp-content\/uploads\/2022\/01\/IMG_5143.jpg 1024w, https:\/\/dioceseteixeiradefreitas.com.br\/wp-content\/uploads\/2022\/01\/IMG_5143-300x216.jpg 300w, https:\/\/dioceseteixeiradefreitas.com.br\/wp-content\/uploads\/2022\/01\/IMG_5143-768x554.jpg 768w\" sizes=\"auto, (max-width: 1024px) 100vw, 1024px\" \/><\/a><\/figure><\/li><li class=\"blocks-gallery-item\"><figure><a href=\"https:\/\/dioceseteixeiradefreitas.com.br\/wp-content\/uploads\/2022\/01\/IMG_5160.jpg\"><img loading=\"lazy\" decoding=\"async\" width=\"1024\" height=\"683\" src=\"https:\/\/dioceseteixeiradefreitas.com.br\/wp-content\/uploads\/2022\/01\/IMG_5160.jpg\" alt=\"\" data-id=\"15334\" data-full-url=\"https:\/\/dioceseteixeiradefreitas.com.br\/wp-content\/uploads\/2022\/01\/IMG_5160.jpg\" data-link=\"https:\/\/dioceseteixeiradefreitas.com.br\/?attachment_id=15334\" class=\"wp-image-15334\" srcset=\"https:\/\/dioceseteixeiradefreitas.com.br\/wp-content\/uploads\/2022\/01\/IMG_5160.jpg 1024w, https:\/\/dioceseteixeiradefreitas.com.br\/wp-content\/uploads\/2022\/01\/IMG_5160-300x200.jpg 300w, https:\/\/dioceseteixeiradefreitas.com.br\/wp-content\/uploads\/2022\/01\/IMG_5160-768x512.jpg 768w\" sizes=\"auto, (max-width: 1024px) 100vw, 1024px\" \/><\/a><\/figure><\/li><li class=\"blocks-gallery-item\"><figure><a href=\"https:\/\/dioceseteixeiradefreitas.com.br\/wp-content\/uploads\/2022\/01\/IMG_5169.jpg\"><img loading=\"lazy\" decoding=\"async\" width=\"1024\" height=\"683\" src=\"https:\/\/dioceseteixeiradefreitas.com.br\/wp-content\/uploads\/2022\/01\/IMG_5169.jpg\" alt=\"\" data-id=\"15335\" data-full-url=\"https:\/\/dioceseteixeiradefreitas.com.br\/wp-content\/uploads\/2022\/01\/IMG_5169.jpg\" data-link=\"https:\/\/dioceseteixeiradefreitas.com.br\/?attachment_id=15335\" class=\"wp-image-15335\" srcset=\"https:\/\/dioceseteixeiradefreitas.com.br\/wp-content\/uploads\/2022\/01\/IMG_5169.jpg 1024w, https:\/\/dioceseteixeiradefreitas.com.br\/wp-content\/uploads\/2022\/01\/IMG_5169-300x200.jpg 300w, https:\/\/dioceseteixeiradefreitas.com.br\/wp-content\/uploads\/2022\/01\/IMG_5169-768x512.jpg 768w\" sizes=\"auto, (max-width: 1024px) 100vw, 1024px\" \/><\/a><\/figure><\/li><li class=\"blocks-gallery-item\"><figure><a href=\"https:\/\/dioceseteixeiradefreitas.com.br\/wp-content\/uploads\/2022\/01\/IMG_5179.jpg\"><img loading=\"lazy\" decoding=\"async\" width=\"1024\" height=\"715\" src=\"https:\/\/dioceseteixeiradefreitas.com.br\/wp-content\/uploads\/2022\/01\/IMG_5179.jpg\" alt=\"\" data-id=\"15336\" data-full-url=\"https:\/\/dioceseteixeiradefreitas.com.br\/wp-content\/uploads\/2022\/01\/IMG_5179.jpg\" data-link=\"https:\/\/dioceseteixeiradefreitas.com.br\/?attachment_id=15336\" class=\"wp-image-15336\" srcset=\"https:\/\/dioceseteixeiradefreitas.com.br\/wp-content\/uploads\/2022\/01\/IMG_5179.jpg 1024w, https:\/\/dioceseteixeiradefreitas.com.br\/wp-content\/uploads\/2022\/01\/IMG_5179-300x209.jpg 300w, https:\/\/dioceseteixeiradefreitas.com.br\/wp-content\/uploads\/2022\/01\/IMG_5179-768x536.jpg 768w\" sizes=\"auto, (max-width: 1024px) 100vw, 1024px\" \/><\/a><\/figure><\/li><li class=\"blocks-gallery-item\"><figure><a href=\"https:\/\/dioceseteixeiradefreitas.com.br\/wp-content\/uploads\/2022\/01\/IMG_5189.jpg\"><img loading=\"lazy\" decoding=\"async\" width=\"1024\" height=\"698\" src=\"https:\/\/dioceseteixeiradefreitas.com.br\/wp-content\/uploads\/2022\/01\/IMG_5189.jpg\" alt=\"\" data-id=\"15337\" data-full-url=\"https:\/\/dioceseteixeiradefreitas.com.br\/wp-content\/uploads\/2022\/01\/IMG_5189.jpg\" data-link=\"https:\/\/dioceseteixeiradefreitas.com.br\/?attachment_id=15337\" class=\"wp-image-15337\" srcset=\"https:\/\/dioceseteixeiradefreitas.com.br\/wp-content\/uploads\/2022\/01\/IMG_5189.jpg 1024w, https:\/\/dioceseteixeiradefreitas.com.br\/wp-content\/uploads\/2022\/01\/IMG_5189-300x204.jpg 300w, https:\/\/dioceseteixeiradefreitas.com.br\/wp-content\/uploads\/2022\/01\/IMG_5189-768x524.jpg 768w, https:\/\/dioceseteixeiradefreitas.com.br\/wp-content\/uploads\/2022\/01\/IMG_5189-220x150.jpg 220w\" sizes=\"auto, (max-width: 1024px) 100vw, 1024px\" \/><\/a><\/figure><\/li><li class=\"blocks-gallery-item\"><figure><a href=\"https:\/\/dioceseteixeiradefreitas.com.br\/wp-content\/uploads\/2022\/01\/IMG_5226.jpg\"><img loading=\"lazy\" decoding=\"async\" width=\"1024\" height=\"683\" src=\"https:\/\/dioceseteixeiradefreitas.com.br\/wp-content\/uploads\/2022\/01\/IMG_5226.jpg\" alt=\"\" data-id=\"15338\" data-full-url=\"https:\/\/dioceseteixeiradefreitas.com.br\/wp-content\/uploads\/2022\/01\/IMG_5226.jpg\" data-link=\"https:\/\/dioceseteixeiradefreitas.com.br\/?attachment_id=15338\" class=\"wp-image-15338\" srcset=\"https:\/\/dioceseteixeiradefreitas.com.br\/wp-content\/uploads\/2022\/01\/IMG_5226.jpg 1024w, https:\/\/dioceseteixeiradefreitas.com.br\/wp-content\/uploads\/2022\/01\/IMG_5226-300x200.jpg 300w, https:\/\/dioceseteixeiradefreitas.com.br\/wp-content\/uploads\/2022\/01\/IMG_5226-768x512.jpg 768w\" sizes=\"auto, (max-width: 1024px) 100vw, 1024px\" \/><\/a><\/figure><\/li><li class=\"blocks-gallery-item\"><figure><a href=\"https:\/\/dioceseteixeiradefreitas.com.br\/wp-content\/uploads\/2022\/01\/IMG_5230.jpg\"><img loading=\"lazy\" decoding=\"async\" width=\"1024\" height=\"683\" src=\"https:\/\/dioceseteixeiradefreitas.com.br\/wp-content\/uploads\/2022\/01\/IMG_5230.jpg\" alt=\"\" data-id=\"15339\" data-full-url=\"https:\/\/dioceseteixeiradefreitas.com.br\/wp-content\/uploads\/2022\/01\/IMG_5230.jpg\" data-link=\"https:\/\/dioceseteixeiradefreitas.com.br\/?attachment_id=15339\" class=\"wp-image-15339\" srcset=\"https:\/\/dioceseteixeiradefreitas.com.br\/wp-content\/uploads\/2022\/01\/IMG_5230.jpg 1024w, https:\/\/dioceseteixeiradefreitas.com.br\/wp-content\/uploads\/2022\/01\/IMG_5230-300x200.jpg 300w, https:\/\/dioceseteixeiradefreitas.com.br\/wp-content\/uploads\/2022\/01\/IMG_5230-768x512.jpg 768w\" sizes=\"auto, (max-width: 1024px) 100vw, 1024px\" \/><\/a><\/figure><\/li><li class=\"blocks-gallery-item\"><figure><a href=\"https:\/\/dioceseteixeiradefreitas.com.br\/wp-content\/uploads\/2022\/01\/IMG_5233.jpg\"><img loading=\"lazy\" decoding=\"async\" width=\"1024\" height=\"683\" src=\"https:\/\/dioceseteixeiradefreitas.com.br\/wp-content\/uploads\/2022\/01\/IMG_5233.jpg\" alt=\"\" data-id=\"15340\" data-full-url=\"https:\/\/dioceseteixeiradefreitas.com.br\/wp-content\/uploads\/2022\/01\/IMG_5233.jpg\" data-link=\"https:\/\/dioceseteixeiradefreitas.com.br\/?attachment_id=15340\" class=\"wp-image-15340\" srcset=\"https:\/\/dioceseteixeiradefreitas.com.br\/wp-content\/uploads\/2022\/01\/IMG_5233.jpg 1024w, https:\/\/dioceseteixeiradefreitas.com.br\/wp-content\/uploads\/2022\/01\/IMG_5233-300x200.jpg 300w, https:\/\/dioceseteixeiradefreitas.com.br\/wp-content\/uploads\/2022\/01\/IMG_5233-768x512.jpg 768w\" sizes=\"auto, (max-width: 1024px) 100vw, 1024px\" \/><\/a><\/figure><\/li><li class=\"blocks-gallery-item\"><figure><a href=\"https:\/\/dioceseteixeiradefreitas.com.br\/wp-content\/uploads\/2022\/01\/IMG_5234.jpg\"><img loading=\"lazy\" decoding=\"async\" width=\"1024\" height=\"683\" src=\"https:\/\/dioceseteixeiradefreitas.com.br\/wp-content\/uploads\/2022\/01\/IMG_5234.jpg\" alt=\"\" data-id=\"15341\" data-full-url=\"https:\/\/dioceseteixeiradefreitas.com.br\/wp-content\/uploads\/2022\/01\/IMG_5234.jpg\" data-link=\"https:\/\/dioceseteixeiradefreitas.com.br\/?attachment_id=15341\" class=\"wp-image-15341\" srcset=\"https:\/\/dioceseteixeiradefreitas.com.br\/wp-content\/uploads\/2022\/01\/IMG_5234.jpg 1024w, https:\/\/dioceseteixeiradefreitas.com.br\/wp-content\/uploads\/2022\/01\/IMG_5234-300x200.jpg 300w, https:\/\/dioceseteixeiradefreitas.com.br\/wp-content\/uploads\/2022\/01\/IMG_5234-768x512.jpg 768w\" sizes=\"auto, (max-width: 1024px) 100vw, 1024px\" \/><\/a><\/figure><\/li><li class=\"blocks-gallery-item\"><figure><a href=\"https:\/\/dioceseteixeiradefreitas.com.br\/wp-content\/uploads\/2022\/01\/IMG_5260.jpg\"><img loading=\"lazy\" decoding=\"async\" width=\"1024\" height=\"683\" src=\"https:\/\/dioceseteixeiradefreitas.com.br\/wp-content\/uploads\/2022\/01\/IMG_5260.jpg\" alt=\"\" data-id=\"15342\" data-full-url=\"https:\/\/dioceseteixeiradefreitas.com.br\/wp-content\/uploads\/2022\/01\/IMG_5260.jpg\" data-link=\"https:\/\/dioceseteixeiradefreitas.com.br\/?attachment_id=15342\" class=\"wp-image-15342\" srcset=\"https:\/\/dioceseteixeiradefreitas.com.br\/wp-content\/uploads\/2022\/01\/IMG_5260.jpg 1024w, https:\/\/dioceseteixeiradefreitas.com.br\/wp-content\/uploads\/2022\/01\/IMG_5260-300x200.jpg 300w, https:\/\/dioceseteixeiradefreitas.com.br\/wp-content\/uploads\/2022\/01\/IMG_5260-768x512.jpg 768w\" sizes=\"auto, (max-width: 1024px) 100vw, 1024px\" \/><\/a><\/figure><\/li><\/ul><\/figure>\n\n\n\n<p><\/p>\n","protected":false},"excerpt":{"rendered":"<p>Santa Missa com o rito de ere\u00e7\u00e3o can\u00f4nica ocorreu no dia 15 de dezembro, \u00e0s 19h30, na Igreja Matriz. Centenas de pessoas participaram da celebra\u00e7\u00e3o.<\/p>\n","protected":false},"author":1,"featured_media":15315,"comment_status":"closed","ping_status":"closed","sticky":false,"template":"","format":"standard","meta":{"footnotes":""},"categories":[100],"tags":[],"class_list":["post-15232","post","type-post","status-publish","format-standard","has-post-thumbnail","hentry","category-noticias-diocesanas"],"_links":{"self":[{"href":"https:\/\/dioceseteixeiradefreitas.com.br\/index.php?rest_route=\/wp\/v2\/posts\/15232","targetHints":{"allow":["GET"]}}],"collection":[{"href":"https:\/\/dioceseteixeiradefreitas.com.br\/index.php?rest_route=\/wp\/v2\/posts"}],"about":[{"href":"https:\/\/dioceseteixeiradefreitas.com.br\/index.php?rest_route=\/wp\/v2\/types\/post"}],"author":[{"embeddable":true,"href":"https:\/\/dioceseteixeiradefreitas.com.br\/index.php?rest_route=\/wp\/v2\/users\/1"}],"replies":[{"embeddable":true,"href":"https:\/\/dioceseteixeiradefreitas.com.br\/index.php?rest_route=%2Fwp%2Fv2%2Fcomments&post=15232"}],"version-history":[{"count":2,"href":"https:\/\/dioceseteixeiradefreitas.com.br\/index.php?rest_route=\/wp\/v2\/posts\/15232\/revisions"}],"predecessor-version":[{"id":15343,"href":"https:\/\/dioceseteixeiradefreitas.com.br\/index.php?rest_route=\/wp\/v2\/posts\/15232\/revisions\/15343"}],"wp:featuredmedia":[{"embeddable":true,"href":"https:\/\/dioceseteixeiradefreitas.com.br\/index.php?rest_route=\/wp\/v2\/media\/15315"}],"wp:attachment":[{"href":"https:\/\/dioceseteixeiradefreitas.com.br\/index.php?rest_route=%2Fwp%2Fv2%2Fmedia&parent=15232"}],"wp:term":[{"taxonomy":"category","embeddable":true,"href":"https:\/\/dioceseteixeiradefreitas.com.br\/index.php?rest_route=%2Fwp%2Fv2%2Fcategories&post=15232"},{"taxonomy":"post_tag","embeddable":true,"href":"https:\/\/dioceseteixeiradefreitas.com.br\/index.php?rest_route=%2Fwp%2Fv2%2Ftags&post=15232"}],"curies":[{"name":"wp","href":"https:\/\/api.w.org\/{rel}","templated":true}]}}