{"id":15244,"date":"2021-12-28T22:34:51","date_gmt":"2021-12-29T01:34:51","guid":{"rendered":"https:\/\/dioceseteixeiradefreitas.com.br\/?p=15244"},"modified":"2021-12-28T22:34:55","modified_gmt":"2021-12-29T01:34:55","slug":"anuario-diocesano-2022-disponivel-para-download","status":"publish","type":"post","link":"https:\/\/dioceseteixeiradefreitas.com.br\/?p=15244","title":{"rendered":"Anu\u00e1rio Diocesano 2022 dispon\u00edvel para Download"},"content":{"rendered":"\n<p><strong><em>Anuncio-vos uma grande alegria!<\/em><\/strong><\/p>\n\n\n\n<p>\u00c9 com o cora\u00e7\u00e3o exultando de alegria e confian\u00e7a no Senhor que vos apresento o Anu\u00e1rio Diocesano 2022, fruto de muito empenho de tantos e tantas que formam e d\u00e3o vida \u00e0 nossa Igreja Particular.<\/p>\n\n\n\n<p>Estamos ainda vivendo tempos dif\u00edceis, momentos nunca imaginados, em todo\u00a0o mundo, vivemos uma pandemia, luta contra um inimigo invis\u00edvel, o novo coronav\u00edrus, pat\u00f3geno causador da Covid-19. S\u00e3o tempos complexos, <em>\u201cestamos em alto mar, com turbul\u00eancias e tempestades\u201d,<\/em> mas \u00e9 preciso chegar ao Porto Seguro. Nesta hora, o Papa Francisco nos diz que \u00e9 importante a criatividade, \u00e9 preciso procurar novos caminhos, procurar a estrada para que o Evangelho da Alegria seja anunciado.<\/p>\n\n\n\n<p>Eis que o tempo da gra\u00e7a, o trilhar de novos caminhos, surge em nossa Diocese, quando nos convocou para a celebra\u00e7\u00e3o dos seus 60 anos de exist\u00eancia, <strong><em>Jubileu de Diamante<\/em><\/strong>, rememorando nossa hist\u00f3ria de f\u00e9, pedindo perd\u00e3o, agradecendo e louvando ao Senhor, reconhecendo as pegadas de Cristo deixadas entre n\u00f3s, com o convite: <em>\u201cAvancem para \u00c1guas mais profundas\u201d (Lc 5,4).<\/em><\/p>\n\n\n\n<p>Estamos em Jubileu&#8230; tempo intenso da Gra\u00e7a de Deus no qual devemos elevar aos c\u00e9us nossos louvores e afirmar nossos passos no seguimento de Nosso Senhor Jesus Cristo como Cat\u00f3licos Apost\u00f3licos Romanos.<\/p>\n\n\n\n<p>O Jubileu arranca-nos da rotina, impulsiona-nos a sair das zonas de conforto, do comodismo, da falta de f\u00e9 para abra\u00e7ar uma verdadeira transforma\u00e7\u00e3o de vida, com coragem e confian\u00e7a no Senhor. Este ano, o Lago de Tiber\u00edades, onde Jesus ordena a Pedro a lan\u00e7ar as redes em \u00e1guas mais profundas,&nbsp;converte-se em uma grande rede que abarca toda a nossa Diocese, que tamb\u00e9m nos convida a fazer a travessia do mar estreito de nossa vida para o grande oceano que Jesus nos oferece nesse tempo de gra\u00e7as. Somos convidados a avan\u00e7ar para <em>\u00e1guas mais profundas<\/em>; os grandes peixes n\u00e3o ficam nas margens, no raso, mas nos lugares mais profundos.<\/p>\n\n\n\n<p>Portanto, irm\u00e3os e irm\u00e3s, acolhamos o convite que Jesus nos faz: <em>\u201cAvancem para \u00e1guas mais profundas\u201d.<\/em> Celebremos juntos este jubileu, tempo de agradecimento e de felicidade, com alegria, com entusiasmo e desejo de que o Reino de Deus continue atuando e crescendo no meio de n\u00f3s.<\/p>\n\n\n\n<p>Somos tamb\u00e9m convocados a olhar a Igreja como uma CASA, conforme nosso Plano Diocesano de Pastoral. A casa permite um duplo movimento de ingresso e sa\u00edda. \u00c9 lugar de acolhimento e envio. Com isso ela nos remete a dois grandes eixos da nossa a\u00e7\u00e3o pastoral: comunidade e miss\u00e3o. Os pilares que sustentam esta CASA s\u00e3o: <em>a Palavra, o P\u00e3o, a Caridade e a A\u00e7\u00e3o Mission\u00e1ria<\/em>. Na nossa Diocese optamos, na \u00faltima Assembleia Diocesana a evidenciar a cada ano um pilar. Sendo assim, neste ano de 2022 queremos evidenciar em, todos os rec\u00f4nditos da Diocese, o pilar da <strong>Caridade.<\/strong> A Caridade jamais passar\u00e1 diz o Ap\u00f3stolo Paulo&#8230;<\/p>\n\n\n\n<p>Convido a todos a assumir com garra o Plano de Pastoral Diocesano e que, neste ano, procuremos evidenciar o mais poss\u00edvel a Caridade em nossas a\u00e7\u00f5es pastorais.<\/p>\n\n\n\n<p>Possa este Anu\u00e1rio Diocesano nos impulsionar a um maior amor por nossa Igreja Diocesana e Evangelizar numa realidade cada vez mais urbana, em comunidades eclesiais mission\u00e1rias, pela viv\u00eancia da Caridade, para darmos, deste modo o testemunho de que somos disc\u00edpulos de Jesus.<\/p>\n\n\n\n<p>A todos minha b\u00ean\u00e7\u00e3o e abra\u00e7o fraterno.&nbsp;&nbsp;&nbsp;&nbsp;&nbsp;&nbsp;&nbsp;&nbsp;&nbsp;&nbsp;<\/p>\n\n\n\n<p class=\"has-text-align-right\">Teixeira de Freitas, 29 de dezembro de 2021.<\/p>\n\n\n\n<p class=\"has-text-align-center has-vivid-cyan-blue-color has-text-color\"><strong>Dom Jailton de Oliveira Lino, PSDP<\/strong><\/p>\n\n\n\n<p class=\"has-text-align-center\"><strong>Bispo Diocesano<\/strong><\/p>\n\n\n\n<p class=\"has-text-align-center has-black-color has-luminous-vivid-amber-background-color has-text-color has-background\"><a href=\"https:\/\/dioceseteixeiradefreitas.com.br\/wp-content\/uploads\/2021\/12\/ANUARIO-DIOCESANO-2022.pdf\"><strong>Fa\u00e7a o Download do Anu\u00e1rio Diocesano 2022 aqui<\/strong><\/a><\/p>\n","protected":false},"excerpt":{"rendered":"<p>Anuncio-vos uma grande alegria! \u00c9 com o cora\u00e7\u00e3o exultando de alegria e confian\u00e7a no Senhor que vos apresento o Anu\u00e1rio Diocesano 2022, fruto de muito empenho de tantos e tantas que formam e d\u00e3o vida \u00e0 nossa Igreja Particular. Estamos ainda vivendo tempos dif\u00edceis, momentos nunca imaginados, em todo\u00a0o mundo, vivemos uma pandemia, luta contra &hellip;<\/p>\n","protected":false},"author":1,"featured_media":15235,"comment_status":"closed","ping_status":"closed","sticky":false,"template":"","format":"standard","meta":{"footnotes":""},"categories":[100],"tags":[],"class_list":["post-15244","post","type-post","status-publish","format-standard","has-post-thumbnail","hentry","category-noticias-diocesanas"],"_links":{"self":[{"href":"https:\/\/dioceseteixeiradefreitas.com.br\/index.php?rest_route=\/wp\/v2\/posts\/15244","targetHints":{"allow":["GET"]}}],"collection":[{"href":"https:\/\/dioceseteixeiradefreitas.com.br\/index.php?rest_route=\/wp\/v2\/posts"}],"about":[{"href":"https:\/\/dioceseteixeiradefreitas.com.br\/index.php?rest_route=\/wp\/v2\/types\/post"}],"author":[{"embeddable":true,"href":"https:\/\/dioceseteixeiradefreitas.com.br\/index.php?rest_route=\/wp\/v2\/users\/1"}],"replies":[{"embeddable":true,"href":"https:\/\/dioceseteixeiradefreitas.com.br\/index.php?rest_route=%2Fwp%2Fv2%2Fcomments&post=15244"}],"version-history":[{"count":1,"href":"https:\/\/dioceseteixeiradefreitas.com.br\/index.php?rest_route=\/wp\/v2\/posts\/15244\/revisions"}],"predecessor-version":[{"id":15245,"href":"https:\/\/dioceseteixeiradefreitas.com.br\/index.php?rest_route=\/wp\/v2\/posts\/15244\/revisions\/15245"}],"wp:featuredmedia":[{"embeddable":true,"href":"https:\/\/dioceseteixeiradefreitas.com.br\/index.php?rest_route=\/wp\/v2\/media\/15235"}],"wp:attachment":[{"href":"https:\/\/dioceseteixeiradefreitas.com.br\/index.php?rest_route=%2Fwp%2Fv2%2Fmedia&parent=15244"}],"wp:term":[{"taxonomy":"category","embeddable":true,"href":"https:\/\/dioceseteixeiradefreitas.com.br\/index.php?rest_route=%2Fwp%2Fv2%2Fcategories&post=15244"},{"taxonomy":"post_tag","embeddable":true,"href":"https:\/\/dioceseteixeiradefreitas.com.br\/index.php?rest_route=%2Fwp%2Fv2%2Ftags&post=15244"}],"curies":[{"name":"wp","href":"https:\/\/api.w.org\/{rel}","templated":true}]}}