{"id":15311,"date":"2022-01-06T11:53:00","date_gmt":"2022-01-06T14:53:00","guid":{"rendered":"https:\/\/dioceseteixeiradefreitas.com.br\/?p=15311"},"modified":"2022-01-16T22:15:35","modified_gmt":"2022-01-17T01:15:35","slug":"bispos-das-dioceses-atingidas-pelas-enchentes-no-sul-da-bahia-falam-do-papel-da-igreja-em-situacoes-de-calamidade","status":"publish","type":"post","link":"https:\/\/dioceseteixeiradefreitas.com.br\/?p=15311","title":{"rendered":"BISPOS DAS DIOCESES ATINGIDAS PELAS ENCHENTES NO SUL DA BAHIA FALAM DO PAPEL DA IGREJA EM SITUA\u00c7\u00d5ES DE CALAMIDADE"},"content":{"rendered":"\n<figure class=\"wp-block-image size-full\"><a href=\"https:\/\/dioceseteixeiradefreitas.com.br\/wp-content\/uploads\/2022\/01\/Bispos-Sul-da-Bahia.jpg\"><img loading=\"lazy\" decoding=\"async\" width=\"828\" height=\"544\" src=\"https:\/\/dioceseteixeiradefreitas.com.br\/wp-content\/uploads\/2022\/01\/Bispos-Sul-da-Bahia.jpg\" alt=\"\" class=\"wp-image-15344\" srcset=\"https:\/\/dioceseteixeiradefreitas.com.br\/wp-content\/uploads\/2022\/01\/Bispos-Sul-da-Bahia.jpg 828w, https:\/\/dioceseteixeiradefreitas.com.br\/wp-content\/uploads\/2022\/01\/Bispos-Sul-da-Bahia-300x197.jpg 300w, https:\/\/dioceseteixeiradefreitas.com.br\/wp-content\/uploads\/2022\/01\/Bispos-Sul-da-Bahia-768x505.jpg 768w\" sizes=\"auto, (max-width: 828px) 100vw, 828px\" \/><\/a><figcaption>Bispos da regi\u00e3o Sul e Extremo Sul da Bahia se re\u00fanem com representantes da C\u00e1ritas Su\u00ed\u00e7a, C\u00e1ritas Brasileira e Uni\u00e3o Europeia &#8211; Foto: CNBB\/Reprodu\u00e7\u00e3o<\/figcaption><\/figure>\n\n\n\n<p>De um total de 26 munic\u00edpios, 16 foram atingidos pelas enchentes no m\u00eas de dezembro e janeiro na diocese de Ilh\u00e9us (BA). Segundo o bispo da diocese, dom Giovanni Crippa, a coisa mais bonita que aconteceu, num primeiro momento, foi a solidariedade do povo que se organizou em torno da Igreja Matriz, com a ajuda dos padres, di\u00e1conos e leigos comprometidos nas pastorais e movimentos levar socorro, abrigar, oferecer ajuda material e espiritual \u00e0s fam\u00edlias atingidas.<\/p>\n\n\n\n<blockquote class=\"wp-block-quote is-layout-flow wp-block-quote-is-layout-flow\"><p>\u201cDesta solidariedade sa\u00edram mantimentos, roupas, colch\u00f5es, refei\u00e7\u00f5es. Este foi um momento bonito de ver a solidariedade em a\u00e7\u00e3o. Ent\u00e3o, foi mesmo a solidariedade que transbordou\u201d, relata.<\/p><\/blockquote>\n\n\n\n<p>Dom Giovanni enaltece tamb\u00e9m a proximidade dos padres da diocese com as pessoas no momento em que precisam de conforto espiritual num contexto em que ficou muito dif\u00edcil enfrentar a vida e o futuro, dado que muitos perderam suas casas e os elementos que as ajudavam a levar para frente a pr\u00f3pria exist\u00eancia.<\/p>\n\n\n\n<p>O bispo de Itabuna (BA), dom Carlos Alberto dos Santos conta que, diante da situa\u00e7\u00e3o das enchentes e do estado de calamidade na regi\u00e3o Sul da Bahia, a diocese amparou as pessoas nos sal\u00f5es paroquiais, oferecendo-lhes tr\u00eas refei\u00e7\u00f5es di\u00e1rias.<\/p>\n\n\n\n<blockquote class=\"wp-block-quote is-layout-flow wp-block-quote-is-layout-flow\"><p>\u201cTamb\u00e9m oferecemos o aconchego de nossos dormit\u00f3rios, para que eles tivessem realmente um lugar tranquilo para suavizar a sua situa\u00e7\u00e3o de dor e sofrimento. Estamos promovendo um mutir\u00e3o de amor, acolhendo estas pessoas com f\u00e9, devo\u00e7\u00e3o, mostrando que n\u00e3o est\u00e3o sozinhas\u201d, disse.<\/p><\/blockquote>\n\n\n\n<p>Na diocese de Teixeira de Freitas (BA) cinco munic\u00edpios, dos treze que a comp\u00f5em, foram \u201cterrivelmente afetados por este ciclone que passou por nossa regi\u00e3o\u201d segundo o seu bispo dom Jailton de Oliveira Lima. Nesta primeira fase emergencial, a diocese pelos c\u00e1lculos do prelado, j\u00e1 distribuiu cerca de 22o toneladas de alimentos, roupas, colch\u00f5es e \u00e1gua mineral.<\/p>\n\n\n\n<p>O bispo conta que&nbsp; iniciou uma uma campanha em toda a diocese e organizou um comit\u00ea para gerenciar&nbsp; as a\u00e7\u00f5es composto por padres e leigos. A diocese definiu tamb\u00e9m quatro pontos estrat\u00e9gicos em sua circunscri\u00e7\u00e3o para o recolhimento de roupas, alimentos e produtos de higiene e necessidades b\u00e1sicas.<\/p>\n\n\n\n<p>\u201cN\u00f3s como Igreja nos colocamos, desde o primeiro momento, \u00e0&nbsp; disposi\u00e7\u00e3o para acolher&nbsp; as pessoas em todos os sentidos desde de ajud\u00e1-las a sair das casas alagadas, tir\u00e1-las dos telhados, lev\u00e1-las para abrigos, hospitais.&nbsp;Acionamos os leigos das comunidades e padres da diocese num mutir\u00e3o para socorrer as pessoas que estavam envoltas em \u00e1gua. Era \u00e1gua que eu nunca tinha visto na minha vida\u201d, relata.<\/p>\n\n\n\n<h2 class=\"wp-block-heading\">2\u00aa fase: o desafio&nbsp;da reconstru\u00e7\u00e3o<\/h2>\n\n\n\n<p>De acordo&nbsp; com o bispo de Teixeira de Freitas muitas pessoas est\u00e3o acampadas em Igrejas, sal\u00f5es paroquiais, escolas e n\u00e3o t\u00eam perspectiva de voltar para casa. O&nbsp; prelado conta que h\u00e1 uma forte articula\u00e7\u00e3o e press\u00e3o junto as poderes constitu\u00eddos (prefeituras, governo do Estado&nbsp; da Bahia e Governo Federal) para irem ao encontro destas pessoas.<\/p>\n\n\n\n<div class=\"wp-block-image\"><figure class=\"aligncenter\"><img decoding=\"async\" src=\"https:\/\/eadn-wc02-718006.nxedge.io\/cdn\/wp-content\/uploads\/2022\/01\/Familias-acolhidas.jpg\" alt=\"\" class=\"wp-image-861687\"\/><\/figure><\/div>\n\n\n\n<p>Em todas as tr\u00eas dioceses, neste fase de reconstru\u00e7\u00e3o, est\u00e1 sendo feito um cadastro, com o levantamento das necessidades para que seja poss\u00edvel identificar o que foi perdido e o que ser\u00e1 necess\u00e1rio para a reconstru\u00e7\u00e3o.<\/p>\n\n\n\n<blockquote class=\"wp-block-quote is-layout-flow wp-block-quote-is-layout-flow\"><p>\u201cA perspectiva do governo&nbsp; \u00e9 reconstruir&nbsp; as&nbsp; casas e dar condi\u00e7\u00f5es de vida, mas nem sempre isto ir\u00e1 calhar com as necessidades das pessoas porque pode&nbsp; ser que&nbsp; suas novas casas sejam constru\u00eddas&nbsp; longe do lugar&nbsp; onde moram que era perto do trabalho\u201d, relata o bispo de&nbsp; Ilh\u00e9us.<\/p><\/blockquote>\n\n\n\n<p>O bispo de Itabuna faz um apelo de que \u00e9 necess\u00e1rio que a ajuda continue para&nbsp; que as fam\u00edlias&nbsp; tenham o necess\u00e1rio em suas&nbsp; casas, como fog\u00e3o, botij\u00e3o de g\u00e1s, um arm\u00e1rio, pratos e talheres&nbsp; para a sobreviv\u00eancia b\u00e1sica.<\/p>\n\n\n\n<p>Dom Jailton de Oliveira Lima ressalta a mobiliza\u00e7\u00e3o que a C\u00e1ritas Nacional junto com a CNBB tem feito junto a organismos internacionais. \u201cEstamos recebendo com muita gratid\u00e3o, o representante da Uni\u00e3o Europeia para Assuntos Emergenciais para as Am\u00e9ricas, a representante da C\u00e1ritas Su\u00ed\u00e7a e do Unicef Brasil. Agradecemos tamb\u00e9m ao trabalho que a C\u00e1ritas Nacional tem feito aqui em nossa regi\u00e3o nestes dias\u201d, disse.<\/p>\n\n\n\n<blockquote class=\"wp-block-quote is-layout-flow wp-block-quote-is-layout-flow\"><p>\u201cAgradecemos muito estas iniciativas e pedimos a Deus que nos aben\u00e7oe e nos ajude a caminharmos como irm\u00e3os e irm\u00e3s,&nbsp; \u00e0 luz&nbsp; da Fratelli Tutti, como nos apontou o Papa, reconhecendo que todos somos irm\u00e3os, independente de ra\u00e7a, cor e religi\u00e3o\u201d, disse.<\/p><\/blockquote>\n\n\n\n<p>O bispo&nbsp; de Ilh\u00e9us refor\u00e7a o compromisso da Igreja: \u201cN\u00f3s&nbsp; estamos aqui para colaborar, como sempre fizemos, porque sabemos que nossa f\u00e9 nos leva \u00e0 solidariedade, \u00e0 compaix\u00e3o e a ir ao encontro dos irm\u00e3os e irm\u00e3s mais necessitados\u201d.<\/p>\n\n\n\n<h3 class=\"wp-block-heading\">Como nasceu a Campanha #SOS Bahia e Minas Gerais<\/h3>\n\n\n\n<p>Dom Jailton conta que logo no in\u00edcio das enchentes, em dezembro, entraram em contato com a C\u00e1ritas Nacional e a Confer\u00eancia Nacional dos Bispos do Brasil (CNBB), organiza\u00e7\u00f5es que, segundo ele, foram muito sol\u00edcitas. \u201cA CNBB logo acionou uma reuni\u00e3o com a C\u00e1ritas Nordeste 3 para discutir as a\u00e7\u00f5es mais emergenciais.&nbsp; Desta reuni\u00e3o, saiu uma equipe coordenada pela&nbsp; C\u00e1ritas&nbsp; Nacional e lan\u00e7amos o #SOS Bahia e Minas Gerais. Estamos recolhendo desta campanha donativos de diversas esp\u00e9cies e tamb\u00e9m dinheiro para ajudar estas pessoas\u201d, destaca.<\/p>\n\n\n\n<p><strong>Fa\u00e7a sua doa\u00e7\u00e3o:<\/strong><\/p>\n\n\n\n<div class=\"wp-block-image\"><figure class=\"aligncenter\"><img decoding=\"async\" src=\"https:\/\/eadn-wc02-718006.nxedge.io\/cdn\/wp-content\/uploads\/2021\/12\/WhatsApp-Image-2021-12-28-at-13.58.12.jpeg\" alt=\"\" class=\"wp-image-861367\"\/><\/figure><\/div>\n\n\n\n<p>Por CNBB<\/p>\n","protected":false},"excerpt":{"rendered":"<p>Bispos da regi\u00e3o Sul e Extremo Sul da Bahia se re\u00fanem com representantes da C\u00e1ritas Su\u00ed\u00e7a, C\u00e1ritas Brasileira e Uni\u00e3o Europeia &#8211; Foto: CNBB\/Reprodu\u00e7\u00e3o De um total de 26 munic\u00edpios, 16 foram atingidos pelas enchentes no m\u00eas de dezembro e janeiro na diocese de Ilh\u00e9us (BA). Segundo o bispo da diocese, dom Giovanni Crippa, a &hellip;<\/p>\n","protected":false},"author":1,"featured_media":15344,"comment_status":"closed","ping_status":"closed","sticky":false,"template":"","format":"standard","meta":{"footnotes":""},"categories":[104],"tags":[],"class_list":["post-15311","post","type-post","status-publish","format-standard","has-post-thumbnail","hentry","category-noticias-da-cnbb"],"_links":{"self":[{"href":"https:\/\/dioceseteixeiradefreitas.com.br\/index.php?rest_route=\/wp\/v2\/posts\/15311","targetHints":{"allow":["GET"]}}],"collection":[{"href":"https:\/\/dioceseteixeiradefreitas.com.br\/index.php?rest_route=\/wp\/v2\/posts"}],"about":[{"href":"https:\/\/dioceseteixeiradefreitas.com.br\/index.php?rest_route=\/wp\/v2\/types\/post"}],"author":[{"embeddable":true,"href":"https:\/\/dioceseteixeiradefreitas.com.br\/index.php?rest_route=\/wp\/v2\/users\/1"}],"replies":[{"embeddable":true,"href":"https:\/\/dioceseteixeiradefreitas.com.br\/index.php?rest_route=%2Fwp%2Fv2%2Fcomments&post=15311"}],"version-history":[{"count":2,"href":"https:\/\/dioceseteixeiradefreitas.com.br\/index.php?rest_route=\/wp\/v2\/posts\/15311\/revisions"}],"predecessor-version":[{"id":15345,"href":"https:\/\/dioceseteixeiradefreitas.com.br\/index.php?rest_route=\/wp\/v2\/posts\/15311\/revisions\/15345"}],"wp:featuredmedia":[{"embeddable":true,"href":"https:\/\/dioceseteixeiradefreitas.com.br\/index.php?rest_route=\/wp\/v2\/media\/15344"}],"wp:attachment":[{"href":"https:\/\/dioceseteixeiradefreitas.com.br\/index.php?rest_route=%2Fwp%2Fv2%2Fmedia&parent=15311"}],"wp:term":[{"taxonomy":"category","embeddable":true,"href":"https:\/\/dioceseteixeiradefreitas.com.br\/index.php?rest_route=%2Fwp%2Fv2%2Fcategories&post=15311"},{"taxonomy":"post_tag","embeddable":true,"href":"https:\/\/dioceseteixeiradefreitas.com.br\/index.php?rest_route=%2Fwp%2Fv2%2Ftags&post=15311"}],"curies":[{"name":"wp","href":"https:\/\/api.w.org\/{rel}","templated":true}]}}