{"id":1534,"date":"2016-05-11T04:28:40","date_gmt":"2016-05-11T04:28:40","guid":{"rendered":"https:\/\/dioceseteixeiradefreitas.com.br\/?p=1534"},"modified":"2016-05-11T18:10:12","modified_gmt":"2016-05-11T18:10:12","slug":"solenidade-de-pentecostes","status":"publish","type":"post","link":"https:\/\/dioceseteixeiradefreitas.com.br\/?p=1534","title":{"rendered":"Solenidade de Pentecostes"},"content":{"rendered":"<p style=\"text-align: justify;\">\n<p style=\"text-align: justify;\"><a href=\"https:\/\/dioceseteixeiradefreitas.com.br\/wp-content\/uploads\/2016\/05\/pentecostes_2016.jpg\"><img loading=\"lazy\" decoding=\"async\" class=\"aligncenter size-full wp-image-1538\" src=\"https:\/\/dioceseteixeiradefreitas.com.br\/wp-content\/uploads\/2016\/05\/pentecostes_2016.jpg\" alt=\"pentecostes_2016\" width=\"1000\" height=\"600\" srcset=\"https:\/\/dioceseteixeiradefreitas.com.br\/wp-content\/uploads\/2016\/05\/pentecostes_2016.jpg 1000w, https:\/\/dioceseteixeiradefreitas.com.br\/wp-content\/uploads\/2016\/05\/pentecostes_2016-600x360.jpg 600w, https:\/\/dioceseteixeiradefreitas.com.br\/wp-content\/uploads\/2016\/05\/pentecostes_2016-300x180.jpg 300w\" sizes=\"auto, (max-width: 1000px) 100vw, 1000px\" \/><\/a><\/p>\n<p style=\"text-align: justify;\">Ocorrer\u00e1 no pr\u00f3ximo domingo dia 15 de maio\u00a0a Solenidade de Pentecostes. No setor 1 a celebra\u00e7\u00e3o ocorrer\u00e1 durante todo o dia na Par\u00f3quia S\u00e3o Francisco de Assis, em Teixeira de Freitas, iniciando-se \u00e0s 9h.<\/p>\n<p style=\"text-align: justify;\"><strong>O que \u00e9 a Solenidade de Pentecostes?<\/strong><\/p>\n<p style=\"text-align: justify;\">Para entendermos o verdadeiro sentido da Solenidade de Pentecostes, precisamos partir do texto b\u00edblico que nos apresenta na narra\u00e7\u00e3o: \u201cQuando chegou o dia de Pentecostes, os disc\u00edpulos estavam todos reunidos no mesmo lugar. De repente, veio do c\u00e9u um ru\u00eddo como de um vento forte, que encheu toda a casa em que se encontravam. Ent\u00e3o apareceram l\u00ednguas como de fogo que se repartiram e pousaram sobre cada um deles. Todos ficaram cheios do Esp\u00edrito Santo e come\u00e7aram a falar em outras l\u00ednguas, conforme o Esp\u00edrito lhes concedia expressar-se. Residiam em Jerusal\u00e9m judeus devotos, de todas as na\u00e7\u00f5es que h\u00e1 debaixo do c\u00e9u. Quando ouviram o ru\u00eddo, reuniu-se a multid\u00e3o, e todos ficaram confusos, pois cada um ouvia os disc\u00edpulos falar em sua pr\u00f3pria l\u00edngua\u201d (At, 2, 1-6). Essa passagem b\u00edblica apresenta o novo curso da obra de Deus, fundamentada na Ressurrei\u00e7\u00e3o de Cristo, obra que envolve o homem, a hist\u00f3ria e o cosmos.<\/p>\n<p style=\"text-align: justify;\">O Catecismo da Igreja Cat\u00f3lica diz que: \u201cNo dia de Pentecostes (no termo das sete semanas pascais), a P\u00e1scoa de Cristo completou-se com a efus\u00e3o do Esp\u00edrito Santo, que se manifestou, se deu e se comunicou como Pessoa divina: da Sua plenitude, Cristo Senhor derrama em profus\u00e3o o Esp\u00edrito\u201d (CIC, n. 731).<\/p>\n<p style=\"text-align: justify;\">Nessa celebra\u00e7\u00e3o somos convidados e enviados para professar ao mundo a presen\u00e7a d\u2019Ele [Esp\u00edrito Santo]. E invocarmos a efus\u00e3o do Esp\u00edrito para que renove a face da terra e aja com a mesma intensidade do acontecimento inicial dos Atos dos Ap\u00f3stolos sobre a Igreja, sobre todos os povos e na\u00e7\u00f5es.<\/p>\n<p style=\"text-align: justify;\">Por essa raz\u00e3o, precisamos entender o significado da Terceira Pessoa da Sant\u00edssima Trindade: \u201cO termo Esp\u00edrito traduz o termo hebraico Ruah que, na sua primeira acep\u00e7\u00e3o, significa sopro, ar, vento. Jesus utiliza precisamente a imagem sens\u00edvel do vento para sugerir a Nicodemos a novidade transcendente d\u2019Aquele que \u00e9 pessoalmente o Sopro de Deus, o Esp\u00edrito Divino. Por outro lado, Esp\u00edrito e Santo s\u00e3o atributos divinos comuns \u00e0s Tr\u00eas Pessoas Divinas. Mas, juntando os dois termos, a Escritura, a Liturgia e a linguagem teol\u00f3gica designam a Pessoa inef\u00e1vel do Esp\u00edrito Santo, sem equ\u00edvoco poss\u00edvel com os outros empregos dos termos esp\u00edrito e santo\u201d (CIC, n. 691).<\/p>\n<p style=\"text-align: justify;\">A Solenidade de Pentecostes \u00e9 um fato marcante para toda a Igreja, para os povos, pois nela tem in\u00edcio a a\u00e7\u00e3o evangelizadora para que todas as na\u00e7\u00f5es e l\u00ednguas tenham acesso ao Evangelho e \u00e0 salva\u00e7\u00e3o mediante o poder do Esp\u00edrito Santo de Deus.<\/p>\n<p style=\"text-align: justify;\">Fonte: Can\u00e7\u00e3o Nova<\/p>\n","protected":false},"excerpt":{"rendered":"<p>Ocorrer\u00e1 no pr\u00f3ximo domingo dia 15 de maio\u00a0a Solenidade de Pentecostes. No setor 1 a celebra\u00e7\u00e3o ocorrer\u00e1 durante todo o dia na Par\u00f3quia S\u00e3o Francisco de Assis, em Teixeira de Freitas, iniciando-se \u00e0s 9h. O que \u00e9 a Solenidade de Pentecostes? Para entendermos o verdadeiro sentido da Solenidade de Pentecostes, precisamos partir do texto b\u00edblico &hellip;<\/p>\n","protected":false},"author":2,"featured_media":1538,"comment_status":"closed","ping_status":"closed","sticky":false,"template":"","format":"standard","meta":{"footnotes":""},"categories":[41],"tags":[],"class_list":["post-1534","post","type-post","status-publish","format-standard","has-post-thumbnail","hentry","category-noticias_destaque"],"_links":{"self":[{"href":"https:\/\/dioceseteixeiradefreitas.com.br\/index.php?rest_route=\/wp\/v2\/posts\/1534","targetHints":{"allow":["GET"]}}],"collection":[{"href":"https:\/\/dioceseteixeiradefreitas.com.br\/index.php?rest_route=\/wp\/v2\/posts"}],"about":[{"href":"https:\/\/dioceseteixeiradefreitas.com.br\/index.php?rest_route=\/wp\/v2\/types\/post"}],"author":[{"embeddable":true,"href":"https:\/\/dioceseteixeiradefreitas.com.br\/index.php?rest_route=\/wp\/v2\/users\/2"}],"replies":[{"embeddable":true,"href":"https:\/\/dioceseteixeiradefreitas.com.br\/index.php?rest_route=%2Fwp%2Fv2%2Fcomments&post=1534"}],"version-history":[{"count":2,"href":"https:\/\/dioceseteixeiradefreitas.com.br\/index.php?rest_route=\/wp\/v2\/posts\/1534\/revisions"}],"predecessor-version":[{"id":1540,"href":"https:\/\/dioceseteixeiradefreitas.com.br\/index.php?rest_route=\/wp\/v2\/posts\/1534\/revisions\/1540"}],"wp:featuredmedia":[{"embeddable":true,"href":"https:\/\/dioceseteixeiradefreitas.com.br\/index.php?rest_route=\/wp\/v2\/media\/1538"}],"wp:attachment":[{"href":"https:\/\/dioceseteixeiradefreitas.com.br\/index.php?rest_route=%2Fwp%2Fv2%2Fmedia&parent=1534"}],"wp:term":[{"taxonomy":"category","embeddable":true,"href":"https:\/\/dioceseteixeiradefreitas.com.br\/index.php?rest_route=%2Fwp%2Fv2%2Fcategories&post=1534"},{"taxonomy":"post_tag","embeddable":true,"href":"https:\/\/dioceseteixeiradefreitas.com.br\/index.php?rest_route=%2Fwp%2Fv2%2Ftags&post=1534"}],"curies":[{"name":"wp","href":"https:\/\/api.w.org\/{rel}","templated":true}]}}