{"id":15433,"date":"2022-01-31T22:31:30","date_gmt":"2022-02-01T01:31:30","guid":{"rendered":"https:\/\/dioceseteixeiradefreitas.com.br\/?p=15433"},"modified":"2022-01-31T22:32:06","modified_gmt":"2022-02-01T01:32:06","slug":"diocese-lanca-acao-entre-amigos-em-prol-das-comemoracoes-ao-jubileu-dos-60-anos","status":"publish","type":"post","link":"https:\/\/dioceseteixeiradefreitas.com.br\/?p=15433","title":{"rendered":"Diocese lan\u00e7a A\u00e7\u00e3o entre Amigos de uma moto 0km em prol das comemora\u00e7\u00f5es ao Jubileu dos 60 anos"},"content":{"rendered":"\n<figure class=\"wp-block-image size-large\"><a href=\"https:\/\/dioceseteixeiradefreitas.com.br\/wp-content\/uploads\/2022\/01\/feed-sorteio.png\"><img loading=\"lazy\" decoding=\"async\" width=\"1024\" height=\"1024\" src=\"https:\/\/dioceseteixeiradefreitas.com.br\/wp-content\/uploads\/2022\/01\/feed-sorteio-1024x1024.png\" alt=\"\" class=\"wp-image-15434\" srcset=\"https:\/\/dioceseteixeiradefreitas.com.br\/wp-content\/uploads\/2022\/01\/feed-sorteio-1024x1024.png 1024w, https:\/\/dioceseteixeiradefreitas.com.br\/wp-content\/uploads\/2022\/01\/feed-sorteio-300x300.png 300w, https:\/\/dioceseteixeiradefreitas.com.br\/wp-content\/uploads\/2022\/01\/feed-sorteio-150x150.png 150w, https:\/\/dioceseteixeiradefreitas.com.br\/wp-content\/uploads\/2022\/01\/feed-sorteio-768x768.png 768w, https:\/\/dioceseteixeiradefreitas.com.br\/wp-content\/uploads\/2022\/01\/feed-sorteio.png 1080w\" sizes=\"auto, (max-width: 1024px) 100vw, 1024px\" \/><\/a><figcaption>Diocese apresenta o card da A\u00e7\u00e3o entre amigos em prol das comemora\u00e7\u00f5es do Jubileu &#8211; Imagem: PASCOM\/Divulga\u00e7\u00e3o<\/figcaption><\/figure>\n\n\n\n<p>A\u00a0Diocese de Teixeira de Freitas\/Caravelas\u00a0lan\u00e7a dentro das festividades do Ano Jubilar (2021-2022) &#8211; 60 anos de vida, comunh\u00e3o e participa\u00e7\u00e3o nas terras do Extremo Sul da Bahia, uma A\u00e7\u00e3o entre Amigos muito especial: o sorteio de uma moto 0km (Bros 160 NXR ESDD FLEXONE CBS). A a\u00e7\u00e3o tem como objetivo principal de estimular o exerc\u00edcio da partilha e arrecadar fundos para custear algumas despesas do Ano Jubilar, al\u00e9m de boa parte do montante arrecadado a ser direcionada \u00e0s obras na Catedral S\u00e3o Pedro.<\/p>\n\n\n\n<p id=\"viewer-21j5f\">O sorteio ser\u00e1 realizado pela Loteria federal no dia <strong>23 de fevereiro (quarta-feira)<\/strong> e todos poder\u00e3o acompanhar no site oficial da Loterias Caixa.<\/p>\n\n\n\n<h2 class=\"wp-block-heading\"><strong>COMO ADQUIRIR O BILHETE?<\/strong><\/h2>\n\n\n\n<p><\/p>\n\n\n\n<p>Os bilhetes podem ser adquiridos nas secretarias paroquiais da Diocese, com os Padres, Coordenadores e agentes de Pastorais e Movimentos ou na C\u00faria Diocesana, por apenas R$25,00. <\/p>\n\n\n\n<p>Participe, garanta j\u00e1 o seu bilhete e boa sorte!!!!<\/p>\n\n\n\n<p><\/p>\n\n\n\n<p>Em caso de d\u00favida, entre em contato conosco pelo contato: (73) 99113-0136<\/p>\n","protected":false},"excerpt":{"rendered":"<p>&#8220;Celebrando a Vida e a hist\u00f3ria&#8221; \u00e9 assim que a Diocese de Teixeira de Freitas\/Caravelas assume esse momento de festividade promovendo a a\u00e7\u00e3o entre amigos. O brinde ser\u00e1 uma Moto 0km e o valor do bilhete \u00e9 R$ 25,00.<\/p>\n","protected":false},"author":1,"featured_media":15435,"comment_status":"closed","ping_status":"closed","sticky":false,"template":"","format":"standard","meta":{"footnotes":""},"categories":[100],"tags":[1015,1018,646,806,1017,1016],"class_list":["post-15433","post","type-post","status-publish","format-standard","has-post-thumbnail","hentry","category-noticias-diocesanas","tag-acao-entre-amigos","tag-bilhete","tag-jubileu-de-diamante","tag-jubileu-dos-60-anos-da-diocese","tag-moto-0km","tag-sorteio"],"_links":{"self":[{"href":"https:\/\/dioceseteixeiradefreitas.com.br\/index.php?rest_route=\/wp\/v2\/posts\/15433","targetHints":{"allow":["GET"]}}],"collection":[{"href":"https:\/\/dioceseteixeiradefreitas.com.br\/index.php?rest_route=\/wp\/v2\/posts"}],"about":[{"href":"https:\/\/dioceseteixeiradefreitas.com.br\/index.php?rest_route=\/wp\/v2\/types\/post"}],"author":[{"embeddable":true,"href":"https:\/\/dioceseteixeiradefreitas.com.br\/index.php?rest_route=\/wp\/v2\/users\/1"}],"replies":[{"embeddable":true,"href":"https:\/\/dioceseteixeiradefreitas.com.br\/index.php?rest_route=%2Fwp%2Fv2%2Fcomments&post=15433"}],"version-history":[{"count":2,"href":"https:\/\/dioceseteixeiradefreitas.com.br\/index.php?rest_route=\/wp\/v2\/posts\/15433\/revisions"}],"predecessor-version":[{"id":15437,"href":"https:\/\/dioceseteixeiradefreitas.com.br\/index.php?rest_route=\/wp\/v2\/posts\/15433\/revisions\/15437"}],"wp:featuredmedia":[{"embeddable":true,"href":"https:\/\/dioceseteixeiradefreitas.com.br\/index.php?rest_route=\/wp\/v2\/media\/15435"}],"wp:attachment":[{"href":"https:\/\/dioceseteixeiradefreitas.com.br\/index.php?rest_route=%2Fwp%2Fv2%2Fmedia&parent=15433"}],"wp:term":[{"taxonomy":"category","embeddable":true,"href":"https:\/\/dioceseteixeiradefreitas.com.br\/index.php?rest_route=%2Fwp%2Fv2%2Fcategories&post=15433"},{"taxonomy":"post_tag","embeddable":true,"href":"https:\/\/dioceseteixeiradefreitas.com.br\/index.php?rest_route=%2Fwp%2Fv2%2Ftags&post=15433"}],"curies":[{"name":"wp","href":"https:\/\/api.w.org\/{rel}","templated":true}]}}